{"id":99000,"date":"2025-11-24T19:13:11","date_gmt":"2025-11-24T19:13:11","guid":{"rendered":"https:\/\/www.europesays.com\/fi\/99000\/"},"modified":"2025-11-24T19:13:11","modified_gmt":"2025-11-24T19:13:11","slug":"suomi-joutumassa-eun-tarkkailuluokalle-liian-ison-alijaaman-takia-sdpn-joona-rasanen-aarimmaisen-noloa","status":"publish","type":"post","link":"https:\/\/www.europesays.com\/fi\/99000\/","title":{"rendered":"Suomi joutumassa EU:n tarkkailuluokalle liian ison alij\u00e4\u00e4m\u00e4n takia \u2013 Sdp:n Joona R\u00e4s\u00e4nen: \u201d\u00c4\u00e4rimm\u00e4isen noloa\u201d"},"content":{"rendered":"<p>Kansanedustaja Ville Valkosen mukaan heikon taloustilanteen kanssa kamppailuun tarvitaan \u201dtalvisodan henke\u00e4\u201d.<\/p>\n<p>Lue tiivistelm\u00e4<\/p>\n<p>Tiivistelm\u00e4 on teko\u00e4lyn tekem\u00e4 ja ihmisen tarkistama.<\/p>\n<p class=\"article-body mb-nof-24 px-nof-16 sndp-summary-bullet-point-font\">Euroopan komissio esitt\u00e4\u00e4 tiistaina, joutuuko Suomi EU:n tarkkailuluokalle eli liiallisen alij\u00e4\u00e4m\u00e4n menettelyyn.<\/p>\n<p class=\"article-body mb-nof-24 px-nof-16 sndp-summary-bullet-point-font\">Suomen julkisen talouden alij\u00e4\u00e4m\u00e4 on ylitt\u00e4nyt sallitun kolmen prosentin rajan suhteessa bruttokansantuotteeseen vuosina 2023 ja 2024.<\/p>\n<p class=\"article-body mb-nof-24 px-nof-16 sndp-summary-bullet-point-font\">Kansanedustaja Ville Valkonen kokoomuksesta sanoo, ett\u00e4 alij\u00e4\u00e4m\u00e4menettelyyn joutuminen on vakava askel, joka kertoo luottamuksen horjumisesta Suomen taloudenpitoon.<\/p>\n<p class=\"article-body mb-nof-24 px-nof-16 sndp-summary-bullet-point-font\">Tarkkailuluokka tarkoittaisi, ett\u00e4 EU ehdottaa Suomelle polkua alij\u00e4\u00e4m\u00e4n korjaamiseksi, mutta toimet olisivat pitk\u00e4lti Suomen itsens\u00e4 p\u00e4\u00e4tett\u00e4viss\u00e4.<\/p>\n<p class=\"article-body mb-nof-24 px-nof-16\">Tiistaina ratkeaa, esitt\u00e4\u00e4k\u00f6 Euroopan komissio Suomen joutumista EU:n tarkkailuluokalle eli niin sanottuun liiallisen alij\u00e4\u00e4m\u00e4n menettelyyn.<\/p>\n<p class=\"article-body mb-nof-24 px-nof-16\">\u2013 Alij\u00e4\u00e4m\u00e4menettelyyn joutuminen on eritt\u00e4in vakava askel, joka kertoo siit\u00e4, ett\u00e4 luottamus Suomen taloudenpitoon horjuu Euroopassa, kansanedustaja <a class=\"article-personlink\" href=\"https:\/\/www.is.fi\/haku\/?query=Ville%20Valkonen\" rel=\"nofollow noopener\" target=\"_blank\">Ville Valkonen<\/a> (kok) sanoo.<\/p>\n<p class=\"article-body mb-nof-24 px-nof-16\">\u2013 Kyll\u00e4h\u00e4n t\u00e4m\u00e4 on \u00e4\u00e4rimm\u00e4isen noloa, koska Suomi on yleens\u00e4 muiden valtioiden kehityst\u00e4 hanakasti kommentoinut. Kyll\u00e4h\u00e4n t\u00e4m\u00e4 on osoitus siit\u00e4, ett\u00e4 valittu finanssipolitiikka ei ole toiminut, kansanedustaja <a class=\"article-personlink\" href=\"https:\/\/www.is.fi\/haku\/?query=Joona%20R%C3%A4s%C3%A4nen\" rel=\"nofollow noopener\" target=\"_blank\">Joona R\u00e4s\u00e4nen<\/a> (sd) kritisoi.<\/p>\n<p><img decoding=\"async\" src=\"https:\/\/www.europesays.com\/fi\/wp-content\/uploads\/2025\/11\/1764011590_175_468.jpg\" alt=\"Hallitus on pyrkinyt v\u00e4ltt\u00e4m\u00e4\u00e4n t\u00e4h\u00e4n menness\u00e4 EU:n alij\u00e4\u00e4m\u00e4menettely\u00e4 viimeiseen asti.\" class=\"_Img_1rerz_1\" style=\"aspect-ratio:1.7777777777777777\" loading=\"eager\"\/><\/p>\n<p class=\"article-picture-caption\">Hallitus on pyrkinyt v\u00e4ltt\u00e4m\u00e4\u00e4n t\u00e4h\u00e4n menness\u00e4 EU:n alij\u00e4\u00e4m\u00e4menettely\u00e4 viimeiseen asti. Kuva:\u00a0HEIKKI SAUKKOMAA \/ Lehtikuva<\/p>\n<p class=\"article-body mb-nof-24 px-nof-16\">Suomen julkisen talouden alij\u00e4\u00e4m\u00e4 on ylitt\u00e4nyt nelj\u00e4 prosenttia suhteessa bruttokansantuotteeseen vuosina 2023 ja 2024.<\/p>\n<p class=\"article-body mb-nof-24 px-nof-16\">Ensi vuodelle komissio ennustaa Suomen alij\u00e4\u00e4m\u00e4ksi tasan nelj\u00e4\u00e4 prosenttia. Sallittu raja on kolme prosenttia suhteessa bruttokansantuotteeseen.<\/p>\n<p class=\"article-body mb-nof-24 px-nof-16\">\u2013 Suomen alij\u00e4\u00e4m\u00e4 on sen verran korkea, ett\u00e4 viitearvon ylityst\u00e4 ei pysty selitt\u00e4m\u00e4\u00e4n puolustusmenojen kasvulla niin kuin kev\u00e4\u00e4ll\u00e4 viel\u00e4 pystyttiin, valtiovarainministeri\u00f6n EU- ja kansainv\u00e4listen asioiden yksik\u00f6n p\u00e4\u00e4llikk\u00f6 <a class=\"article-personlink\" href=\"https:\/\/www.is.fi\/haku\/?query=Marketta%20Henriksson\" rel=\"nofollow noopener\" target=\"_blank\">Marketta Henriksson<\/a> sanoo.<\/p>\n<p class=\"article-body mb-nof-24 px-nof-16\">Alij\u00e4\u00e4m\u00e4menettely ja nettomenopolku vaativat Euroopan raha-asianneuvoston Ecofinin p\u00e4\u00e4t\u00f6ksen, josta p\u00e4\u00e4tet\u00e4\u00e4n tammikuussa. Ecofinissa edustettuna ovat EU:n j\u00e4senmaat.<\/p>\n<p class=\"article-body mb-nof-24 px-nof-16\">Valkosen mukaan tarkkailuluokka on pys\u00e4htymisen paikka.<\/p>\n<p class=\"article-body mb-nof-24 px-nof-16\">\u2013 Ilmiselv\u00e4\u00e4 on, ett\u00e4 n\u00e4in nopea velkaantuminen on uhka yhteiskuntamme kest\u00e4v\u00e4lle hyvinvoinnille. Joka tapauksessa my\u00f6s ilman EU:ta Suomen pit\u00e4isi n\u00e4it\u00e4 tervehdytt\u00e4vi\u00e4 toimia tehd\u00e4 eritt\u00e4in paljon.<\/p>\n<p class=\"article-body mb-nof-24 px-nof-16\">\u2013 On t\u00e4rkeint\u00e4 huomata, ett\u00e4 emme me t\u00e4t\u00e4 Brysselin herrojen ja rouvien takia tehd\u00e4 vaan sen takia, ett\u00e4 hyvinvointiyhteiskunta s\u00e4ilyisi pystyss\u00e4 tuleville sukupolville, R\u00e4s\u00e4nen toteaa.<\/p>\n<p><img decoding=\"async\" src=\"https:\/\/www.europesays.com\/fi\/wp-content\/uploads\/2025\/11\/1764011590_931_468.jpg\" alt=\"Sdp:n kansanedustaja Joona R\u00e4s\u00e4nen\" class=\"_Img_1rerz_1\" style=\"aspect-ratio:1.5011727912431587\" loading=\"eager\"\/><\/p>\n<p class=\"article-picture-caption\">Sdp:n kansanedustaja Joona R\u00e4s\u00e4nen Kuva:\u00a0EMMI KORHONEN \/ Lehtikuva<\/p>\n<p class=\"article-body mb-nof-24 px-nof-16\">Tarkkailuluokka tarkoittaa, ett\u00e4 EU ehdottaa Suomelle niin sanottua nettomenopolkua eli aikataulua alij\u00e4\u00e4m\u00e4n kattamiseksi.<\/p>\n<p class=\"article-body mb-nof-24 px-nof-16\">Samalla m\u00e4\u00e4ritell\u00e4\u00e4n vuosi, johon menness\u00e4 alij\u00e4\u00e4m\u00e4n pit\u00e4isi painua alle kolmeen prosenttiin bkt:sta. Menopolusta saataneen lis\u00e4\u00e4 tietoa joulukuussa.<\/p>\n<p class=\"article-body mb-nof-24 px-nof-16\">\u2013 Toimet ovat pitk\u00e4lti meid\u00e4n itsemme p\u00e4\u00e4tett\u00e4viss\u00e4. Periaatteessa olisi mahdollista, ett\u00e4 siell\u00e4 jotain konkreettisia toimia olisi m\u00e4\u00e4ritelty. Menettelyss\u00e4 olevilla mailla n\u00e4ytt\u00e4isi olleen t\u00e4lt\u00e4 osin sama teksti.<\/p>\n<p class=\"article-body mb-nof-24 px-nof-16\">Alij\u00e4\u00e4m\u00e4menettelyss\u00e4 on nyt yhdeks\u00e4n maata: It\u00e4valta, Belgia, Ranska, Italia, Unkari, Malta, Puola, Slovakia ja Romania. Joukon jatkoksi joutumista Henriksson ei pid\u00e4 kovin vakavana.<\/p>\n<p class=\"article-body mb-nof-24 px-nof-16\">Henrikssonin mukaan on yksitt\u00e4ist\u00e4 vuotta olennaisempaa, ett\u00e4 julkinen talous menee oikeaan suuntaan. Komissio seuraa menopolkua puolen vuoden v\u00e4lein.<\/p>\n<p class=\"article-body mb-nof-24 px-nof-16\">Seurauksia voi tulla, jos komissio ei katsoisi Suomen sopeutustoimia riitt\u00e4viksi. Jos Suomi ei pysyisi m\u00e4\u00e4r\u00e4tyll\u00e4 polulla, ensin luvassa on Henrikssonin mukaan \u201dvoimakkaampia kehotuksia\u201d.<\/p>\n<p class=\"article-body mb-nof-24 px-nof-16\">\u2013 \u00c4\u00e4rimm\u00e4isess\u00e4 tilanteessa on mahdollisuus sanktioihin, kuten sakkoja ja rahastojen maksatusten pid\u00e4tyksi\u00e4. Ne ovat aika ep\u00e4todenn\u00e4k\u00f6isi\u00e4.<\/p>\n<p class=\"article-body mb-nof-24 px-nof-16\">Markkinoilta voi tulla reaktio, joka vaikuttaa Suomen velan korkoihin.<\/p>\n<p class=\"article-body mb-nof-24 px-nof-16\">\u2013 En usko, ett\u00e4 t\u00e4ll\u00e4 konkreettisesti hirve\u00e4n dramaattisia vaikutuksia on. Enemm\u00e4n t\u00e4m\u00e4 on imagollinen haitta, R\u00e4s\u00e4nen n\u00e4kee.<\/p>\n<p class=\"article-body mb-nof-24 px-nof-16\">\u2013 Se, ett\u00e4 olemme n\u00e4in haastavassa asetelmassa, ei kuitenkaan tarkoita mit\u00e4\u00e4n dramaattista \u00e4kkipys\u00e4hdyst\u00e4. Meill\u00e4 on mahdollisuus sopeuttaa menot kest\u00e4v\u00e4lle tasolle ihan suunnitellusti, Valkonen painottaa.<\/p>\n<p><img decoding=\"async\" src=\"https:\/\/www.europesays.com\/fi\/wp-content\/uploads\/2025\/11\/1764011591_718_468.jpg\" alt=\"Ville Valkonen muistuttaa, ett\u00e4 kuluttajien heikon luottamuksen taustalla on osin Ukrainan sota.\" class=\"_Img_1rerz_1\" style=\"aspect-ratio:1.7777777777777777\" loading=\"eager\"\/><\/p>\n<p class=\"article-picture-caption\">Ville Valkonen muistuttaa, ett\u00e4 kuluttajien heikon luottamuksen taustalla on osin Ukrainan sota. Kuva:\u00a0Seppo K\u00e4rki \/ IS<\/p>\n<p class=\"article-body mb-nof-24 px-nof-16\">Valkosen mukaan kuluttajien heikkoon luottamukseen Suomessa ovat vaikuttaneet ennen kaikkea ulkoiset shokit.<\/p>\n<p class=\"article-body mb-nof-24 px-nof-16\">H\u00e4n muistuttaa, ett\u00e4 hallitus on sopinut yhteens\u00e4 kymmenen miljardin euron sopeutuksista. Kaikki sopeutukset eiv\u00e4t ole sellaisinaan toteutuneet.<\/p>\n<p class=\"article-body mb-nof-24 px-nof-16\">\u2013 Edelleen n\u00e4kyy se, ett\u00e4 suomalaisten luottamusta tulevaisuuteen varjostaa Ven\u00e4j\u00e4n hy\u00f6kk\u00e4yssota. Se on hyvin matalalla tasolla edelleen verrattuna siihen, mit\u00e4 se olisi ilman hy\u00f6kk\u00e4yssotaa.<\/p>\n<p class=\"article-body mb-nof-24 px-nof-16\">Pit\u00e4isik\u00f6 ensi vuonna sopeuttaa lis\u00e4\u00e4?<\/p>\n<p class=\"article-body mb-nof-24 px-nof-16\">\u2013 Meid\u00e4n ei kannata h\u00e4tik\u00f6iden tehd\u00e4 mit\u00e4\u00e4n. T\u00e4m\u00e4 on niin ison mittaluokan kysymys Suomelle. T\u00e4m\u00e4 v\u00e4\u00e4j\u00e4\u00e4m\u00e4tt\u00e4 koskettaa syvi\u00e4 yhteiskunnan rakenteita. Silloin on hyv\u00e4 mietti\u00e4 pitk\u00e4j\u00e4nteisesti ja harkiten ratkaisuja, joita tullaan tekem\u00e4\u00e4n.<\/p>\n<p class=\"article-body mb-nof-24 px-nof-16\">R\u00e4s\u00e4nen huomauttaa, ett\u00e4 Suomen talouden- ja ty\u00f6llisyyden kehitys kuuluu huonoimpien joukkoon EU:ssa.<\/p>\n<p class=\"article-body mb-nof-24 px-nof-16\">Pitk\u00e4\u00e4n Suomi ei v\u00e4ltt\u00e4m\u00e4tt\u00e4 alij\u00e4\u00e4m\u00e4menettelyss\u00e4 ole. Henrikssonin mukaan alij\u00e4\u00e4m\u00e4menettely tuskin kest\u00e4\u00e4 koko ensi vaalikautta.<\/p>\n<p class=\"article-body mb-nof-24 px-nof-16\">\u2013 Varmasti sielt\u00e4 pit\u00e4\u00e4 aikaisemmin p\u00e4\u00e4st\u00e4 ulos. Loppuvaalikauden sopeutus m\u00e4\u00e4r\u00e4ytyy vasta my\u00f6hemm\u00e4ss\u00e4 vaiheessa.<\/p>\n<p class=\"article-body mb-nof-24 px-nof-16\">Valkonen painottaa, ett\u00e4 isosta urakasta huolimatta Suomi selvi\u00e4\u00e4 tarkkailuluokastakin.<\/p>\n<p class=\"article-body mb-nof-24 px-nof-16\">\u2013 Se vie aikaa ja vaatii p\u00e4\u00e4tt\u00e4v\u00e4isyytt\u00e4. Talvisodan henke\u00e4kin varmaan jonkun verran tarvitaan, mutta kyll\u00e4 me t\u00e4st\u00e4 selvi\u00e4mme.<\/p>\n","protected":false},"excerpt":{"rendered":"Kansanedustaja Ville Valkosen mukaan heikon taloustilanteen kanssa kamppailuun tarvitaan \u201dtalvisodan henke\u00e4\u201d. Lue tiivistelm\u00e4 Tiivistelm\u00e4 on teko\u00e4lyn tekem\u00e4 ja&hellip;\n","protected":false},"author":2,"featured_media":99001,"comment_status":"","ping_status":"","sticky":false,"template":"","format":"standard","meta":{"footnotes":""},"categories":[12],"tags":[22,23,26,27,33,31,30,17,34,24,25,28,29,15,18,21,32,19,20,16],"class_list":{"0":"post-99000","1":"post","2":"type-post","3":"status-publish","4":"format-standard","5":"has-post-thumbnail","7":"category-suomi","8":"tag-breaking-news","9":"tag-breakingnews","10":"tag-featured-news","11":"tag-featurednews","12":"tag-fi","13":"tag-finland","14":"tag-finnish","15":"tag-headlines","16":"tag-ilta-sanomat","17":"tag-latest-news","18":"tag-latestnews","19":"tag-main-news","20":"tag-mainnews","21":"tag-news","22":"tag-otsikot","23":"tag-paauutiset","24":"tag-suomi","25":"tag-top-stories","26":"tag-topstories","27":"tag-uutiset"},"share_on_mastodon":{"url":"https:\/\/pubeurope.com\/@fi\/115606271542291306","error":""},"_links":{"self":[{"href":"https:\/\/www.europesays.com\/fi\/wp-json\/wp\/v2\/posts\/99000","targetHints":{"allow":["GET"]}}],"collection":[{"href":"https:\/\/www.europesays.com\/fi\/wp-json\/wp\/v2\/posts"}],"about":[{"href":"https:\/\/www.europesays.com\/fi\/wp-json\/wp\/v2\/types\/post"}],"author":[{"embeddable":true,"href":"https:\/\/www.europesays.com\/fi\/wp-json\/wp\/v2\/users\/2"}],"replies":[{"embeddable":true,"href":"https:\/\/www.europesays.com\/fi\/wp-json\/wp\/v2\/comments?post=99000"}],"version-history":[{"count":0,"href":"https:\/\/www.europesays.com\/fi\/wp-json\/wp\/v2\/posts\/99000\/revisions"}],"wp:featuredmedia":[{"embeddable":true,"href":"https:\/\/www.europesays.com\/fi\/wp-json\/wp\/v2\/media\/99001"}],"wp:attachment":[{"href":"https:\/\/www.europesays.com\/fi\/wp-json\/wp\/v2\/media?parent=99000"}],"wp:term":[{"taxonomy":"category","embeddable":true,"href":"https:\/\/www.europesays.com\/fi\/wp-json\/wp\/v2\/categories?post=99000"},{"taxonomy":"post_tag","embeddable":true,"href":"https:\/\/www.europesays.com\/fi\/wp-json\/wp\/v2\/tags?post=99000"}],"curies":[{"name":"wp","href":"https:\/\/api.w.org\/{rel}","templated":true}]}}