{"id":99020,"date":"2025-11-24T19:53:08","date_gmt":"2025-11-24T19:53:08","guid":{"rendered":"https:\/\/www.europesays.com\/fi\/99020\/"},"modified":"2025-11-24T19:53:08","modified_gmt":"2025-11-24T19:53:08","slug":"johannes-lahtela-julkaisi-kuvan-vauvastaan-tallaisen-nimen-han-sai","status":"publish","type":"post","link":"https:\/\/www.europesays.com\/fi\/99020\/","title":{"rendered":"Johannes Lahtela julkaisi kuvan vauvastaan &#8211; t\u00e4llaisen nimen h\u00e4n sai"},"content":{"rendered":"<p class=\"article-content article-content-width !bg-background\">N\u00e4yttelij\u00e4 ja kirjailija <a alt=\"Haku\" class=\"text-primary-red font-extrabold\" href=\"https:\/\/www.seiska.fi\/haku?q=Johannes Lahtela\" rel=\"nofollow noopener\" target=\"_blank\">Johannes Lahtela<\/a>, 49, toivotti puolisonsa kanssa odotetun vauvan tervetulleeksi maailmaan.<\/p>\n<p class=\"font-weight-bold m-font-weight-bold article-content article-content-width !bg-background\">Johannes Lahtela kertoo vaaliteemoistaan:<\/p>\n<p class=\"article-content article-content-width !bg-background\">Johannes julkaisi pienokaisestaan kuvan viikonvaihteessa somekanavilleen. Valokuvassa vauva makaa unisena kapaloihin k\u00e4\u00e4rittyn\u00e4.<\/p>\n<p class=\"article-content article-content-width !bg-background\">\u2013 Giden hengess\u00e4; Lukas Lahtela on nyt kanssamme, Johannes kirjoittaa p\u00e4ivityksess\u00e4\u00e4n.<\/p>\n<p class=\"article-content article-content-width !bg-background\">Nimi Lukas tulee kreikkalaisper\u00e4isest\u00e4 nimest\u00e4 Loukas,\u00a0joka tarkoittaa Etel\u00e4-Italiassa sijaitsevan Lucanian maakunnan asukasta. Nimell\u00e4 on my\u00f6s yhteys kristinuskoon. Raamatusta l\u00f6ytyy muun muassa Luukkaan evankeliumi.<\/p>\n<p class=\"italic m-italic article-content article-content-width !bg-background\">\u2013\u00a0Jenny teki uroteon. (syd\u00e4n) Meille syntyi terve poika! (syd\u00e4n) \u201dThe greatest happiness is to love out loud.\u201d Andr\u00e9 Gide.<\/p>\n<p class=\"article-content article-content-width !bg-background\">Johannes on entinen ortodoksipappi, joka joutui avioeronsa my\u00f6t\u00e4 eroamaan my\u00f6s papin teht\u00e4v\u00e4st\u00e4\u00e4n.<\/p>\n<p class=\"article-content article-content-width !bg-background\">Johanneksen ja h\u00e4nen entisen vaimonsa <a alt=\"Haku\" class=\"text-primary-red font-extrabold\" href=\"https:\/\/www.seiska.fi\/haku?q=Anna-Leena Sipil\u00e4n\" rel=\"nofollow noopener\" target=\"_blank\">Anna-Leena Sipil\u00e4n<\/a> l\u00e4hes 20 vuoden liitto p\u00e4\u00e4ttyi vuonna 2023.<\/p>\n<p class=\"article-content article-content-width !bg-background\">T\u00e4m\u00e4n j\u00e4lkeen Johannes l\u00f6ysi el\u00e4m\u00e4\u00e4ns\u00e4 <a alt=\"Haku\" class=\"text-primary-red font-extrabold\" href=\"https:\/\/www.seiska.fi\/haku?q=Jennyn\" rel=\"nofollow noopener\" target=\"_blank\">Jennyn<\/a>, jonka kanssa h\u00e4n ilmoitti odottavansa vauvaa.<\/p>\n<p class=\"article-content article-content-width !bg-background\">Johannes ja Jenny ovat menneet my\u00f6s naimisiin. H\u00e4it\u00e4 juhlitiin Helsingiss\u00e4, Uspenskin katedraalissa syyskuussa.<\/p>\n","protected":false},"excerpt":{"rendered":"N\u00e4yttelij\u00e4 ja kirjailija Johannes Lahtela, 49, toivotti puolisonsa kanssa odotetun vauvan tervetulleeksi maailmaan. Johannes Lahtela kertoo vaaliteemoistaan: Johannes&hellip;\n","protected":false},"author":2,"featured_media":99021,"comment_status":"","ping_status":"","sticky":false,"template":"","format":"standard","meta":{"footnotes":""},"categories":[136],"tags":[407,137,1664,33,31,30,1208,10015,10014,408,19139,98,2443,32,10016,1461,109],"class_list":{"0":"post-99020","1":"post","2":"type-post","3":"status-publish","4":"format-standard","5":"has-post-thumbnail","7":"category-julkkikset","8":"tag-celebrities","9":"tag-entertainment","10":"tag-ero","11":"tag-fi","12":"tag-finland","13":"tag-finnish","14":"tag-haat","15":"tag-jenny-rakas","16":"tag-johannes-lahtela","17":"tag-julkkikset","18":"tag-lukas-lahtela","19":"tag-perhe","20":"tag-raskaus","21":"tag-suomi","22":"tag-uspenskin-katedraali","23":"tag-vauva","24":"tag-viihde"},"share_on_mastodon":{"url":"https:\/\/pubeurope.com\/@fi\/115606428304599519","error":""},"_links":{"self":[{"href":"https:\/\/www.europesays.com\/fi\/wp-json\/wp\/v2\/posts\/99020","targetHints":{"allow":["GET"]}}],"collection":[{"href":"https:\/\/www.europesays.com\/fi\/wp-json\/wp\/v2\/posts"}],"about":[{"href":"https:\/\/www.europesays.com\/fi\/wp-json\/wp\/v2\/types\/post"}],"author":[{"embeddable":true,"href":"https:\/\/www.europesays.com\/fi\/wp-json\/wp\/v2\/users\/2"}],"replies":[{"embeddable":true,"href":"https:\/\/www.europesays.com\/fi\/wp-json\/wp\/v2\/comments?post=99020"}],"version-history":[{"count":0,"href":"https:\/\/www.europesays.com\/fi\/wp-json\/wp\/v2\/posts\/99020\/revisions"}],"wp:featuredmedia":[{"embeddable":true,"href":"https:\/\/www.europesays.com\/fi\/wp-json\/wp\/v2\/media\/99021"}],"wp:attachment":[{"href":"https:\/\/www.europesays.com\/fi\/wp-json\/wp\/v2\/media?parent=99020"}],"wp:term":[{"taxonomy":"category","embeddable":true,"href":"https:\/\/www.europesays.com\/fi\/wp-json\/wp\/v2\/categories?post=99020"},{"taxonomy":"post_tag","embeddable":true,"href":"https:\/\/www.europesays.com\/fi\/wp-json\/wp\/v2\/tags?post=99020"}],"curies":[{"name":"wp","href":"https:\/\/api.w.org\/{rel}","templated":true}]}}