{"id":99038,"date":"2025-11-24T20:23:13","date_gmt":"2025-11-24T20:23:13","guid":{"rendered":"https:\/\/www.europesays.com\/fi\/99038\/"},"modified":"2025-11-24T20:23:13","modified_gmt":"2025-11-24T20:23:13","slug":"katsotaanpa-kenelle-kellot-soivat-metallica-esittelee-nykykuntoaan-tuoreella-livevideolla","status":"publish","type":"post","link":"https:\/\/www.europesays.com\/fi\/99038\/","title":{"rendered":"Katsotaanpa kenelle kellot soivat &#8211; Metallica esittelee nykykuntoaan tuoreella livevideolla"},"content":{"rendered":"<p>M72-maailmankiertueella rehkiv\u00e4 Metallica keikkaili vastik\u00e4\u00e4n ymp\u00e4ri Australiaa. Reissun j\u00e4ljilt\u00e4 yhtyeell\u00e4 onkin sitten t\u00e4n\u00e4 vuonna j\u00e4ljell\u00e4 en\u00e4\u00e4 kaksi keikkaa: toinen Uuden-Seelannin Aucklandissa ja viimeinen Qatarin Dohassa.<\/p>\n<p>Yhtye on tapojensa mukaisesti julkaissut Youtube-kanavallaan valittuja paloja viimeisimpien keikkojensa varrelta. N\u00e4ist\u00e4 tuoreimmassa palataan marraskuun alkuun Melbournessa sijaitsevalle Marvel Stadiumille. P\u00e4tk\u00e4ll\u00e4 b\u00e4ndin k\u00e4sittelyss\u00e4 on vanha kunnon For Whom the Bell Tolls.<\/p>\n<p>Katso video alta.<\/p>\n<p><img loading=\"lazy\" decoding=\"async\" alt=\"YouTube video\" width=\"480\" height=\"360\" data-pin-nopin=\"true\" nopin=\"nopin\" class=\"perfmatters-lazy\" src=\"https:\/\/www.europesays.com\/fi\/wp-content\/uploads\/2025\/11\/1764015793_132_hqdefault.jpg\"\/><\/p>\n<p>Lue my\u00f6s: <a href=\"https:\/\/www.soundi.fi\/uutiset\/metallican-karavaani-kulkee-nyt-australiassa-nain-irtosi-mustan-levyn-tuotanto-perthissa\/\" title=\"Metallican karavaani kulkee nyt Australiassa \u2013 n\u00e4in irtosi Mustan levyn tuotanto Perthiss\u00e4\" class=\"underline-custom !font-montserrat !font-bold !underline-offset-4 !decoration-4 !decoration-tilt-light\" rel=\"nofollow noopener\" target=\"_blank\">Metallican karavaani kulkee nyt Australiassa \u2013 n\u00e4in irtosi Mustan levyn tuotanto Perthiss\u00e4<\/a><\/p>\n","protected":false},"excerpt":{"rendered":"M72-maailmankiertueella rehkiv\u00e4 Metallica keikkaili vastik\u00e4\u00e4n ymp\u00e4ri Australiaa. Reissun j\u00e4ljilt\u00e4 yhtyeell\u00e4 onkin sitten t\u00e4n\u00e4 vuonna j\u00e4ljell\u00e4 en\u00e4\u00e4 kaksi keikkaa:&hellip;\n","protected":false},"author":2,"featured_media":91681,"comment_status":"","ping_status":"","sticky":false,"template":"","format":"standard","meta":{"footnotes":""},"categories":[132],"tags":[137,33,31,30,195,47,32,109],"class_list":{"0":"post-99038","1":"post","2":"type-post","3":"status-publish","4":"format-standard","5":"has-post-thumbnail","7":"category-musiikki","8":"tag-entertainment","9":"tag-fi","10":"tag-finland","11":"tag-finnish","12":"tag-music","13":"tag-musiikki","14":"tag-suomi","15":"tag-viihde"},"share_on_mastodon":{"url":"https:\/\/pubeurope.com\/@fi\/115606546361280476","error":""},"_links":{"self":[{"href":"https:\/\/www.europesays.com\/fi\/wp-json\/wp\/v2\/posts\/99038","targetHints":{"allow":["GET"]}}],"collection":[{"href":"https:\/\/www.europesays.com\/fi\/wp-json\/wp\/v2\/posts"}],"about":[{"href":"https:\/\/www.europesays.com\/fi\/wp-json\/wp\/v2\/types\/post"}],"author":[{"embeddable":true,"href":"https:\/\/www.europesays.com\/fi\/wp-json\/wp\/v2\/users\/2"}],"replies":[{"embeddable":true,"href":"https:\/\/www.europesays.com\/fi\/wp-json\/wp\/v2\/comments?post=99038"}],"version-history":[{"count":0,"href":"https:\/\/www.europesays.com\/fi\/wp-json\/wp\/v2\/posts\/99038\/revisions"}],"wp:featuredmedia":[{"embeddable":true,"href":"https:\/\/www.europesays.com\/fi\/wp-json\/wp\/v2\/media\/91681"}],"wp:attachment":[{"href":"https:\/\/www.europesays.com\/fi\/wp-json\/wp\/v2\/media?parent=99038"}],"wp:term":[{"taxonomy":"category","embeddable":true,"href":"https:\/\/www.europesays.com\/fi\/wp-json\/wp\/v2\/categories?post=99038"},{"taxonomy":"post_tag","embeddable":true,"href":"https:\/\/www.europesays.com\/fi\/wp-json\/wp\/v2\/tags?post=99038"}],"curies":[{"name":"wp","href":"https:\/\/api.w.org\/{rel}","templated":true}]}}