{"id":99039,"date":"2025-11-24T20:26:09","date_gmt":"2025-11-24T20:26:09","guid":{"rendered":"https:\/\/www.europesays.com\/fi\/99039\/"},"modified":"2025-11-24T20:26:09","modified_gmt":"2025-11-24T20:26:09","slug":"f1-lando-norris-arahti-max-verstappenille","status":"publish","type":"post","link":"https:\/\/www.europesays.com\/fi\/99039\/","title":{"rendered":"F1: Lando Norris \u00e4r\u00e4hti Max Verstappenille"},"content":{"rendered":"<p>Formula ykk\u00f6sten McLarenin Lando Norris latasi suorat sanat Red Bullin Max Verstappenin toiminnasta Las Vegasin GP:ss\u00e4.<\/p>\n<p>Lue my\u00f6s: <a class=\"underline\" data-testid=\"internal-link\" role=\"link\" data-sentry-element=\"Link\" data-sentry-component=\"InternalLink\" data-sentry-source-file=\"InternalLink.tsx\" href=\"https:\/\/www.mtvuutiset.fi\/artikkeli\/max-verstappen-halusi-matkia-kalle-rovanperaa-jos-isa-torppasi-aikeet\/9259984\" rel=\"nofollow noopener\" target=\"_blank\">Max Verstappen halusi matkia Kalle Rovanper\u00e4\u00e4 \u2013 Jos-is\u00e4 torppasi aikeet<\/a>Lue my\u00f6s: <a class=\"underline\" data-testid=\"internal-link\" role=\"link\" data-sentry-element=\"Link\" data-sentry-component=\"InternalLink\" data-sentry-source-file=\"InternalLink.tsx\" href=\"https:\/\/www.mtvuutiset.fi\/artikkeli\/hylatty-mclaren-perusteli-fia-rike-tahaton\/9259894\" rel=\"nofollow noopener\" target=\"_blank\">Hyl\u00e4tty McLaren perusteli \u2013 FIA: Rike tahaton<\/a><\/p>\n<p>Formula ykk\u00f6sten kuljettajien MM-sarjan mestaruustaisto kiihtyi entisest\u00e4\u00e4n, kun sijoilla 1. ja 2. olevat McLarenin Norris ja tiimikaveri <strong class=\"typography-bold\">Oscar Piastri<\/strong> hyl\u00e4ttiin. Verstappen kiitti ja otti Norrista kiinni 25 pisteell\u00e4 ennen kahta viimeist\u00e4 osakilpailua.<\/p>\n<p>Kisan startissa Verstappen p\u00e4\u00e4si Norrisista ohi t\u00e4m\u00e4n ajettua pitk\u00e4ksi, eik\u00e4 en\u00e4\u00e4 antanut britille mahdollisuuksia. Norrisin huonon l\u00e4hd\u00f6n syyn\u00e4 saattoi olla viile\u00e4t renkaat, mik\u00e4 johtui mahdollisesti l\u00e4mmittelykierroksella n\u00e4hdyst\u00e4 episodista.<\/p>\n<p>\u2013 H\u00e4n vi***ilee tuolla suurella v\u00e4lill\u00e4. Tuo on paljon enemm\u00e4n kuin on sallittua. Ei voi tehd\u00e4 noin, se on kymmenen autonmittaa, Norris avautui tiimiradiossa l\u00e4mmittelykierroksen tapahtumista.<\/p>\n<p>Tilanteella ei ollut lopulta merkityst\u00e4, koska tuomariston mukaan McLarenit rikkoivat pohjalevyn kulumaa koskevaa s\u00e4\u00e4nt\u00f6\u00e4 ja molemmat hyl\u00e4ttiin.\u00a0<\/p>\n","protected":false},"excerpt":{"rendered":"Formula ykk\u00f6sten McLarenin Lando Norris latasi suorat sanat Red Bullin Max Verstappenin toiminnasta Las Vegasin GP:ss\u00e4. Lue my\u00f6s:&hellip;\n","protected":false},"author":2,"featured_media":99040,"comment_status":"","ping_status":"","sticky":false,"template":"","format":"standard","meta":{"footnotes":""},"categories":[158],"tags":[33,31,30,159,32,160],"class_list":{"0":"post-99039","1":"post","2":"type-post","3":"status-publish","4":"format-standard","5":"has-post-thumbnail","7":"category-urheilu","8":"tag-fi","9":"tag-finland","10":"tag-finnish","11":"tag-sports","12":"tag-suomi","13":"tag-urheilu"},"share_on_mastodon":{"url":"https:\/\/pubeurope.com\/@fi\/115606558192240956","error":""},"_links":{"self":[{"href":"https:\/\/www.europesays.com\/fi\/wp-json\/wp\/v2\/posts\/99039","targetHints":{"allow":["GET"]}}],"collection":[{"href":"https:\/\/www.europesays.com\/fi\/wp-json\/wp\/v2\/posts"}],"about":[{"href":"https:\/\/www.europesays.com\/fi\/wp-json\/wp\/v2\/types\/post"}],"author":[{"embeddable":true,"href":"https:\/\/www.europesays.com\/fi\/wp-json\/wp\/v2\/users\/2"}],"replies":[{"embeddable":true,"href":"https:\/\/www.europesays.com\/fi\/wp-json\/wp\/v2\/comments?post=99039"}],"version-history":[{"count":0,"href":"https:\/\/www.europesays.com\/fi\/wp-json\/wp\/v2\/posts\/99039\/revisions"}],"wp:featuredmedia":[{"embeddable":true,"href":"https:\/\/www.europesays.com\/fi\/wp-json\/wp\/v2\/media\/99040"}],"wp:attachment":[{"href":"https:\/\/www.europesays.com\/fi\/wp-json\/wp\/v2\/media?parent=99039"}],"wp:term":[{"taxonomy":"category","embeddable":true,"href":"https:\/\/www.europesays.com\/fi\/wp-json\/wp\/v2\/categories?post=99039"},{"taxonomy":"post_tag","embeddable":true,"href":"https:\/\/www.europesays.com\/fi\/wp-json\/wp\/v2\/tags?post=99039"}],"curies":[{"name":"wp","href":"https:\/\/api.w.org\/{rel}","templated":true}]}}