{"id":99041,"date":"2025-11-24T20:27:09","date_gmt":"2025-11-24T20:27:09","guid":{"rendered":"https:\/\/www.europesays.com\/fi\/99041\/"},"modified":"2025-11-24T20:27:09","modified_gmt":"2025-11-24T20:27:09","slug":"auri-kananen-kertoo-vauva-arjestaan-superhelppoo-enka-oo-vasyny","status":"publish","type":"post","link":"https:\/\/www.europesays.com\/fi\/99041\/","title":{"rendered":"Auri Kananen kertoo vauva-arjestaan: \u201dSuperhelppoo enk\u00e4 oo v\u00e4syny!\u201d"},"content":{"rendered":"<p>Siivouskuningatar <strong>Auri Kananen<\/strong> koki pitk\u00e4n synnytyksen. Unet j\u00e4iv\u00e4t sen aikana v\u00e4hille. Nyt h\u00e4n tuntuu saavan nukuttua hyvin. H\u00e4n kertoo sometarinoissaan siit\u00e4 ja muusta vauva-arjestaan. <\/p>\n<p>Lue my\u00f6s: <a href=\"https:\/\/www.como.fi\/uutiset\/auri-kananen-siivosi-kesken-synnytyksen-katso-video\/\" title=\"Auri Kananen siivosi kesken synnytyksen \u2013 katso video\" class=\"underline-custom !font-montserrat !font-bold !underline-offset-4 !decoration-4 !decoration-red-600 !text-md\" rel=\"nofollow noopener\" target=\"_blank\">Auri Kananen siivosi kesken synnytyksen \u2013 katso video<\/a><\/p>\n<p>\u2013 Rakastan, kun tulee pyykki\u00e4 koko ajan lis\u00e4\u00e4! Kiva pest\u00e4 joka p\u00e4iv\u00e4, py\u00f6riv\u00e4 kone on mun aivoille huumaa. Oon ehtinyt my\u00f6s siivoon hyvin. Sami tekee ruuan, kertoo Auri ensin.<\/p>\n<p>Aurin mukaan koko perhe on ehtinyt k\u00e4ym\u00e4\u00e4n kaupoissa, ravintoloissa, kyl\u00e4ss\u00e4 ja muissa paikoissa. N\u00e4in on k\u00e4ynyt joka p\u00e4iv\u00e4. Seuraavaksi Auri kirjoittaa nukkumisesta, joka sekin on sujunut hyvin.<\/p>\n<p>\u2013 Dallas nukkuu y\u00f6t mun vieress\u00e4. Her\u00e4t\u00e4\u00e4n 2-3 kertaa y\u00f6ss\u00e4 sy\u00f6m\u00e4\u00e4n, mut t\u00f6rkk\u00e4\u00e4n vaan tissin suuhun ja jatkan unia. Sami vaihtaa vaipat. Superhelppoo enk\u00e4 oo v\u00e4synyt! Olin varautunut ihan muuhun. Mut nukkumisesta olisi tullut hankalaa, jos olisin alusta asti yritt\u00e4ny nukuttaa yksin pinnas\u00e4nkyyn, kirjoittaa Auri.<\/p>\n<p>My\u00f6s p\u00e4\u00e4kivut ovat helpottaneet<\/p>\n<p>Auri kirjoittaa viel\u00e4, kuinka h\u00e4nen mielest\u00e4\u00e4n vastasyntynyt kuuluu \u00e4idin viereen. H\u00e4n toteaa vauvan nukkuvan siin\u00e4 parhaiten ja luonnollisesti.<\/p>\n<p>Aurin mielest\u00e4 imett\u00e4minen on ihanaa. H\u00e4n kertoo vauva-arjen sopivan h\u00e4nelle hyvin.<\/p>\n<p>\u2013 Saa touhottaa ja hoitaa kaikkee! Tykk\u00e4\u00e4n, kun on k\u00e4sill\u00e4 tekemist\u00e4, kirjoittaa Auri viel\u00e4.<\/p>\n<p>Lue my\u00f6s: <a href=\"https:\/\/www.como.fi\/uutiset\/auri-kananen-sai-paakipukohtauksia-kertoo-mika-antoi-lopulta-helpotuksen\/\" title=\"Auri Kananen sai p\u00e4\u00e4kipukohtauksia \u2013 kertoo mik\u00e4 antoi lopulta helpotuksen\" class=\"underline-custom !font-montserrat !font-bold !underline-offset-4 !decoration-4 !decoration-red-600 !text-md\" rel=\"nofollow noopener\" target=\"_blank\">Auri Kananen sai p\u00e4\u00e4kipukohtauksia \u2013 kertoo mik\u00e4 antoi lopulta helpotuksen<\/a><\/p>\n<p>Auri paljastaa seuraavissa tarinoissaan voivansa nyt hyvin. H\u00e4n k\u00e4rsi synnytyksen j\u00e4lkeen p\u00e4\u00e4kivuista, mutta rautatankkaus ja nukkuminen tekiv\u00e4t h\u00e4nen mukaansa ihmeit\u00e4.<\/p>\n<p>\u2013 Viel\u00e4 on joskus aamuy\u00f6st\u00e4 p\u00e4\u00e4ns\u00e4rky\u00e4, mut Samsuel keitt\u00e4\u00e4 mulle kahvia ja sill\u00e4 menee ohi! Sit nukahdan uusiksi, paljastaa Auri helpotuksestaan. <\/p>\n<p>Lue my\u00f6s: <a href=\"https:\/\/www.como.fi\/tilaa-comon-uutiskirje\/\" title=\"Tilaa Comon uutiskirje ja tied\u00e4t mist\u00e4 kahvitauolla puhutaan! Nappaa kotimaan tv-vinkit ja puheenaiheet suoraan s\u00e4hk\u00f6postiin t\u00e4st\u00e4.\" class=\"underline-custom !font-montserrat !font-bold !underline-offset-4 !decoration-4 !decoration-red-600 !text-md\" rel=\"nofollow noopener\" target=\"_blank\">Tilaa Comon uutiskirje ja tied\u00e4t mist\u00e4 kahvitauolla puhutaan! Nappaa kotimaan tv-vinkit ja puheenaiheet suoraan s\u00e4hk\u00f6postiin t\u00e4st\u00e4.<\/a><\/p>\n","protected":false},"excerpt":{"rendered":"Siivouskuningatar Auri Kananen koki pitk\u00e4n synnytyksen. Unet j\u00e4iv\u00e4t sen aikana v\u00e4hille. Nyt h\u00e4n tuntuu saavan nukuttua hyvin. H\u00e4n&hellip;\n","protected":false},"author":2,"featured_media":99042,"comment_status":"","ping_status":"","sticky":false,"template":"","format":"standard","meta":{"footnotes":""},"categories":[130],"tags":[2444,137,33,31,30,32,109],"class_list":{"0":"post-99041","1":"post","2":"type-post","3":"status-publish","4":"format-standard","5":"has-post-thumbnail","7":"category-viihde","8":"tag-auri-kananen","9":"tag-entertainment","10":"tag-fi","11":"tag-finland","12":"tag-finnish","13":"tag-suomi","14":"tag-viihde"},"share_on_mastodon":{"url":"https:\/\/pubeurope.com\/@fi\/115606561949175945","error":""},"_links":{"self":[{"href":"https:\/\/www.europesays.com\/fi\/wp-json\/wp\/v2\/posts\/99041","targetHints":{"allow":["GET"]}}],"collection":[{"href":"https:\/\/www.europesays.com\/fi\/wp-json\/wp\/v2\/posts"}],"about":[{"href":"https:\/\/www.europesays.com\/fi\/wp-json\/wp\/v2\/types\/post"}],"author":[{"embeddable":true,"href":"https:\/\/www.europesays.com\/fi\/wp-json\/wp\/v2\/users\/2"}],"replies":[{"embeddable":true,"href":"https:\/\/www.europesays.com\/fi\/wp-json\/wp\/v2\/comments?post=99041"}],"version-history":[{"count":0,"href":"https:\/\/www.europesays.com\/fi\/wp-json\/wp\/v2\/posts\/99041\/revisions"}],"wp:featuredmedia":[{"embeddable":true,"href":"https:\/\/www.europesays.com\/fi\/wp-json\/wp\/v2\/media\/99042"}],"wp:attachment":[{"href":"https:\/\/www.europesays.com\/fi\/wp-json\/wp\/v2\/media?parent=99041"}],"wp:term":[{"taxonomy":"category","embeddable":true,"href":"https:\/\/www.europesays.com\/fi\/wp-json\/wp\/v2\/categories?post=99041"},{"taxonomy":"post_tag","embeddable":true,"href":"https:\/\/www.europesays.com\/fi\/wp-json\/wp\/v2\/tags?post=99041"}],"curies":[{"name":"wp","href":"https:\/\/api.w.org\/{rel}","templated":true}]}}