{"id":99051,"date":"2025-11-24T20:45:15","date_gmt":"2025-11-24T20:45:15","guid":{"rendered":"https:\/\/www.europesays.com\/fi\/99051\/"},"modified":"2025-11-24T20:45:15","modified_gmt":"2025-11-24T20:45:15","slug":"ansku-bergstrom-yllattava-terveyspaljastus-lapsuudesta","status":"publish","type":"post","link":"https:\/\/www.europesays.com\/fi\/99051\/","title":{"rendered":"Ansku Bergstr\u00f6m: Yll\u00e4tt\u00e4v\u00e4 terveyspaljastus lapsuudesta"},"content":{"rendered":"<p>            Timo Korhonen\n        <\/p>\n<p class=\"subtitle \">Tanssijana Ansku on kovassa kunnossa. Aina tilanne ei kuitenkaan ole ollut yht\u00e4 hyv\u00e4.<\/p>\n<p class=\"article-content article-content-width !bg-background\">Tanssija  on ammattinsa puolesta huimassa kunnossa. Nyt Tanssii t\u00e4htien kanssa -kilpailussakin vaikuttaneen kaunottaren menneisyydest\u00e4 on kuitenkin paljastunut yll\u00e4tt\u00e4vi\u00e4 haasteita.\u00a0<\/p>\n<p class=\"article-content article-content-width !bg-background\">Ansku <a href=\"https:\/\/www.instagram.com\/stories\/anskubergstrom\/3772866510109602896\/\" target=\"_blank\" rel=\"nofollow noopener\">kertoo Instagram -tarinoissaan k\u00e4rsiv\u00e4ns\u00e4 piikkikammosta<\/a>. Fobian taustalla ovat rankat lapsuuskokemukset. Julkaisut poistuvat tiistaina (25.11.).<\/p>\n<p>Viikko sairaalassa<\/p>\n<p class=\"article-content article-content-width !bg-background\">Tanssinopettajaa on lapsuudessa pistetty neuloilla toistuvasti erilaisten sairastelujen takia.\u00a0<\/p>\n<p>        <a itemprop=\"url\" href=\"https:\/\/www.seiska.fi\/kotimaa\/maria-veitola-valmistautuu-hengenlahtoonsa\/1996437\" rel=\"nofollow noopener\" target=\"_blank\"><\/p>\n<p>\nOtti merkitt\u00e4v\u00e4n askeleen\n<\/p>\n<p class=\"section-date\">\n        <strong class=\"article-section\" data-section=\"kotimaa\"><br \/>\n            kotimaa<br \/>\n        <\/strong><br \/>\n        19.11. 13:56\n    <\/p>\n<p>Maria Veitola valmistautuu hengenl\u00e4ht\u00f6\u00f6ns\u00e4\n    <\/p>\n<p itemprop=\"description\" class=\"subtitle \">\n    Maria on ryhtynyt toimenpiteisiin v\u00e4ist\u00e4m\u00e4tt\u00f6m\u00e4n varalta.\n<\/p>\n<p>        <\/a><\/p>\n<p class=\"article-content article-content-width !bg-background\">\u2013 Minulla on siis lapsena ollut keuhkokuume. Muistan edelleen sen, kuinka suoniani ei l\u00f6ydetty. Se oli ihan kauheaa, Ansku toteaa julkaisussaan.\u00a0<\/p>\n<p>                <img decoding=\"async\" src=\"https:\/\/www.europesays.com\/fi\/wp-content\/uploads\/2025\/11\/2002462.webp\" width=\"576\" height=\"720\" alt=\"Ansku kertoo somessa rankoista lapsuuskokemuksistaan.\" loading=\"lazy\" \/>            <\/p>\n<p>\n            Ansku kertoo somessa rankoista lapsuuskokemuksistaan.<br \/>\n            Kai Joronen\n        <\/p>\n<p class=\"article-content article-content-width !bg-background\">Suonien l\u00f6ytymisell\u00e4 Ansku viitannee ilmi\u00f6\u00f6n, jossa kanyylin asentaminen potilaalle tai <a href=\"https:\/\/www.duodecimlehti.fi\/duo70288\" target=\"_blank\" rel=\"nofollow noopener\">verikokeen ottaminen on haastavaa esimerkiksi matalan verenpaineen takia<\/a>.\u00a0<\/p>\n<p>        <a itemprop=\"url\" href=\"https:\/\/www.seiska.fi\/kotimaa\/martina-aitolehti-ja-erikoisjoukot-matias-petaisto-viihtyvat-yhdessa\/1999077\" rel=\"nofollow noopener\" target=\"_blank\"><\/p>\n<p>\nMartina Aitolehti ja Matias Pet\u00e4ist\u00f6\n<\/p>\n<p class=\"section-date\">\n        <strong class=\"article-section\" data-section=\"kotimaa\"><br \/>\n            kotimaa<br \/>\n        <\/strong><br \/>\n        22.11. 07:00\n    <\/p>\n<p>Martina Aitolehti ja Erikoisjoukot-Matias Pet\u00e4ist\u00f6 viihtyv\u00e4t yhdess\u00e4\n    <\/p>\n<p itemprop=\"description\" class=\"subtitle \">\n    Matina ja Matias kertovat isosta uutisesta sosiaalisessa mediassa.\n<\/p>\n<p>        <\/a><\/p>\n<p class=\"article-content article-content-width !bg-background\">Ik\u00e4v\u00e4n infektion lis\u00e4ksi Ansku on joutunut piikitett\u00e4v\u00e4ksi my\u00f6s toisen vaivan vuoksi. H\u00e4n kertoo k\u00e4yneens\u00e4 lapsena tutkimuksissa migreenin takia. Seuraukset ovat olleet kauaskantoiset.\u00a0<\/p>\n<p class=\"article-content article-content-width !bg-background\">\u2013 Olin viikon sairaalassa ja siit\u00e4 on j\u00e4\u00e4nyt kammo, Ansku paljastaa.\u00a0<\/p>\n<p>Hoitajalla suuri vaikutus<\/p>\n<p class=\"article-content article-content-width !bg-background\">Vaikka pelko neuloja kohtaan on jatkunut nelj\u00e4\u00e4nkymmeneen ik\u00e4vuoteen saakka, ei pelko Anskun kertoman perusteella ole t\u00e4ysin hallitsematon. H\u00e4n kuvailee p\u00e4rj\u00e4\u00e4v\u00e4ns\u00e4 asian kanssa toisinaan paremmin ja toisinaan huonommin.\u00a0<\/p>\n<p>        <a itemprop=\"url\" href=\"https:\/\/www.seiska.fi\/kotimaa\/ansku-bergstrom-paljastus-parisuhteesta\/1999431\" rel=\"nofollow noopener\" target=\"_blank\"><\/p>\n<p>\nAnsku ja rakas\n<\/p>\n<p class=\"section-date\">\n        <strong class=\"article-section\" data-section=\"kotimaa\"><br \/>\n            kotimaa<br \/>\n        <\/strong><br \/>\n        21.11. 08:00\n    <\/p>\n<p>Ansku Bergstr\u00f6m: Paljastus parisuhteesta!\n    <\/p>\n<p itemprop=\"description\" class=\"subtitle \">\n    Ansku raottaa j\u00e4lleen verhoa rakkaansa ja julkisuuden v\u00e4lill\u00e4.\n<\/p>\n<p>        <\/a><\/p>\n<p class=\"article-content article-content-width !bg-background\">Kuten monet samasta kammosta k\u00e4rsiv\u00e4t tiet\u00e4v\u00e4t, pelon k\u00e4sittelyyn pistostilanteessa vaikuttaa suuresti, millainen hoitaja on. N\u00e4in kokee my\u00f6s Ansku. H\u00e4nest\u00e4 on helpompaa tsempata, jos hoitaja on ymm\u00e4rt\u00e4v\u00e4inen ja yst\u00e4v\u00e4llinen.\u00a0<\/p>\n<p class=\"article-content article-content-width !bg-background\">\u2013 Mutta jos ei olekaan niin kiva hoitaja, yleens\u00e4 kupsahdan, Ansku hym\u00e4ht\u00e4\u00e4.\u00a0<\/p>\n<p><script async src=\"\/\/www.instagram.com\/embed.js\"><\/script><\/p>\n","protected":false},"excerpt":{"rendered":"Timo Korhonen Tanssijana Ansku on kovassa kunnossa. Aina tilanne ei kuitenkaan ole ollut yht\u00e4 hyv\u00e4. Tanssija on ammattinsa&hellip;\n","protected":false},"author":2,"featured_media":99052,"comment_status":"","ping_status":"","sticky":false,"template":"","format":"standard","meta":{"footnotes":""},"categories":[136],"tags":[1875,407,137,33,31,30,9238,14284,408,12644,1232,13025,19144,3940,19143,32,167,109],"class_list":{"0":"post-99051","1":"post","2":"type-post","3":"status-publish","4":"format-standard","5":"has-post-thumbnail","7":"category-julkkikset","8":"tag-ansku-bergstrom","9":"tag-celebrities","10":"tag-entertainment","11":"tag-fi","12":"tag-finland","13":"tag-finnish","14":"tag-fobia","15":"tag-hoitaja","16":"tag-julkkikset","17":"tag-keuhkokuume","18":"tag-lapsuus","19":"tag-migreeni","20":"tag-neulakammo","21":"tag-pelko","22":"tag-piikkikammo","23":"tag-suomi","24":"tag-terveys","25":"tag-viihde"},"share_on_mastodon":{"url":"https:\/\/pubeurope.com\/@fi\/115606632985270322","error":""},"_links":{"self":[{"href":"https:\/\/www.europesays.com\/fi\/wp-json\/wp\/v2\/posts\/99051","targetHints":{"allow":["GET"]}}],"collection":[{"href":"https:\/\/www.europesays.com\/fi\/wp-json\/wp\/v2\/posts"}],"about":[{"href":"https:\/\/www.europesays.com\/fi\/wp-json\/wp\/v2\/types\/post"}],"author":[{"embeddable":true,"href":"https:\/\/www.europesays.com\/fi\/wp-json\/wp\/v2\/users\/2"}],"replies":[{"embeddable":true,"href":"https:\/\/www.europesays.com\/fi\/wp-json\/wp\/v2\/comments?post=99051"}],"version-history":[{"count":0,"href":"https:\/\/www.europesays.com\/fi\/wp-json\/wp\/v2\/posts\/99051\/revisions"}],"wp:featuredmedia":[{"embeddable":true,"href":"https:\/\/www.europesays.com\/fi\/wp-json\/wp\/v2\/media\/99052"}],"wp:attachment":[{"href":"https:\/\/www.europesays.com\/fi\/wp-json\/wp\/v2\/media?parent=99051"}],"wp:term":[{"taxonomy":"category","embeddable":true,"href":"https:\/\/www.europesays.com\/fi\/wp-json\/wp\/v2\/categories?post=99051"},{"taxonomy":"post_tag","embeddable":true,"href":"https:\/\/www.europesays.com\/fi\/wp-json\/wp\/v2\/tags?post=99051"}],"curies":[{"name":"wp","href":"https:\/\/api.w.org\/{rel}","templated":true}]}}