{"id":99069,"date":"2025-11-24T21:11:13","date_gmt":"2025-11-24T21:11:13","guid":{"rendered":"https:\/\/www.europesays.com\/fi\/99069\/"},"modified":"2025-11-24T21:11:13","modified_gmt":"2025-11-24T21:11:13","slug":"sebastian-rejman-poltti-auringossa-yllattavan-paikan","status":"publish","type":"post","link":"https:\/\/www.europesays.com\/fi\/99069\/","title":{"rendered":"Sebastian Rejman poltti auringossa yll\u00e4tt\u00e4v\u00e4n paikan"},"content":{"rendered":"<p><strong class=\"typography-bold\">N\u00e4yttelij\u00e4 Sebastian Rejman kertoi Huomenta Suomessa, ett\u00e4 on p\u00e4\u00e4ssyt tutustumaan vaimonsa kautta vuorikiipeilyyn. Haavereiltakaan ei olla v\u00e4ltytty.\u00a0<\/strong><\/p>\n<p>N\u00e4yttelij\u00e4 <a class=\"underline\" data-testid=\"internal-link\" role=\"link\" data-sentry-element=\"Link\" data-sentry-component=\"InternalLink\" data-sentry-source-file=\"InternalLink.tsx\" href=\"https:\/\/www.mtvuutiset.fi\/aihe\/sebastian-rejman\/7261274\" rel=\"nofollow noopener\" target=\"_blank\"><strong class=\"typography-bold\">Sebastian Rejman<\/strong><\/a> voitti <a class=\"underline\" data-testid=\"internal-link\" role=\"link\" data-sentry-element=\"Link\" data-sentry-component=\"InternalLink\" data-sentry-source-file=\"InternalLink.tsx\" href=\"https:\/\/www.mtvuutiset.fi\/aihe\/masked-singer-suomi\/7705334\" rel=\"nofollow noopener\" target=\"_blank\">Masked Singer Suomi<\/a> -ohjelman seitsem\u00e4nnen kauden Pierumies-hahmollaan. Rejman vieraili Huomenta Suomessa maanantaina 24. marraskuuta.\u00a0<\/p>\n<p>Rejman joutui salaamaan Masked Singer -projektinsa perheelt\u00e4\u00e4n.\u00a0<\/p>\n<p>\u2013\u00a0Kuumottavin tilanne oli kyll\u00e4 se, kun 9- ja 6-vuotiaat lapseni istuivat molemmin puolin vieress\u00e4ni ja katsoimme yhdess\u00e4 ensimm\u00e4isen l\u00e4hetyksen. Tunsin ne kuumottavat katseet, kun he k\u00e4\u00e4ntyv\u00e4t minua kohti ja sanoivat kysyv\u00e4sti &#8217;pappuli&#8217;. Ensimm\u00e4ist\u00e4 kertaa el\u00e4m\u00e4ss\u00e4ni jouduin valehtelemaan lapsilleni. Kyll\u00e4 se uhkasakko kuumotti sen verran paljon, Rejman kertoo.\u00a0<\/p>\n<p>Jos kuva ei n\u00e4y, voit katsoa sen <a class=\"underline\" data-testid=\"external-link\" href=\"https:\/\/www.instagram.com\/p\/DPV9bX4iOOv\/?img_index=1\" rel=\"noopener noreferrer nofollow\" data-sentry-component=\"ExternalLink\" data-sentry-source-file=\"ExternalLink.tsx\" target=\"_blank\">t\u00e4\u00e4lt\u00e4<\/a>.\u00a0<\/p>\n<p>Lotta Hintsan kanssa naimisissa oleva Rejman kertoi tutustuneensa Hintsan kautta t\u00e4ysin uuteen maailmaan, vuorikiipeilyyn.\u00a0<\/p>\n<p><script async src=\"\/\/www.instagram.com\/embed.js\"><\/script><\/p>\n","protected":false},"excerpt":{"rendered":"N\u00e4yttelij\u00e4 Sebastian Rejman kertoi Huomenta Suomessa, ett\u00e4 on p\u00e4\u00e4ssyt tutustumaan vaimonsa kautta vuorikiipeilyyn. Haavereiltakaan ei olla v\u00e4ltytty.\u00a0 N\u00e4yttelij\u00e4&hellip;\n","protected":false},"author":2,"featured_media":99070,"comment_status":"","ping_status":"","sticky":false,"template":"","format":"standard","meta":{"footnotes":""},"categories":[136],"tags":[407,137,33,31,30,408,32,109],"class_list":{"0":"post-99069","1":"post","2":"type-post","3":"status-publish","4":"format-standard","5":"has-post-thumbnail","7":"category-julkkikset","8":"tag-celebrities","9":"tag-entertainment","10":"tag-fi","11":"tag-finland","12":"tag-finnish","13":"tag-julkkikset","14":"tag-suomi","15":"tag-viihde"},"share_on_mastodon":{"url":"https:\/\/pubeurope.com\/@fi\/115606735002774913","error":""},"_links":{"self":[{"href":"https:\/\/www.europesays.com\/fi\/wp-json\/wp\/v2\/posts\/99069","targetHints":{"allow":["GET"]}}],"collection":[{"href":"https:\/\/www.europesays.com\/fi\/wp-json\/wp\/v2\/posts"}],"about":[{"href":"https:\/\/www.europesays.com\/fi\/wp-json\/wp\/v2\/types\/post"}],"author":[{"embeddable":true,"href":"https:\/\/www.europesays.com\/fi\/wp-json\/wp\/v2\/users\/2"}],"replies":[{"embeddable":true,"href":"https:\/\/www.europesays.com\/fi\/wp-json\/wp\/v2\/comments?post=99069"}],"version-history":[{"count":0,"href":"https:\/\/www.europesays.com\/fi\/wp-json\/wp\/v2\/posts\/99069\/revisions"}],"wp:featuredmedia":[{"embeddable":true,"href":"https:\/\/www.europesays.com\/fi\/wp-json\/wp\/v2\/media\/99070"}],"wp:attachment":[{"href":"https:\/\/www.europesays.com\/fi\/wp-json\/wp\/v2\/media?parent=99069"}],"wp:term":[{"taxonomy":"category","embeddable":true,"href":"https:\/\/www.europesays.com\/fi\/wp-json\/wp\/v2\/categories?post=99069"},{"taxonomy":"post_tag","embeddable":true,"href":"https:\/\/www.europesays.com\/fi\/wp-json\/wp\/v2\/tags?post=99069"}],"curies":[{"name":"wp","href":"https:\/\/api.w.org\/{rel}","templated":true}]}}