{"id":99081,"date":"2025-11-24T21:24:08","date_gmt":"2025-11-24T21:24:08","guid":{"rendered":"https:\/\/www.europesays.com\/fi\/99081\/"},"modified":"2025-11-24T21:24:08","modified_gmt":"2025-11-24T21:24:08","slug":"juna-hajosi-raiteille-ja-aiheutti-tuntien-myohastymisia","status":"publish","type":"post","link":"https:\/\/www.europesays.com\/fi\/99081\/","title":{"rendered":"Juna hajosi raiteille ja aiheutti tuntien my\u00f6h\u00e4stymisi\u00e4"},"content":{"rendered":"<p>Raideliikenne|VR:n arvion mukaan hajonnut juna tulisi my\u00f6h\u00e4stym\u00e4\u00e4n aikataulusta noin kaksi tuntia.<\/p>\n<p class=\"article-body mb-nof-24 px-nof-16\">Raiteille hajonnut juna sotki etel\u00e4n suuntaista raideliikennett\u00e4 Tampereen ja Parkanon v\u00e4lill\u00e4 maanantaina illalla.<\/p>\n<p class=\"article-body mb-nof-24 px-nof-16\">Oulusta Helsinkiin matkalla ollut Pendolino S56 pys\u00e4htyi teknisen vian takia pian Parkanon aseman j\u00e4lkeen.<\/p>\n<p class=\"article-body mb-nof-24 px-nof-16\">Raiteille joutui pys\u00e4htym\u00e4\u00e4n my\u00f6s takaa tullut Pendolino S28, joka oli matkalla Rovaniemelt\u00e4 Helsinkiin.<\/p>\n<p class=\"article-body mb-nof-24 px-nof-16\">VR:n viestinn\u00e4st\u00e4 kerrottiin iltakymmenelt\u00e4 HS:lle, ett\u00e4 tilanne ratkaistiin siten, ett\u00e4 takaa tullut juna avusti hajonneen junan eteenp\u00e4in kaksiraiteiselle osuudelle, jossa sen matkustajat siirrett\u00e4isiin takaa tulleeseen junaan.<\/p>\n<p class=\"article-body mb-nof-24 px-nof-16\">Tieto teknisest\u00e4 viasta tuli hieman kello yhdeks\u00e4\u00e4 illalla.<\/p>\n<p class=\"article-body mb-nof-24 px-nof-16\">Hajonneen Pendolinon olisi alkuper\u00e4isen aikataulun mukaan pit\u00e4nyt saapua Tampereelle jo iltayhdeks\u00e4lt\u00e4.<\/p>\n<p class=\"article-body mb-nof-24 px-nof-16\">VR:n arvion mukaan hajonnut juna tulisi my\u00f6h\u00e4stym\u00e4\u00e4n aikataulusta lopulta noin kaksi tuntia. Takaa tullut juna taas kulkisi noin tunnin my\u00f6h\u00e4ss\u00e4.<\/p>\n<p class=\"article-body mb-nof-24 px-nof-16\">Hajoamisen tarkempi syy ei viel\u00e4 illalla ollut tiedossa.<\/p>\n","protected":false},"excerpt":{"rendered":"Raideliikenne|VR:n arvion mukaan hajonnut juna tulisi my\u00f6h\u00e4stym\u00e4\u00e4n aikataulusta noin kaksi tuntia. Raiteille hajonnut juna sotki etel\u00e4n suuntaista raideliikennett\u00e4&hellip;\n","protected":false},"author":2,"featured_media":96697,"comment_status":"","ping_status":"","sticky":false,"template":"","format":"standard","meta":{"footnotes":""},"categories":[12],"tags":[22,23,26,27,33,31,30,17,46,24,25,28,29,15,18,21,32,19,20,16],"class_list":{"0":"post-99081","1":"post","2":"type-post","3":"status-publish","4":"format-standard","5":"has-post-thumbnail","7":"category-suomi","8":"tag-breaking-news","9":"tag-breakingnews","10":"tag-featured-news","11":"tag-featurednews","12":"tag-fi","13":"tag-finland","14":"tag-finnish","15":"tag-headlines","16":"tag-helsingin-sanomat","17":"tag-latest-news","18":"tag-latestnews","19":"tag-main-news","20":"tag-mainnews","21":"tag-news","22":"tag-otsikot","23":"tag-paauutiset","24":"tag-suomi","25":"tag-top-stories","26":"tag-topstories","27":"tag-uutiset"},"share_on_mastodon":{"url":"https:\/\/pubeurope.com\/@fi\/115606786206970682","error":""},"_links":{"self":[{"href":"https:\/\/www.europesays.com\/fi\/wp-json\/wp\/v2\/posts\/99081","targetHints":{"allow":["GET"]}}],"collection":[{"href":"https:\/\/www.europesays.com\/fi\/wp-json\/wp\/v2\/posts"}],"about":[{"href":"https:\/\/www.europesays.com\/fi\/wp-json\/wp\/v2\/types\/post"}],"author":[{"embeddable":true,"href":"https:\/\/www.europesays.com\/fi\/wp-json\/wp\/v2\/users\/2"}],"replies":[{"embeddable":true,"href":"https:\/\/www.europesays.com\/fi\/wp-json\/wp\/v2\/comments?post=99081"}],"version-history":[{"count":0,"href":"https:\/\/www.europesays.com\/fi\/wp-json\/wp\/v2\/posts\/99081\/revisions"}],"wp:featuredmedia":[{"embeddable":true,"href":"https:\/\/www.europesays.com\/fi\/wp-json\/wp\/v2\/media\/96697"}],"wp:attachment":[{"href":"https:\/\/www.europesays.com\/fi\/wp-json\/wp\/v2\/media?parent=99081"}],"wp:term":[{"taxonomy":"category","embeddable":true,"href":"https:\/\/www.europesays.com\/fi\/wp-json\/wp\/v2\/categories?post=99081"},{"taxonomy":"post_tag","embeddable":true,"href":"https:\/\/www.europesays.com\/fi\/wp-json\/wp\/v2\/tags?post=99081"}],"curies":[{"name":"wp","href":"https:\/\/api.w.org\/{rel}","templated":true}]}}