{"id":99091,"date":"2025-11-24T21:50:12","date_gmt":"2025-11-24T21:50:12","guid":{"rendered":"https:\/\/www.europesays.com\/fi\/99091\/"},"modified":"2025-11-24T21:50:12","modified_gmt":"2025-11-24T21:50:12","slug":"hayli-gubbi-purkautui-ensi-kertaa-ehka-12-000-vuoteen-jemen-peittyi-savuun-finnair-perui-lennon","status":"publish","type":"post","link":"https:\/\/www.europesays.com\/fi\/99091\/","title":{"rendered":"Hayli Gubbi purkautui ensi kertaa ehk\u00e4 12\u202f000 vuoteen \u2013 Jemen peittyi savuun, Finnair perui lennon"},"content":{"rendered":"<p>Etiopia|Finnair joutui perumaan savun vuoksi lennon Helsingist\u00e4 Bangkokiin.<\/p>\n<p>Lue tiivistelm\u00e4<\/p>\n<p>Tiivistelm\u00e4 on teko\u00e4lyn tekem\u00e4 ja ihmisen tarkistama.<\/p>\n<p class=\"article-body mb-nof-24 px-nof-16 sndp-summary-bullet-point-font\">Etiopiassa sijaitseva tulivuori Hayli Gubbi purkautui sunnuntaina ensimm\u00e4ist\u00e4 kertaa l\u00e4hes kahteentoista tuhanteen vuoteen.<\/p>\n<p class=\"article-body mb-nof-24 px-nof-16 sndp-summary-bullet-point-font\">Noin viisisataa metri\u00e4 korkea vuori sylki savua ja tuhkaa noin nelj\u00e4ntoista kilometrin korkeuteen, ja savupilvi levisi Punaisenmeren yli Jemeniin ja Omaniin.<\/p>\n<p class=\"article-body mb-nof-24 px-nof-16 sndp-summary-bullet-point-font\">Etiopialainen virkamies Mohammed Seid kertoi brittilehti The Guardianille, ettei purkaus aiheuttanut uhreja, mutta monet kyl\u00e4t peittyv\u00e4t tuhkaan.<\/p>\n<p class=\"article-body mb-nof-24 px-nof-16 sndp-summary-bullet-point-font\">Finnair perui maanantaina iltap\u00e4iv\u00e4lentonsa Helsingist\u00e4 Bangkokiin tuhkapilven vuoksi.<\/p>\n<p class=\"article-body mb-nof-24 px-nof-16\">Etiopian koillisosissa sijaitseva tulivuori Hayli Gubbi purkautui sunnuntaina ensimm\u00e4ist\u00e4 kertaa l\u00e4hes 12\u202f000 vuoteen ja tuprutti paksua savupilvi\u00e4 taivaalle.<\/p>\n<p class=\"article-body mb-nof-24 px-nof-16\">Afarin alueella oleva noin 500 metri\u00e4 korkea vuori sijaitsee It\u00e4-Afrikan hauta\u00advajoamassa, miss\u00e4 kaksi mannerlaattaa kohtaavat.<\/p>\n<p class=\"article-body mb-nof-24 px-nof-16\">Hayli Gubbi sylki savua ja tuhkaa sunnuntaina aamup\u00e4iv\u00e4ll\u00e4 noin 14 kilometrin korkeuteen. Vuoresta l\u00e4htenyt savupilvi leijui sunnuntaina otetun satelliittikuvan perusteella ainakin kahden sadan kilometrin pituisena Punaisenmeren yli Jemeniin ja Omaniin.<\/p>\n<p class=\"article-body mb-nof-24 px-nof-16\">Savupilvi jatkoi my\u00f6hemmin matkaansa Intian ja Pohjois-Pakistanin ylle, uutistoimisto AFP kertoo.<\/p>\n<p><img decoding=\"async\" src=\"https:\/\/www.europesays.com\/fi\/wp-content\/uploads\/2025\/11\/1764021012_102_468.jpg\" alt=\"Hayli Gubbi -tulivuori sylki savua Afarin alueella Etiopiassa sunnuntaina.\" class=\"_Img_1rerz_1\" style=\"aspect-ratio:0.828125\" loading=\"eager\"\/><\/p>\n<p class=\"article-picture-caption\">Hayli Gubbi -tulivuori sylki savua Afarin alueella Etiopiassa sunnuntaina. Kuva:\u00a0Afar Gov. Communication Bureau<\/p>\n<p class=\"article-body mb-nof-24 px-nof-16\">Ranskan Toulousessa toimiva Vulkaanisen tuhkan tiedotuskeskus arvioi, ettei vuori ole purkautunut 12\u202f000 vuoteen, kertoo AFP.<\/p>\n<p class=\"article-body mb-nof-24 px-nof-16\">Etiopialainen virkamies <a class=\"article-personlink\" href=\"https:\/\/www.hs.fi\/haku\/?query=Mohammed%20Seid\" rel=\"nofollow noopener\" target=\"_blank\">Mohammed Seid <\/a><a class=\"article-genericlink\" href=\"https:\/\/www.theguardian.com\/world\/2025\/nov\/24\/ethiopian-volcano-hayli-gubbi-erupts-first-time-12000-years\" rel=\"nofollow noopener\" target=\"_blank\">sanoi <\/a>brittilehti The Guardianin mukaan, ettei purkaus aiheuttanut uhreja. H\u00e4n arvioi purkauksen aiheuttavan kuitenkin harmia karjankasvattajille.<\/p>\n<p class=\"article-body mb-nof-24 px-nof-16\">&#8221;Vaikka ihmishenki\u00e4 tai karjaa ei ole toistaiseksi menetetty, monet kyl\u00e4t ovat peittyneet tuhkaan, ja sen seurauksena el\u00e4imill\u00e4 on vain v\u00e4h\u00e4n sy\u00f6t\u00e4v\u00e4\u00e4&#8221;, h\u00e4n sanoi.<\/p>\n<p class=\"article-body mb-nof-24 px-nof-16\">My\u00f6s Smithsonian-instituutti arvioi The Guardianin mukaan, ettei Hayli Gubbi ole purkautunut holoseenin aikana. Holoseeniksi kutsutaan geologista aikakautta, joka alkoi noin 12\u202f000 vuotta sitten viimeisen j\u00e4\u00e4kauden lopussa.<\/p>\n<p class=\"article-body mb-nof-24 px-nof-16\">Purkaus vaikutti my\u00f6s lentoliikenteeseen. Finnair perui maanantai-iltap\u00e4iv\u00e4lentonsa Helsingist\u00e4 Bangkokiin tuhkapilven vuoksi, <a class=\"article-genericlink\" href=\"https:\/\/www.is.fi\/ulkomaat\/art-2000011647150.html\" rel=\"nofollow noopener\" target=\"_blank\">kertoo <\/a>Ilta-Sanomat.<\/p>\n<p class=\"article-body mb-nof-24 px-nof-16\">\u201dT\u00e4m\u00e4n hetken n\u00e4kym\u00e4n mukaan t\u00e4ss\u00e4 ei ole muita vaikutuksia. Mutta seuraamme tilannetta tiiviisti\u201d, Finnairin viestint\u00e4p\u00e4\u00e4llikk\u00f6 <a class=\"article-personlink article-strong\" href=\"https:\/\/www.hs.fi\/haku\/?query=Mari%20Kanerva\" rel=\"nofollow noopener\" target=\"_blank\">Mari Kanerva<\/a> sanoi IS:lle iltap\u00e4iv\u00e4ll\u00e4.<\/p>\n","protected":false},"excerpt":{"rendered":"Etiopia|Finnair joutui perumaan savun vuoksi lennon Helsingist\u00e4 Bangkokiin. Lue tiivistelm\u00e4 Tiivistelm\u00e4 on teko\u00e4lyn tekem\u00e4 ja ihmisen tarkistama. Etiopiassa&hellip;\n","protected":false},"author":2,"featured_media":99092,"comment_status":"","ping_status":"","sticky":false,"template":"","format":"standard","meta":{"footnotes":""},"categories":[14],"tags":[22,23,26,27,33,31,30,17,46,24,25,28,29,15,18,21,32,19,20,56,16,59,60,61],"class_list":{"0":"post-99091","1":"post","2":"type-post","3":"status-publish","4":"format-standard","5":"has-post-thumbnail","7":"category-ulkomaat","8":"tag-breaking-news","9":"tag-breakingnews","10":"tag-featured-news","11":"tag-featurednews","12":"tag-fi","13":"tag-finland","14":"tag-finnish","15":"tag-headlines","16":"tag-helsingin-sanomat","17":"tag-latest-news","18":"tag-latestnews","19":"tag-main-news","20":"tag-mainnews","21":"tag-news","22":"tag-otsikot","23":"tag-paauutiset","24":"tag-suomi","25":"tag-top-stories","26":"tag-topstories","27":"tag-ulkomaat","28":"tag-uutiset","29":"tag-world","30":"tag-world-news","31":"tag-worldnews"},"share_on_mastodon":{"url":"https:\/\/pubeurope.com\/@fi\/115606888526846665","error":""},"_links":{"self":[{"href":"https:\/\/www.europesays.com\/fi\/wp-json\/wp\/v2\/posts\/99091","targetHints":{"allow":["GET"]}}],"collection":[{"href":"https:\/\/www.europesays.com\/fi\/wp-json\/wp\/v2\/posts"}],"about":[{"href":"https:\/\/www.europesays.com\/fi\/wp-json\/wp\/v2\/types\/post"}],"author":[{"embeddable":true,"href":"https:\/\/www.europesays.com\/fi\/wp-json\/wp\/v2\/users\/2"}],"replies":[{"embeddable":true,"href":"https:\/\/www.europesays.com\/fi\/wp-json\/wp\/v2\/comments?post=99091"}],"version-history":[{"count":0,"href":"https:\/\/www.europesays.com\/fi\/wp-json\/wp\/v2\/posts\/99091\/revisions"}],"wp:featuredmedia":[{"embeddable":true,"href":"https:\/\/www.europesays.com\/fi\/wp-json\/wp\/v2\/media\/99092"}],"wp:attachment":[{"href":"https:\/\/www.europesays.com\/fi\/wp-json\/wp\/v2\/media?parent=99091"}],"wp:term":[{"taxonomy":"category","embeddable":true,"href":"https:\/\/www.europesays.com\/fi\/wp-json\/wp\/v2\/categories?post=99091"},{"taxonomy":"post_tag","embeddable":true,"href":"https:\/\/www.europesays.com\/fi\/wp-json\/wp\/v2\/tags?post=99091"}],"curies":[{"name":"wp","href":"https:\/\/api.w.org\/{rel}","templated":true}]}}