{"id":99101,"date":"2025-11-24T22:12:10","date_gmt":"2025-11-24T22:12:10","guid":{"rendered":"https:\/\/www.europesays.com\/fi\/99101\/"},"modified":"2025-11-24T22:12:10","modified_gmt":"2025-11-24T22:12:10","slug":"podcast-helmi-loukasmaki-kertoo-miten-talousrahat-jaetaan","status":"publish","type":"post","link":"https:\/\/www.europesays.com\/fi\/99101\/","title":{"rendered":"Podcast: Helmi Loukasm\u00e4ki kertoo miten talousrahat jaetaan"},"content":{"rendered":"<p>Helmi Loukasm\u00e4ki, Dannyn l\u00e4hi-ihminen, on ollut Shirly Karvisen luotsaaman <a href=\"https:\/\/podme.com\/fi\/podcast\/dear-shirly\/\" rel=\"nofollow noopener\" target=\"_blank\">podcastin<\/a> vieraana.<\/p>\n<p>Aiheena on ollut esimerkiksi talouden menojen ja kulujen ositus.<\/p>\n<p>Helmi, joka on aina ollut yht\u00e4 veden v\u00e4risen diplomaattinen kuin Danny puheissaan kertoo, ett\u00e4 h\u00e4nest\u00e4 ideaali tilanne on tehd\u00e4 sopimus asiasta.<\/p>\n<p>Helmin mielest\u00e4 joskus parisuhteessa asiat voivat menn\u00e4 niin, ett\u00e4 toisella on t\u00f6ittens\u00e4 tai varallisuutensa takia parempi tilanne kuin toisella. Puolet ja puolet -maksupohja on ideaalia, mutta jos tilanne muuttuu, niin pit\u00e4\u00e4 avata sanainen arkku ja neuvotella uudelleen.<\/p>\n<p>-Pit\u00e4\u00e4 katsoa sen ty\u00f6llisyystilanteen mukaan, Helmi py\u00f6rittelee Shirlylle.<\/p>\n<p>Helmin omat tulot olivat nolla euroa viime verotuksessa. Danny tienasi noin 60 000 euroa.<\/p>\n<p>Lue my\u00f6s: <a href=\"https:\/\/www.como.fi\/uutiset\/helmi-loukasmaen-kuva-kanarialla-kuin-malli\/\" title=\"Helmi Loukasm\u00e4en kuva Kanarialla: Kuin malli!\" class=\"underline-custom !font-montserrat !font-bold !underline-offset-4 !decoration-4 !decoration-red-600 !text-md\" rel=\"nofollow noopener\" target=\"_blank\">Helmi Loukasm\u00e4en kuva Kanarialla: Kuin malli!<\/a><\/p>\n<p>Helmi Kanarialla ja Espanjassa<\/p>\n<p>Helmi on viett\u00e4nyt kuukauden aikana aikaansa Espanjassa pariinkin otteeseen. Ensin oltiin Manner-Espanjassa, Fuengirolassa, sitten Kanarialla.<\/p>\n<p>Kaikkialla esiinnyttiin Dannyn kanssa.<\/p>\n<p>Ilmeisesti Helmi ei nosta esiintymisist\u00e4\u00e4n palkkiota tai h\u00e4n esiintyy matkoja vastaan, sill\u00e4 tulot olivat, kuten alussa todettua, nolla.<\/p>\n<p>Lue my\u00f6s: <a href=\"https:\/\/www.como.fi\/uutiset\/50-vuotta-nuoremman-rakkaansa-esitellyt-frederik-koki-karvaan-tappion\/\" title=\"50 vuotta nuoremman rakkaansa esitellyt Frederik koki karvaan tappion\" class=\"underline-custom !font-montserrat !font-bold !underline-offset-4 !decoration-4 !decoration-red-600 !text-md\" rel=\"nofollow noopener\" target=\"_blank\">50 vuotta nuoremman rakkaansa esitellyt Frederik koki karvaan tappion<\/a><\/p>\n<p>-Ihana viikko Kanarialla. Paljon aurinkoa, ihania ihmisi\u00e4 ja superkivat keikat, kiitos, Helmi kiitteli p\u00e4ivityksess\u00e4\u00e4n.<\/p>\n<p>Lue my\u00f6s: <a href=\"https:\/\/www.como.fi\/tilaa-comon-uutiskirje\/\" title=\"Tilaa Comon uutiskirje ja tied\u00e4t mist\u00e4 kahvitauolla puhutaan! Nappaa kotimaan tv-vinkit ja puheenaiheet suoraan s\u00e4hk\u00f6postiin t\u00e4st\u00e4.\" class=\"underline-custom !font-montserrat !font-bold !underline-offset-4 !decoration-4 !decoration-red-600 !text-md\" rel=\"nofollow noopener\" target=\"_blank\">Tilaa Comon uutiskirje ja tied\u00e4t mist\u00e4 kahvitauolla puhutaan! Nappaa kotimaan tv-vinkit ja puheenaiheet suoraan s\u00e4hk\u00f6postiin t\u00e4st\u00e4.<\/a><\/p>\n","protected":false},"excerpt":{"rendered":"Helmi Loukasm\u00e4ki, Dannyn l\u00e4hi-ihminen, on ollut Shirly Karvisen luotsaaman podcastin vieraana. Aiheena on ollut esimerkiksi talouden menojen ja&hellip;\n","protected":false},"author":2,"featured_media":99102,"comment_status":"","ping_status":"","sticky":false,"template":"","format":"standard","meta":{"footnotes":""},"categories":[130],"tags":[137,33,31,30,8968,32,109],"class_list":{"0":"post-99101","1":"post","2":"type-post","3":"status-publish","4":"format-standard","5":"has-post-thumbnail","7":"category-viihde","8":"tag-entertainment","9":"tag-fi","10":"tag-finland","11":"tag-finnish","12":"tag-helmi-loukasmu00e4ki","13":"tag-suomi","14":"tag-viihde"},"share_on_mastodon":{"url":"https:\/\/pubeurope.com\/@fi\/115606974896210785","error":""},"_links":{"self":[{"href":"https:\/\/www.europesays.com\/fi\/wp-json\/wp\/v2\/posts\/99101","targetHints":{"allow":["GET"]}}],"collection":[{"href":"https:\/\/www.europesays.com\/fi\/wp-json\/wp\/v2\/posts"}],"about":[{"href":"https:\/\/www.europesays.com\/fi\/wp-json\/wp\/v2\/types\/post"}],"author":[{"embeddable":true,"href":"https:\/\/www.europesays.com\/fi\/wp-json\/wp\/v2\/users\/2"}],"replies":[{"embeddable":true,"href":"https:\/\/www.europesays.com\/fi\/wp-json\/wp\/v2\/comments?post=99101"}],"version-history":[{"count":0,"href":"https:\/\/www.europesays.com\/fi\/wp-json\/wp\/v2\/posts\/99101\/revisions"}],"wp:featuredmedia":[{"embeddable":true,"href":"https:\/\/www.europesays.com\/fi\/wp-json\/wp\/v2\/media\/99102"}],"wp:attachment":[{"href":"https:\/\/www.europesays.com\/fi\/wp-json\/wp\/v2\/media?parent=99101"}],"wp:term":[{"taxonomy":"category","embeddable":true,"href":"https:\/\/www.europesays.com\/fi\/wp-json\/wp\/v2\/categories?post=99101"},{"taxonomy":"post_tag","embeddable":true,"href":"https:\/\/www.europesays.com\/fi\/wp-json\/wp\/v2\/tags?post=99101"}],"curies":[{"name":"wp","href":"https:\/\/api.w.org\/{rel}","templated":true}]}}