{"id":99107,"date":"2025-11-24T22:16:10","date_gmt":"2025-11-24T22:16:10","guid":{"rendered":"https:\/\/www.europesays.com\/fi\/99107\/"},"modified":"2025-11-24T22:16:10","modified_gmt":"2025-11-24T22:16:10","slug":"tuomari-hylkasi-fbin-ex-johtajan-ja-new-yorkin-oikeusministerin-syytteet","status":"publish","type":"post","link":"https:\/\/www.europesays.com\/fi\/99107\/","title":{"rendered":"Tuomari hylk\u00e4si FBI:n ex-johtajan ja New Yorkin oikeusministerin syytteet"},"content":{"rendered":"<p><strong class=\"typography-bold\">Molemmat syytetyist\u00e4 olivat presidentti Donald Trumpin kriitikoita.<\/strong><\/p>\n<p>Yhdysvalloissa liittovaltion tuomari on hyl\u00e4nnyt syytteet, jotka kohdistuivat liittovaltion poliisi FBI:n entiseen johtajaan <strong class=\"typography-bold\">James Comeyyn<\/strong>. Samalla tuomari hylk\u00e4si New Yorkin oikeusministerin <strong class=\"typography-bold\">Letitia Jamesin<\/strong> syytteet.<\/p>\n<p>Tuomarin mukaan kanteet Comeyta ja Jamesia vastaan hyl\u00e4ttiin, koska ne nostanut syytt\u00e4j\u00e4<strong class=\"typography-bold\"> Lindsey Halligan <\/strong>oli nimitetty teht\u00e4v\u00e4\u00e4ns\u00e4 lainvastaisesti, kertoo CNN.<\/p>\n<p>Molemmat syytetyist\u00e4 olivat presidentti<strong class=\"typography-bold\"> Donald Trumpin <\/strong>kriitikoita ja ovat olleet hallinnon hampaissa presidentin toisella kaudella. Trumpin alaisen oikeusministeri\u00f6n nostamia kanteita on pidetty poliittisesti motivoituneina.<\/p>\n","protected":false},"excerpt":{"rendered":"Molemmat syytetyist\u00e4 olivat presidentti Donald Trumpin kriitikoita. Yhdysvalloissa liittovaltion tuomari on hyl\u00e4nnyt syytteet, jotka kohdistuivat liittovaltion poliisi FBI:n&hellip;\n","protected":false},"author":2,"featured_media":99108,"comment_status":"","ping_status":"","sticky":false,"template":"","format":"standard","meta":{"footnotes":""},"categories":[14],"tags":[22,23,26,27,33,31,30,17,24,25,28,29,15,18,21,32,19,20,56,16,59,60,61],"class_list":{"0":"post-99107","1":"post","2":"type-post","3":"status-publish","4":"format-standard","5":"has-post-thumbnail","7":"category-ulkomaat","8":"tag-breaking-news","9":"tag-breakingnews","10":"tag-featured-news","11":"tag-featurednews","12":"tag-fi","13":"tag-finland","14":"tag-finnish","15":"tag-headlines","16":"tag-latest-news","17":"tag-latestnews","18":"tag-main-news","19":"tag-mainnews","20":"tag-news","21":"tag-otsikot","22":"tag-paauutiset","23":"tag-suomi","24":"tag-top-stories","25":"tag-topstories","26":"tag-ulkomaat","27":"tag-uutiset","28":"tag-world","29":"tag-world-news","30":"tag-worldnews"},"share_on_mastodon":{"url":"https:\/\/pubeurope.com\/@fi\/115606990647300910","error":""},"_links":{"self":[{"href":"https:\/\/www.europesays.com\/fi\/wp-json\/wp\/v2\/posts\/99107","targetHints":{"allow":["GET"]}}],"collection":[{"href":"https:\/\/www.europesays.com\/fi\/wp-json\/wp\/v2\/posts"}],"about":[{"href":"https:\/\/www.europesays.com\/fi\/wp-json\/wp\/v2\/types\/post"}],"author":[{"embeddable":true,"href":"https:\/\/www.europesays.com\/fi\/wp-json\/wp\/v2\/users\/2"}],"replies":[{"embeddable":true,"href":"https:\/\/www.europesays.com\/fi\/wp-json\/wp\/v2\/comments?post=99107"}],"version-history":[{"count":0,"href":"https:\/\/www.europesays.com\/fi\/wp-json\/wp\/v2\/posts\/99107\/revisions"}],"wp:featuredmedia":[{"embeddable":true,"href":"https:\/\/www.europesays.com\/fi\/wp-json\/wp\/v2\/media\/99108"}],"wp:attachment":[{"href":"https:\/\/www.europesays.com\/fi\/wp-json\/wp\/v2\/media?parent=99107"}],"wp:term":[{"taxonomy":"category","embeddable":true,"href":"https:\/\/www.europesays.com\/fi\/wp-json\/wp\/v2\/categories?post=99107"},{"taxonomy":"post_tag","embeddable":true,"href":"https:\/\/www.europesays.com\/fi\/wp-json\/wp\/v2\/tags?post=99107"}],"curies":[{"name":"wp","href":"https:\/\/api.w.org\/{rel}","templated":true}]}}