{"id":99109,"date":"2025-11-24T22:17:09","date_gmt":"2025-11-24T22:17:09","guid":{"rendered":"https:\/\/www.europesays.com\/fi\/99109\/"},"modified":"2025-11-24T22:17:09","modified_gmt":"2025-11-24T22:17:09","slug":"itarajalla-ennakoimaton-tilanne-uhka-arvio-venajasta-yha-sama","status":"publish","type":"post","link":"https:\/\/www.europesays.com\/fi\/99109\/","title":{"rendered":"It\u00e4rajalla ennakoimaton tilanne \u2013 Uhka-arvio Ven\u00e4j\u00e4st\u00e4 yh\u00e4 sama"},"content":{"rendered":"<p>Kaakkois-Suomen Rajavartioston komentajan mukaan on varsin todenn\u00e4k\u00f6ist\u00e4, ett\u00e4 Ven\u00e4j\u00e4 jatkaisi sit\u00e4 toimintaa, mink\u00e4 takia it\u00e4raja suljettiin.<\/p>\n<p><img decoding=\"async\" class=\"image image-show image-preview\" src=\"https:\/\/www.europesays.com\/fi\/wp-content\/uploads\/2025\/11\/731214fe61b67b53432fb53e612a931c47be2d04da72f27766e25c32ee34a818.jpg\" alt=\"\"\/><img decoding=\"async\" class=\"image image-show\" src=\"https:\/\/www.europesays.com\/fi\/wp-content\/uploads\/2025\/11\/1764022629_494_731214fe61b67b53432fb53e612a931c47be2d04da72f27766e25c32ee34a818.jpg\" alt=\"\"\/><\/p>\n<p>Kaakkois-Suomen rajavartioston komentaja Jaakko Ollin mukaan it\u00e4rajan uusi esteaita on v\u00e4ltt\u00e4m\u00e4t\u00f6n muun muassa tilanteessa, jossa Suomen puolelle pyrkisi huomattava m\u00e4\u00e4r\u00e4 Ven\u00e4j\u00e4n rajalle ohjaamia ihmisi\u00e4. kimmo brandt \/ aop<\/p>\n<p class=\"paragraph\">Kaakkois-Suomen rajavartioston komentaja, eversti <strong>Jaakko Olli<\/strong> kertoo viranomaisten pit\u00e4v\u00e4n hyvin todenn\u00e4k\u00f6isen\u00e4, ett\u00e4 Ven\u00e4j\u00e4 aloittaisi j\u00e4lleen kolmansien maiden kansalaisten ohjaamisen Suomeen, jos yksikin rajanylityspaikka it\u00e4rajalle avattaisiin. H\u00e4n kuvaa tilannetta rajalla ennakoimattomaksi.<\/p>\n<p class=\"paragraph\">\u2013 Tilanne on hallinnassa, mutta ennakoimaton. T\u00e4ll\u00e4 tarkoitan sit\u00e4, ett\u00e4 kaikkien niiden tietojen perusteella, joita meill\u00e4 on k\u00e4yt\u00f6ss\u00e4 ja joita me p\u00e4ivitt\u00e4in arvioimme, niin vaikuttaisi hyvin todenn\u00e4k\u00f6iselt\u00e4, ett\u00e4 se puolentoista vuoden takainen tilanne toistuisi, jos rajanylityspaikka avattaisiin, Olli sanoo Iltalehdelle.<\/p>\n<p class=\"paragraph\">\u2013 Eli kolmannen maan kansalaisia rupeaisi tulemaan rajanylityspaikan kautta Suomeen. Sellaisia, joilla ei ole edellytyksi\u00e4 saapua Suomeen, h\u00e4n jatkaa.<\/p>\n<p class=\"paragraph\"><strong>Eli tavallaan tilanne on aivan sama kuin silloin puolitoista vuotta sitten?<\/strong><\/p>\n<p class=\"paragraph\">\u2013 Kyll\u00e4. Uhka-arvio ei ole muuttunut.<\/p>\n<p class=\"paragraph\">\u2013 Jos katsotaan, ett\u00e4 p\u00e4\u00e4st\u00e4isiin palaamaan sellaiseen k\u00e4yt\u00e4nt\u00f6\u00f6n, jossa ven\u00e4l\u00e4iset eiv\u00e4t tuota n\u00e4it\u00e4 kolmannen maan kansalaisia tuohon rajanylityspaikoille, niin silloinhan tietysti voisi olla mahdollista kokeilla rajanylityspaikan avaamista.<\/p>\n<p class=\"paragraph\"><strong>Mutta se k\u00e4yt\u00e4nn\u00f6ss\u00e4 tarkoittaisi, ett\u00e4 t\u00e4m\u00e4 uhka-arvio muuttuisi?<\/strong><\/p>\n<p class=\"paragraph\">\u2013 Kyll\u00e4.<\/p>\n<p class=\"paragraph\">P\u00e4\u00e4ministeri <strong>Petteri Orpo<\/strong> (kok) v\u00e4l\u00e4ytti \u00e4skett\u00e4in p\u00e4\u00e4ministerin haastattelutunnilla <a href=\"https:\/\/areena.yle.fi\/1-76384893\" rel=\"noopener nofollow\" target=\"_blank\">Ylen Radio Suomessa<\/a> yhden it\u00e4rajan ylityspaikan avaamista. Orpokin asetti rajan avaamisen ehdoksi sen, ett\u00e4 Ven\u00e4j\u00e4 ei p\u00e4\u00e4st\u00e4 Suomeen en\u00e4\u00e4 ihmisi\u00e4, joilla ei ole asianmukaisia maahantuloasiakirjoja. Suomessa t\u00e4t\u00e4 on nimitetty v\u00e4lineellistetyksi maahantuloksi.<\/p>\n<p>\u201dAmmattimainen\u201d<\/p>\n<p>Eversti Jaakko Olli kuvailee it\u00e4rajan tilannetta ennakoimattomaksi, mutta hallinnassa olevaksi. Rajavartiolaitos<\/p>\n<p class=\"paragraph\">Olli ei l\u00e4hde tarkemmin avaamaan Suomen viranomaisten hankkiman tiedon l\u00e4hteit\u00e4, mutta kertoo rajavaltuutettuna k\u00e4yv\u00e4ns\u00e4 jatkuvasti keskustelua Ven\u00e4j\u00e4n rajavaltuutetun kanssa it\u00e4rajan asioista, ja t\u00e4m\u00e4 on yksi tiedon l\u00e4hde muiden joukossa.<\/p>\n<p class=\"paragraph\">Suomi on nimennyt rajavaltuutetut jokaiselle nelj\u00e4lle Rajavartiolaitoksen it\u00e4iselle toiminta-alueelle. K\u00e4yt\u00e4nn\u00f6ss\u00e4 he ovat alueen rajavartioston komentajia ja heille on annettu valtuudet sopia Ven\u00e4j\u00e4n valtuutettujen kanssa muun muassa rajanylityksen k\u00e4yt\u00e4nn\u00f6n asioista. K\u00e4yt\u00e4nt\u00f6 on ollut voimassa noin 70 vuotta. Vastaavaa j\u00e4rjestely\u00e4 ei ole k\u00e4yt\u00f6ss\u00e4 Suomen muilla rajoilla.<\/p>\n<p class=\"paragraph\">Olli kertoo tavanneensa ven\u00e4l\u00e4isen kollegansa Viipurin rajavaltuutetun t\u00e4n\u00e4 vuonna nelj\u00e4 kertaa. Tapaamisissa on k\u00e4sitelty rajalla tapahtuneita asioita aina luvattomista rajanylityksist\u00e4 rajalle kaatuneisiin puihin. H\u00e4n kuvailee yhteytt\u00e4 ven\u00e4l\u00e4isiin rajaviranomaisiin t\u00e4ll\u00e4 hetkell\u00e4 \u201dammattimaiseksi keskusteluyhteydeksi\u201d.<\/p>\n<p class=\"paragraph\">Ennen koronapandemiaa ja Ven\u00e4j\u00e4n t\u00e4ysimittaista hy\u00f6kk\u00e4yst\u00e4 Ukrainaan valtuutetut tapasivat noin kerran kuukaudessa. Olli kertoo, ett\u00e4 edelleen h\u00e4nell\u00e4 on tarvittaessa olemassa kanava ottaa nopeastikin yhteytt\u00e4 Ven\u00e4j\u00e4n rajavaltuutettuun.<\/p>\n<p class=\"paragraph\">\u2013 Joitakin kertoja t\u00e4n\u00e4 vuonna n\u00e4in on tehtykin ja nopeasti sielt\u00e4 on vastattu, h\u00e4n sanoo.<\/p>\n<p>Aita kiinnostanut<\/p>\n<p>It\u00e4raja on suljettu henkil\u00f6liikenteelt\u00e4 joulukuun puoliv\u00e4list\u00e4 2023 l\u00e4htien. Kuva Vaalimaalta v\u00e4h\u00e4n ennen rajan sulkemista. Pete Anikari<\/p>\n<p class=\"paragraph\">Ollin mukaan it\u00e4rajalla on ollut koko vuoden ajan jatkuvasti pient\u00e4 aktiviteettia, jota on tullut erityisesti Suomen puolelta. H\u00e4iri\u00f6it\u00e4 ovat aiheuttaneet erityisesti it\u00e4rajalle nousevasta esteaidasta kiinnostuneet ihmiset, jotka ovat ilman lupaa menneet rajavy\u00f6hykkeelle. Asialla ovat olleet niin suomalaiset kuin eurooppalaiset matkailijat, jotka ovat halunneet tulla katsomaan paljon julkisuutta saanutta aitaa.<\/p>\n<p class=\"paragraph\">\u2013 Ja me olemme saaneet n\u00e4it\u00e4 turisteja aika paljon h\u00e4tistell\u00e4 tuosta rajavy\u00f6hykkeen reunamilta ja my\u00f6s sakottaa, kun sinne ovat luvatta menneet.<\/p>\n<p class=\"paragraph\">Laittomia rajanylityksi\u00e4 on h\u00e4nen mukaansa tapahtunut kumpaankin suuntaan t\u00e4n\u00e4 vuonna varsin v\u00e4h\u00e4n.<\/p>\n<p class=\"paragraph\">Aidasta kiinnostuneiden turistien lis\u00e4ksi it\u00e4rajan aitaa ovat kuitenkin saattaneet k\u00e4yd\u00e4 katsomassa muutkin tahot.<\/p>\n<p class=\"paragraph\">\u2013 Toki sinne joukkoon mahtuu aina sellaisia henkil\u00f6it\u00e4, joilla voi olla joku muukin tarkoitusper\u00e4 ja t\u00e4m\u00e4n takia me valvomme siell\u00e4 hyvinkin tarkasti kaikkia liikkujia.<\/p>\n<p>\u201dV\u00e4ltt\u00e4m\u00e4t\u00f6n\u201d<\/p>\n<p>It\u00e4rajalle parhaillaan nouseva uusi esteaita on kiinnostanut ihmisi\u00e4. Rajavartiosto on joutunut jakamaan sakkoja monille rajavy\u00f6hykkeelle aitaa katsomaan tulleille. Rajavartiolaitos<\/p>\n<p class=\"paragraph\">Uutta raja-aitaa on pystyss\u00e4 jo noin 120 kilometri\u00e4. Olli kertoo rakentamisen etenev\u00e4n aikataulussa ja Rajavartiolaitoksen ottavan sit\u00e4 k\u00e4ytt\u00f6\u00f6n sopiva osuus kerrallaan.<\/p>\n<p class=\"paragraph\">Aidan rakentamisen on m\u00e4\u00e4r\u00e4 olla valmis ensi vuoden lopulla. T\u00e4ll\u00f6in sit\u00e4 on 1300 kilometrin mittaisella it\u00e4rajalla noin 200 kilometrin verran. Kaikkein eniten aita vaikuttaa juuri Kaakkois-Suomen rajavartioston toimintaan, sill\u00e4 aidasta kaksikolmasosaa tulee olemaan sen alueella. Aitaa tehd\u00e4\u00e4n kuitenkin muuallekin aina Lappia my\u00f6ten ja uusimman osuuden avajaisia vietet\u00e4\u00e4n keskiviikkona Sallassa.<\/p>\n<p class=\"paragraph\">Jaakko Olli listaa nelj\u00e4 kokonaisuutta, joita aita hy\u00f6dytt\u00e4\u00e4.<\/p>\n<p class=\"paragraph\">\u2013 Ensimm\u00e4inen on, ett\u00e4 se hidastaa luvattomia rajanylityksi\u00e4. Mik\u00e4\u00e4n muuri tai aita ei est\u00e4 niit\u00e4 kokonaan, mutta se antaa meille aikaa puuttua n\u00e4ihin. Toinen on v\u00e4lineellistetyn maahantulon tilanne, jossa se on v\u00e4ltt\u00e4m\u00e4t\u00f6n. Aita muun muassa lis\u00e4\u00e4 meid\u00e4n henkil\u00f6kunnan turvallisuutta, h\u00e4n sanoo.<\/p>\n<p class=\"paragraph\">Aidan hy\u00f6tyihin kuuluvat h\u00e4nen mukaansa my\u00f6s siihen rakentuva valvontaj\u00e4rjestelm\u00e4, joka parantaa rajavartioston tilannekuvaa rajalta, sek\u00e4 aidan viereen rakennettava tie.<\/p>\n<p class=\"paragraph\">\u2013 Se nopeuttaa meid\u00e4n liikkumista rajalla.<\/p>\n","protected":false},"excerpt":{"rendered":"Kaakkois-Suomen Rajavartioston komentajan mukaan on varsin todenn\u00e4k\u00f6ist\u00e4, ett\u00e4 Ven\u00e4j\u00e4 jatkaisi sit\u00e4 toimintaa, mink\u00e4 takia it\u00e4raja suljettiin. Kaakkois-Suomen rajavartioston&hellip;\n","protected":false},"author":2,"featured_media":99110,"comment_status":"","ping_status":"","sticky":false,"template":"","format":"standard","meta":{"footnotes":""},"categories":[12],"tags":[35,22,23,26,27,33,31,30,17,24,25,28,29,15,18,21,637,878,2535,32,19,20,2534,4280,16],"class_list":{"0":"post-99109","1":"post","2":"type-post","3":"status-publish","4":"format-standard","5":"has-post-thumbnail","7":"category-suomi","8":"tag-24h","9":"tag-breaking-news","10":"tag-breakingnews","11":"tag-featured-news","12":"tag-featurednews","13":"tag-fi","14":"tag-finland","15":"tag-finnish","16":"tag-headlines","17":"tag-latest-news","18":"tag-latestnews","19":"tag-main-news","20":"tag-mainnews","21":"tag-news","22":"tag-otsikot","23":"tag-paauutiset","24":"tag-politiikka","25":"tag-puolustus-ja-rajavalvonta-maanpuolustus","26":"tag-puolustuspolitiikka","27":"tag-suomi","28":"tag-top-stories","29":"tag-topstories","30":"tag-turvallisuuspolitiikka","31":"tag-ulkoasiain-hallinto-maanpuolustus-ja-jarjestystoimi","32":"tag-uutiset"},"share_on_mastodon":{"url":"https:\/\/pubeurope.com\/@fi\/115606994893239270","error":""},"_links":{"self":[{"href":"https:\/\/www.europesays.com\/fi\/wp-json\/wp\/v2\/posts\/99109","targetHints":{"allow":["GET"]}}],"collection":[{"href":"https:\/\/www.europesays.com\/fi\/wp-json\/wp\/v2\/posts"}],"about":[{"href":"https:\/\/www.europesays.com\/fi\/wp-json\/wp\/v2\/types\/post"}],"author":[{"embeddable":true,"href":"https:\/\/www.europesays.com\/fi\/wp-json\/wp\/v2\/users\/2"}],"replies":[{"embeddable":true,"href":"https:\/\/www.europesays.com\/fi\/wp-json\/wp\/v2\/comments?post=99109"}],"version-history":[{"count":0,"href":"https:\/\/www.europesays.com\/fi\/wp-json\/wp\/v2\/posts\/99109\/revisions"}],"wp:featuredmedia":[{"embeddable":true,"href":"https:\/\/www.europesays.com\/fi\/wp-json\/wp\/v2\/media\/99110"}],"wp:attachment":[{"href":"https:\/\/www.europesays.com\/fi\/wp-json\/wp\/v2\/media?parent=99109"}],"wp:term":[{"taxonomy":"category","embeddable":true,"href":"https:\/\/www.europesays.com\/fi\/wp-json\/wp\/v2\/categories?post=99109"},{"taxonomy":"post_tag","embeddable":true,"href":"https:\/\/www.europesays.com\/fi\/wp-json\/wp\/v2\/tags?post=99109"}],"curies":[{"name":"wp","href":"https:\/\/api.w.org\/{rel}","templated":true}]}}