{"id":99118,"date":"2025-11-24T22:41:16","date_gmt":"2025-11-24T22:41:16","guid":{"rendered":"https:\/\/www.europesays.com\/fi\/99118\/"},"modified":"2025-11-24T22:41:16","modified_gmt":"2025-11-24T22:41:16","slug":"markkinaoikeuden-paatos-sahkoverkkotoiminnan-valvontamenetelmista-on-kielteinen-sahkoverkkojen-kehittamiselle","status":"publish","type":"post","link":"https:\/\/www.europesays.com\/fi\/99118\/","title":{"rendered":"Markkinaoikeuden p\u00e4\u00e4t\u00f6s s\u00e4hk\u00f6verkkotoiminnan valvontamenetelmist\u00e4 on kielteinen s\u00e4hk\u00f6verkkojen kehitt\u00e4miselle"},"content":{"rendered":"<p><strong><\/p>\n<p>Markkinaoikeus on antanut p\u00e4\u00e4t\u00f6ksens\u00e4 koskien Energiaviraston vuosille 2024-2031 vahvistamia s\u00e4hk\u00f6verkkoyhti\u00f6iden valvontamenetelmi\u00e4. Markkinaoikeus on hyl\u00e4nnyt verkkoyhti\u00f6iden valitukset. L\u00e4hes 70 suomalaista s\u00e4hk\u00f6verkkoyhti\u00f6t\u00e4 valittivat Energiaviraston vahvistusp\u00e4\u00e4t\u00f6ksest\u00e4 tammikuussa 2024.<\/p>\n<p><\/strong><\/p>\n<p>S\u00e4hk\u00f6verkkoyhti\u00f6t pit\u00e4v\u00e4t Energiaviraston valvontamenetelmiin tekemi\u00e4 muutoksia osin lainvastaisina ja kohtuuttomina, ja ovat my\u00f6s tuoneet t\u00e4m\u00e4n toistuvasti esiin. Markkinaoikeus on tuoreessa ratkaisussaan hyl\u00e4nnyt yhti\u00f6iden valitukset.<\/p>\n<p>Energiateollisuus on eritt\u00e4in pettynyt markkinaoikeuden ratkaisuun eik\u00e4 pid\u00e4 sit\u00e4 yhteiskunnan edun mukaisena. Energiateollisuus n\u00e4kee, ett\u00e4 ratkaisu vaarantaa v\u00e4ltt\u00e4m\u00e4tt\u00f6m\u00e4n s\u00e4hk\u00f6verkkojen kehitt\u00e4misen.<\/p>\n<p>Energiateollisuus pit\u00e4\u00e4 eritt\u00e4in t\u00e4rke\u00e4n\u00e4 Suomen kilpailukyvyn edist\u00e4misen, huoltovarmuuden varmistamisen ja hiilineutraalisuustavoitteiden saavuttamisen kannalta, ett\u00e4 s\u00e4hk\u00f6verkkojen riitt\u00e4v\u00e4lle kehitt\u00e4miselle on tosiasialliset edellytykset. S\u00e4hk\u00f6verkkoyhti\u00f6iden mahdollisuus rahoittaa verkkojen kehitt\u00e4miseksi tarvittavat investoinnit riippuu kaikkein eniten verkkotoiminnan valvontamenetelmist\u00e4. Valvontamenetelmien uudelleen arviointi onkin siksi v\u00e4ltt\u00e4m\u00e4t\u00f6nt\u00e4 s\u00e4hk\u00f6istymisen mahdollistamiseksi ja Suomen tulevaisuuden talouskasvun varmistamiseksi. S\u00e4hk\u00f6verkkojen riitt\u00e4v\u00e4 ja oikea-aikainen kehitt\u00e4minen on asiakkaiden ja koko yhteiskunnan etu.<\/p>\n<p>Markkinaoikeuden p\u00e4\u00e4t\u00f6s ei ole viel\u00e4 lainvoimainen. Seuraavaksi on t\u00e4rke\u00e4\u00e4, ett\u00e4 verkkoyhti\u00f6t tutustuvat ratkaisuun ja sen yksityiskohtiin tarkemmin ja arvioivat tarvittavia toimenpiteit\u00e4.<\/p>\n","protected":false},"excerpt":{"rendered":"Markkinaoikeus on antanut p\u00e4\u00e4t\u00f6ksens\u00e4 koskien Energiaviraston vuosille 2024-2031 vahvistamia s\u00e4hk\u00f6verkkoyhti\u00f6iden valvontamenetelmi\u00e4. Markkinaoikeus on hyl\u00e4nnyt verkkoyhti\u00f6iden valitukset. L\u00e4hes 70&hellip;\n","protected":false},"author":2,"featured_media":99119,"comment_status":"","ping_status":"","sticky":false,"template":"","format":"standard","meta":{"footnotes":""},"categories":[76],"tags":[79,77,33,31,30,32,78],"class_list":{"0":"post-99118","1":"post","2":"type-post","3":"status-publish","4":"format-standard","5":"has-post-thumbnail","7":"category-talous","8":"tag-business","9":"tag-economy","10":"tag-fi","11":"tag-finland","12":"tag-finnish","13":"tag-suomi","14":"tag-talous"},"share_on_mastodon":{"url":"https:\/\/pubeurope.com\/@fi\/115607088951054751","error":""},"_links":{"self":[{"href":"https:\/\/www.europesays.com\/fi\/wp-json\/wp\/v2\/posts\/99118","targetHints":{"allow":["GET"]}}],"collection":[{"href":"https:\/\/www.europesays.com\/fi\/wp-json\/wp\/v2\/posts"}],"about":[{"href":"https:\/\/www.europesays.com\/fi\/wp-json\/wp\/v2\/types\/post"}],"author":[{"embeddable":true,"href":"https:\/\/www.europesays.com\/fi\/wp-json\/wp\/v2\/users\/2"}],"replies":[{"embeddable":true,"href":"https:\/\/www.europesays.com\/fi\/wp-json\/wp\/v2\/comments?post=99118"}],"version-history":[{"count":0,"href":"https:\/\/www.europesays.com\/fi\/wp-json\/wp\/v2\/posts\/99118\/revisions"}],"wp:featuredmedia":[{"embeddable":true,"href":"https:\/\/www.europesays.com\/fi\/wp-json\/wp\/v2\/media\/99119"}],"wp:attachment":[{"href":"https:\/\/www.europesays.com\/fi\/wp-json\/wp\/v2\/media?parent=99118"}],"wp:term":[{"taxonomy":"category","embeddable":true,"href":"https:\/\/www.europesays.com\/fi\/wp-json\/wp\/v2\/categories?post=99118"},{"taxonomy":"post_tag","embeddable":true,"href":"https:\/\/www.europesays.com\/fi\/wp-json\/wp\/v2\/tags?post=99118"}],"curies":[{"name":"wp","href":"https:\/\/api.w.org\/{rel}","templated":true}]}}