{"id":99122,"date":"2025-11-24T22:43:10","date_gmt":"2025-11-24T22:43:10","guid":{"rendered":"https:\/\/www.europesays.com\/fi\/99122\/"},"modified":"2025-11-24T22:43:10","modified_gmt":"2025-11-24T22:43:10","slug":"autoilija-tormasi-pyorailijaan-poliisi-pyytaa-ilmoittautumaan","status":"publish","type":"post","link":"https:\/\/www.europesays.com\/fi\/99122\/","title":{"rendered":"Autoilija t\u00f6rm\u00e4si py\u00f6r\u00e4ilij\u00e4\u00e4n \u2013 poliisi pyyt\u00e4\u00e4 ilmoittautumaan"},"content":{"rendered":"<p>Py\u00f6r\u00e4 vaurioitui kolarissa.<\/p>\n<p>24.11. 16:28<\/p>\n<p class=\"article-body mb-nof-24 px-nof-16\">Poliisi pyyt\u00e4\u00e4 vihjeit\u00e4 Kuopiossa perjantaina 14. marraskuuta sattuneesta onnettomuudesta.<\/p>\n<p class=\"article-body mb-nof-24 px-nof-16\">Tilanne sai alkunsa, kun polkupy\u00f6r\u00e4ilij\u00e4 oli ylitt\u00e4m\u00e4ss\u00e4 suojatiet\u00e4 Valkeisenkadulla iltap\u00e4iv\u00e4ll\u00e4 hieman ennen viitt\u00e4. Suojatien takana oli ollut pys\u00e4htyneen\u00e4 henkil\u00f6auto, jonka kuljettaja oli l\u00e4htenyt yll\u00e4tt\u00e4en liikkeelle polkupy\u00f6r\u00e4ilij\u00e4n ollessa suojatiell\u00e4.<\/p>\n<p class=\"article-body mb-nof-24 px-nof-16\">Autoilija oli t\u00f6rm\u00e4nnyt py\u00f6r\u00e4ilij\u00e4\u00e4n, joka oli osittain kaatunut t\u00e4m\u00e4n seurauksena.<\/p>\n<p class=\"article-body mb-nof-24 px-nof-16\">Autoa kuljettanut vanhempi mies oli pys\u00e4htynyt ja kysynyt py\u00f6r\u00e4ilij\u00e4n vointia. Py\u00f6r\u00e4ilij\u00e4 oli kertonut olevansa kunnossa, mink\u00e4 j\u00e4lkeen autoilija oli jatkanut matkaansa.<\/p>\n<p class=\"article-body mb-nof-24 px-nof-16\">J\u00e4lkeenp\u00e4in py\u00f6r\u00e4ilij\u00e4 oli kuitenkin huomannut py\u00f6r\u00e4ns\u00e4 vaurioituneen kolarissa.<\/p>\n<p class=\"article-body mb-nof-24 px-nof-16\">Py\u00f6r\u00e4ilij\u00e4 ei enn\u00e4tt\u00e4nyt ottaa auton rekisteritunnusta yl\u00f6s. Auto on ollut porrasper\u00e4inen ja vaalean v\u00e4rinen. Kuljettajan lis\u00e4ksi autossa oli etupenkill\u00e4 kyydiss\u00e4 nainen.<\/p>\n<p class=\"article-body mb-nof-24 px-nof-16\">Poliisi pyyt\u00e4\u00e4 kuljettajaa ottamaan yhteytt\u00e4 Kuopion poliisip\u00e4ivystykseen numeroon 0295\u00a0415\u00a0240 tai laittamaan omat yhteystiedot s\u00e4hk\u00f6posti\u00adosoitteeseen poliisipaivystys.ita-suomi@poliisi.fi.<\/p>\n<p class=\"article-body mb-nof-24 px-nof-16\">Poliisi on kiinnostunut lis\u00e4ksi tapauksen mahdollisesti n\u00e4hneiden havainnosta. Kaikki tiedot tapaukseen liittyen voi ilmoittaa It\u00e4-Suomen poliisilaitoksen vihjenumeroon 0295\u00a0415\u00a0232 tai s\u00e4hk\u00f6postilla vihjeet.ita-suomi@poliisi.fi.<\/p>\n","protected":false},"excerpt":{"rendered":"Py\u00f6r\u00e4 vaurioitui kolarissa. 24.11. 16:28 Poliisi pyyt\u00e4\u00e4 vihjeit\u00e4 Kuopiossa perjantaina 14. marraskuuta sattuneesta onnettomuudesta. Tilanne sai alkunsa, kun&hellip;\n","protected":false},"author":2,"featured_media":1024,"comment_status":"","ping_status":"","sticky":false,"template":"","format":"standard","meta":{"footnotes":""},"categories":[12],"tags":[22,23,26,27,33,31,30,17,34,24,25,28,29,15,18,21,32,19,20,16],"class_list":{"0":"post-99122","1":"post","2":"type-post","3":"status-publish","4":"format-standard","5":"has-post-thumbnail","7":"category-suomi","8":"tag-breaking-news","9":"tag-breakingnews","10":"tag-featured-news","11":"tag-featurednews","12":"tag-fi","13":"tag-finland","14":"tag-finnish","15":"tag-headlines","16":"tag-ilta-sanomat","17":"tag-latest-news","18":"tag-latestnews","19":"tag-main-news","20":"tag-mainnews","21":"tag-news","22":"tag-otsikot","23":"tag-paauutiset","24":"tag-suomi","25":"tag-top-stories","26":"tag-topstories","27":"tag-uutiset"},"share_on_mastodon":{"url":"https:\/\/pubeurope.com\/@fi\/115607096905152944","error":""},"_links":{"self":[{"href":"https:\/\/www.europesays.com\/fi\/wp-json\/wp\/v2\/posts\/99122","targetHints":{"allow":["GET"]}}],"collection":[{"href":"https:\/\/www.europesays.com\/fi\/wp-json\/wp\/v2\/posts"}],"about":[{"href":"https:\/\/www.europesays.com\/fi\/wp-json\/wp\/v2\/types\/post"}],"author":[{"embeddable":true,"href":"https:\/\/www.europesays.com\/fi\/wp-json\/wp\/v2\/users\/2"}],"replies":[{"embeddable":true,"href":"https:\/\/www.europesays.com\/fi\/wp-json\/wp\/v2\/comments?post=99122"}],"version-history":[{"count":0,"href":"https:\/\/www.europesays.com\/fi\/wp-json\/wp\/v2\/posts\/99122\/revisions"}],"wp:featuredmedia":[{"embeddable":true,"href":"https:\/\/www.europesays.com\/fi\/wp-json\/wp\/v2\/media\/1024"}],"wp:attachment":[{"href":"https:\/\/www.europesays.com\/fi\/wp-json\/wp\/v2\/media?parent=99122"}],"wp:term":[{"taxonomy":"category","embeddable":true,"href":"https:\/\/www.europesays.com\/fi\/wp-json\/wp\/v2\/categories?post=99122"},{"taxonomy":"post_tag","embeddable":true,"href":"https:\/\/www.europesays.com\/fi\/wp-json\/wp\/v2\/tags?post=99122"}],"curies":[{"name":"wp","href":"https:\/\/api.w.org\/{rel}","templated":true}]}}