{"id":99123,"date":"2025-11-24T22:44:15","date_gmt":"2025-11-24T22:44:15","guid":{"rendered":"https:\/\/www.europesays.com\/fi\/99123\/"},"modified":"2025-11-24T22:44:15","modified_gmt":"2025-11-24T22:44:15","slug":"tamperelaisen-tubettajan-weksin-elaman-hulluin-ja-rehellisin-haaste-on-kerannyt-youtubessa-jo-14-miljoonaa-katselukertaa","status":"publish","type":"post","link":"https:\/\/www.europesays.com\/fi\/99123\/","title":{"rendered":"Tamperelaisen tubettajan Weksin \u201del\u00e4m\u00e4n hulluin ja rehellisin haaste\u201d on ker\u00e4nnyt Youtubessa jo 1,4 miljoonaa katselukertaa"},"content":{"rendered":"<p>Tubettaja Henry Weckstr\u00f6m eli Weksi julkaisi haastevideon, jonka rinnalla h\u00e4n avaa pys\u00e4ytt\u00e4v\u00e4n totuuden lapsuudestaan. Videolla h\u00e4n tahtoo v\u00e4litt\u00e4\u00e4 my\u00f6s vahvan viestin etenkin miesten mielenterveyden puolesta.<\/p>\n<p>24.11. 16:45<\/p>\n<p class=\"article-body mb-nof-24 px-nof-16\">Aamulehti<\/p>\n<p>Lue tiivistelm\u00e4<\/p>\n<p>Tiivistelm\u00e4 on teko\u00e4lyn tekem\u00e4 ja ihmisen tarkistama.<\/p>\n<p class=\"article-body mb-nof-24 px-nof-16 sndp-summary-bullet-point-font\">Tampereella asuva tubettaja Weksi eli Henry Weckstr\u00f6m kertoo uudella Youtube-videollaan avoimesti lapsuudestaan, jota varjosti \u00e4idin alkoholismi ja l\u00e4\u00e4keriippuvuus.<\/p>\n<p class=\"article-body mb-nof-24 px-nof-16 sndp-summary-bullet-point-font\">Yli kaksi tuntia kest\u00e4v\u00e4 video on ker\u00e4nnyt vajaan viikon aikana 1,4 miljoonaa katselukertaa.<\/p>\n<p class=\"article-body mb-nof-24 px-nof-16 sndp-summary-bullet-point-font\">Videon taustalla on haaste, jossa Weckstr\u00f6m ja h\u00e4nen yst\u00e4v\u00e4ns\u00e4 selviytyv\u00e4t Norjan er\u00e4maasta Suomeen ilman rahaa tai k\u00e4nnyk\u00f6it\u00e4 72 tunnissa.<\/p>\n<p class=\"article-body mb-nof-24 px-nof-16 sndp-summary-bullet-point-font\">Videolla Weckstr\u00f6m pyrkii her\u00e4tt\u00e4m\u00e4\u00e4n keskustelua miesten mielenterveydest\u00e4 ja siihen liittyv\u00e4st\u00e4 puhumattomuudesta.<\/p>\n<p class=\"article-body mb-nof-24 px-nof-16\">Tampereella asuva tubettaja Weksi eli <a class=\"article-personlink\" href=\"https:\/\/www.aamulehti.fi\/haku\/?query=Henry%20Weckstr%C3%B6m\" rel=\"nofollow noopener\" target=\"_blank\">Henry Weckstr\u00f6m<\/a> julkaisi vajaa viikko sitten Youtube-kanavallaan videon, joka on ker\u00e4nnyt jo 1,4 miljoonaa katselukertaa.<\/p>\n<p class=\"article-body mb-nof-24 px-nof-16\">Kuten Weckstr\u00f6m videonsa alkusanoissa toteaa, kyseess\u00e4 ei kuitenkaan ole tavallinen haastevideo, vaikka haaste, jonka ymp\u00e4rille videon tarina kietoutuu, on jo itsess\u00e4\u00e4n eritt\u00e4in j\u00e4nnitt\u00e4v\u00e4.<\/p>\n<p class=\"article-body mb-nof-24 px-nof-16\">Weckstr\u00f6min ja h\u00e4nen yst\u00e4v\u00e4ns\u00e4 <a class=\"article-personlink\" href=\"https:\/\/www.aamulehti.fi\/haku\/?query=Andreas%20Tolosen\" rel=\"nofollow noopener\" target=\"_blank\">Andreas Tolosen<\/a> on selvitt\u00e4v\u00e4 keskelt\u00e4 Norjan er\u00e4maata ilman rahaa tai k\u00e4nnyk\u00f6it\u00e4 Suomeen, Weckstr\u00f6min is\u00e4n luo Porvoon Kerkkooseen.<\/p>\n<p class=\"article-body mb-nof-24 px-nof-16\">Norjaan kaksikko p\u00e4\u00e4tyi hyp\u00e4tty\u00e4\u00e4n lentokoneesta silm\u00e4t sidottuina, vailla tietoa tarkasta laskeutumispaikastaan. Aikaa t\u00e4h\u00e4n selviytymishaasteeseen on tasan 72 tuntia.<\/p>\n<p class=\"article-body mb-nof-24 px-nof-16\">Haasteen taustalla oleva tarina on kuitenkin se, mik\u00e4 on her\u00e4tt\u00e4nyt runsaasti keskustelua ja reaktioita my\u00f6s sosiaalisessa mediassa. Yli kaksi tuntia kest\u00e4v\u00e4n videon aikana Weckstr\u00f6m kertoo poikkeuksellisen avoimesti lapsuudestaan, jota varjosti \u00e4idin alkoholismi ja l\u00e4\u00e4keriippuvuus.<\/p>\n<p class=\"article-body mb-nof-24 px-nof-16\">\u201dTodellisuudessa t\u00e4\u00e4 video ei kuitenkaan kerro laskuvarjohypyst\u00e4. T\u00e4\u00e4 video on pudotus pois roolista, suoraan siihen pimeyteen, jota oon salaillu ja h\u00e4venny koko mun el\u00e4m\u00e4ni ajan\u201d, Weckstr\u00f6m kirjoittaa videota koskevassa Instagram-p\u00e4ivityksess\u00e4\u00e4n.<\/p>\n<p class=\"article-body mb-nof-24 px-nof-16\">Sosiaalisen median sis\u00e4ll\u00f6ntuottaja ja tubettaja, joka tunnetaan nimell\u00e4 Weksi.<\/p>\n<p class=\"article-body mb-nof-24 px-nof-16\">32-vuotias.<\/p>\n<p class=\"article-body mb-nof-24 px-nof-16\">Asuu Tampereella yhdess\u00e4 avopuolisonsa kanssa. Lapsuudenkoti Porvoon Kerkkoossa.<\/p>\n<p class=\"article-body mb-nof-24 px-nof-16\">Tiktokissa h\u00e4nell\u00e4 on yli 429\u202f000 seuraajaa. Youtubessa 121\u202f000 tilaajaa, ja Instagramissa seuraajia on yli 96\u202f000.<\/p>\n<p class=\"article-body mb-nof-24 px-nof-16\">Ty\u00f6skennellyt muun muassa vakuutusyhti\u00f6ss\u00e4 ja pankissa ennen ryhtymist\u00e4 yritt\u00e4j\u00e4ksi.<\/p>\n<p>Painava viesti<\/p>\n<p class=\"article-body mb-nof-24 px-nof-16\">Weckstr\u00f6m mainitsee Youtube-videonsa esittelytekstiss\u00e4 haasteen olevan el\u00e4m\u00e4ns\u00e4 hulluin, mutta samalla my\u00f6s rehellisin.<\/p>\n<p class=\"article-body mb-nof-24 px-nof-16\">Jo videon ensimm\u00e4isten minuuttien aikana Weckstr\u00f6min lapsuudenkokemukset esitet\u00e4\u00e4n katsojalle eritt\u00e4in todentuntuisesti. Videolla n\u00e4ytet\u00e4\u00e4n takaumakohtauksia, jotka on toteutettu lavastetussa ymp\u00e4rist\u00f6ss\u00e4 ja n\u00e4yttelij\u00f6iden esitt\u00e4m\u00e4n\u00e4.<\/p>\n<p class=\"article-body mb-nof-24 px-nof-16\">P\u00e4\u00e4osa videosta koostuu takaumakohtauksista ja klipeist\u00e4, jotka seuraavat Weckstr\u00f6min ja Tolosen haasteen etenemist\u00e4. Mukana on kuitenkin my\u00f6s aitoja videop\u00e4tki\u00e4 Weckstr\u00f6min lapsuudesta.<\/p>\n<p class=\"article-body mb-nof-24 px-nof-16\">Instagram-p\u00e4ivityksess\u00e4\u00e4n Weckstr\u00f6m kertoo, kuinka h\u00e4n editoi videota yli 14 kuukauden ajan: \u201dJa l\u00e4hes jokaikinen p\u00e4iv\u00e4 m\u00e4 oon itkeny t\u00e4n ruudun edess\u00e4 repien itteeni auki pala palalta\u201d, h\u00e4n kirjoittaa.<\/p>\n<p class=\"article-body mb-nof-24 px-nof-16\">Kyseinen Instagram-p\u00e4ivitys on ker\u00e4nnyt viidess\u00e4 p\u00e4iv\u00e4ss\u00e4 yli 96\u202f000 tykk\u00e4yst\u00e4 ja l\u00e4hes 3\u202f000 kommenttia.<\/p>\n<p class=\"article-body mb-nof-24 px-nof-16\">Videon lopussa Weckstr\u00f6m haluaa v\u00e4litt\u00e4\u00e4 katsojalle painavan viestin, jonka vakavuutta korostaa mustalle taustalle ilmestyv\u00e4 teksti ilman taustamusiikkia. H\u00e4n pyrkii her\u00e4tt\u00e4m\u00e4\u00e4n keskustelua erityisesti miesten mielenterveydest\u00e4 ja siihen usein liittyv\u00e4st\u00e4 puhumattomuudesta, ongelmasta jonka kanssa h\u00e4n on itsekin kamppaillut.<\/p>\n<p class=\"article-body mb-nof-24 px-nof-16\">\u201dM\u00e4 haluan muuttaa t\u00e4n, mutta en pysty siihen yksin. Joten muutetaanko se yhdess\u00e4?\u201d kysyy Weckstr\u00f6m videonsa lopussa.<\/p>\n","protected":false},"excerpt":{"rendered":"Tubettaja Henry Weckstr\u00f6m eli Weksi julkaisi haastevideon, jonka rinnalla h\u00e4n avaa pys\u00e4ytt\u00e4v\u00e4n totuuden lapsuudestaan. Videolla h\u00e4n tahtoo v\u00e4litt\u00e4\u00e4&hellip;\n","protected":false},"author":2,"featured_media":99124,"comment_status":"","ping_status":"","sticky":false,"template":"","format":"standard","meta":{"footnotes":""},"categories":[5],"tags":[157,22,23,26,27,33,31,30,17,24,25,28,29,15,18,21,32,19,20,16],"class_list":{"0":"post-99123","1":"post","2":"type-post","3":"status-publish","4":"format-standard","5":"has-post-thumbnail","7":"category-otsikot","8":"tag-aamulehti","9":"tag-breaking-news","10":"tag-breakingnews","11":"tag-featured-news","12":"tag-featurednews","13":"tag-fi","14":"tag-finland","15":"tag-finnish","16":"tag-headlines","17":"tag-latest-news","18":"tag-latestnews","19":"tag-main-news","20":"tag-mainnews","21":"tag-news","22":"tag-otsikot","23":"tag-paauutiset","24":"tag-suomi","25":"tag-top-stories","26":"tag-topstories","27":"tag-uutiset"},"share_on_mastodon":{"url":"https:\/\/pubeurope.com\/@fi\/115607100663561753","error":""},"_links":{"self":[{"href":"https:\/\/www.europesays.com\/fi\/wp-json\/wp\/v2\/posts\/99123","targetHints":{"allow":["GET"]}}],"collection":[{"href":"https:\/\/www.europesays.com\/fi\/wp-json\/wp\/v2\/posts"}],"about":[{"href":"https:\/\/www.europesays.com\/fi\/wp-json\/wp\/v2\/types\/post"}],"author":[{"embeddable":true,"href":"https:\/\/www.europesays.com\/fi\/wp-json\/wp\/v2\/users\/2"}],"replies":[{"embeddable":true,"href":"https:\/\/www.europesays.com\/fi\/wp-json\/wp\/v2\/comments?post=99123"}],"version-history":[{"count":0,"href":"https:\/\/www.europesays.com\/fi\/wp-json\/wp\/v2\/posts\/99123\/revisions"}],"wp:featuredmedia":[{"embeddable":true,"href":"https:\/\/www.europesays.com\/fi\/wp-json\/wp\/v2\/media\/99124"}],"wp:attachment":[{"href":"https:\/\/www.europesays.com\/fi\/wp-json\/wp\/v2\/media?parent=99123"}],"wp:term":[{"taxonomy":"category","embeddable":true,"href":"https:\/\/www.europesays.com\/fi\/wp-json\/wp\/v2\/categories?post=99123"},{"taxonomy":"post_tag","embeddable":true,"href":"https:\/\/www.europesays.com\/fi\/wp-json\/wp\/v2\/tags?post=99123"}],"curies":[{"name":"wp","href":"https:\/\/api.w.org\/{rel}","templated":true}]}}