{"id":99126,"date":"2025-11-24T23:03:10","date_gmt":"2025-11-24T23:03:10","guid":{"rendered":"https:\/\/www.europesays.com\/fi\/99126\/"},"modified":"2025-11-24T23:03:10","modified_gmt":"2025-11-24T23:03:10","slug":"ukrainasta-sotaa-paennut-danylo-yavhusishyn-voitti-historiallisesti-sumoturnauksen-urheilua-lyhyesti","status":"publish","type":"post","link":"https:\/\/www.europesays.com\/fi\/99126\/","title":{"rendered":"Ukrainasta sotaa paennut Danylo Yavhusishyn voitti historiallisesti sumoturnauksen | Urheilua lyhyesti"},"content":{"rendered":"<p class=\"aw-1gybjub aw-5vja16 kEtdKx kmuxyA yle__article__paragraph\">Sumopainija Danylo Yavhusishyn teki sunnuntaina historiaa, kun h\u00e4nest\u00e4 tuli ensimm\u00e4inen ukrainalainen, joka voitti perinteisen japanilaisen sumopainin turnauksen.<\/p>\n<p><img decoding=\"async\" alt=\"Sumon parrasvaloissa huikeaa kilpailijan uraa tekev\u00e4 Danylo Yavhusishyn lehdist\u00f6tilaisuudessa. \" src=\"https:\/\/www.europesays.com\/fi\/wp-content\/uploads\/2025\/11\/39-15581006922de700e202.jpeg\" class=\"aw-1l9m598 hKVVvP\"\/><\/p>\n<p>Avaa kuvien katselu<\/p>\n<p>Sumon parrasvaloissa huikeaa kilpailijan uraa tekev\u00e4 Danylo Yavhusishyn lehdist\u00f6tilaisuudessa. Kuva: EPA<\/p>\n<p class=\"aw-1gybjub aw-1p7kakr kEtdKx cEmitX yle__article__paragraph\">21-vuotias <strong class=\"aw-ak79eh KyCXm yle__article__strong\">Danylo Yavhusishyn<\/strong> voitti Kyushun turnauksen ratkaisevassa ottelussa Mongolian suurmestari <strong class=\"aw-ak79eh KyCXm yle__article__strong\">Hoshoryua<\/strong> vastaan. Yavhusishyn pakeni Ukrainasta kolme vuotta sitten sodan vuoksi.<\/p>\n<p class=\"aw-1gybjub aw-1p7kakr kEtdKx cEmitX yle__article__paragraph\">Yavhusishyn tunnetaan sumopiireiss\u00e4 nimell\u00e4 Aonishiki Arata ja h\u00e4n puhuu sujuvaa japania.<\/p>\n<p class=\"aw-1gybjub aw-1p7kakr kEtdKx cEmitX yle__article__paragraph\">Voiton j\u00e4lkeen Fukuokassa televisioidussa haastattelussa h\u00e4n kertoi faneille olevansa iloinen, ett\u00e4 pystyi esitt\u00e4m\u00e4\u00e4n tavanomaista tasoaan.<\/p>\n<p class=\"aw-1gybjub aw-1p7kakr kEtdKx cEmitX yle__article__paragraph\">\u2013 Olen onnellinen, ett\u00e4 saavutin yhden tavoitteistani, h\u00e4n sanoi.<\/p>\n<p class=\"aw-1gybjub aw-1p7kakr kEtdKx cEmitX yle__article__paragraph\">Kolme vuotta sitten Japaniin saapunut Yavhusishyn on noussut sumon sarjoissa enn\u00e4tysvauhtia.<\/p>\n<p class=\"aw-1gybjub aw-1p7kakr kEtdKx cEmitX yle__article__paragraph\">Japanin sumoliitto j\u00e4rjest\u00e4\u00e4 pian erityiskokouksen, jossa Yavhusishyn ylennet\u00e4\u00e4n &#8217;ozekiksi&#8217; eli sumon toiseksi korkeimmalle tasolle. Taso on suurmestarin tason alapuolella. N\u00e4in kertoi kansallinen yleisradioyhti\u00f6 NHK.<\/p>\n<p class=\"aw-1gybjub aw-1p7kakr kEtdKx cEmitX yle__article__paragraph\">Yavhusishyn osallistui nuorena maailman juniorien sumomestaruuskisoihin, mutta l\u00e4hti Ukrainasta Ven\u00e4j\u00e4n helmikuussa 2022 aloittaman hy\u00f6kk\u00e4yksen j\u00e4lkeen.<\/p>\n<p class=\"aw-1gybjub aw-1p7kakr kEtdKx cEmitX yle__article__paragraph\">H\u00e4n saapui Japaniin kaksi kuukautta my\u00f6hemmin ja aloitti uransa vauhdikkaasti, nousi sumon ylempiin divisiooniin vuodessa ja sai paikan nelj\u00e4nneksi korkeimmalla tasolla.<\/p>\n<p class=\"aw-1gybjub aw-1p7kakr kEtdKx cEmitX yle__article__paragraph\">Yavhusishyn syntyi Keski-Ukrainassa ja aloitti sumon seitsem\u00e4nvuotiaana voittaen kansallisen mestaruuden 17-vuotiaana. Ik\u00e4ns\u00e4 puolesta h\u00e4n juuri ja juuri v\u00e4ltti Ukrainan asevelvollisuuden, joka koskee 18 vuotta t\u00e4ytt\u00e4neit\u00e4 miehi\u00e4 sodan syttyess\u00e4.<\/p>\n<p class=\"aw-1gybjub aw-1p7kakr kEtdKx cEmitX yle__article__paragraph\">H\u00e4n haki ensin turvaa Saksasta ennen siirtymist\u00e4\u00e4n Japaniin. Vanhemmat j\u00e4iv\u00e4t Saksaan, ja Yavhusishyn saapui Japaniin ilman kielitaitoa.<\/p>\n<p class=\"aw-1gybjub aw-1p7kakr kEtdKx cEmitX yle__article__paragraph\">H\u00e4nest\u00e4 tuli toinen Ukrainassa syntynyt ammattimainen sumopainija hein\u00e4kuussa 2023. H\u00e4n seurasi maanmiehens\u00e4 <strong class=\"aw-ak79eh KyCXm yle__article__strong\">Serhii Sokolovskyn<\/strong> jalanj\u00e4lki\u00e4, joka tunnetaan lajin parissa paremmin nimell\u00e4 Shishi.<\/p>\n<p class=\"aw-1gybjub aw-1p7kakr kEtdKx cEmitX yle__article__paragraph\">Yavhusishynin nousu sumon ylempiin divisiooniin oli viidenneksi nopein lajissa sitten vuoden 1958.<\/p>\n<p class=\"aw-1gybjub aw-1p7kakr kEtdKx cEmitX yle__article__paragraph\">Tavoitteellinen painija kertoo nyt t\u00e4ht\u00e4\u00e4v\u00e4ns\u00e4 sumon hierarkian huipulle.<\/p>\n<p class=\"aw-1gybjub aw-1p7kakr kEtdKx cEmitX yle__article__paragraph\">\u2013 Olen onnellinen, mutta yksi korkeampi titteli on viel\u00e4 saavuttamatta. Haluan pyrki\u00e4 siihen, h\u00e4n sanoi.<\/p>\n","protected":false},"excerpt":{"rendered":"Sumopainija Danylo Yavhusishyn teki sunnuntaina historiaa, kun h\u00e4nest\u00e4 tuli ensimm\u00e4inen ukrainalainen, joka voitti perinteisen japanilaisen sumopainin turnauksen. Avaa&hellip;\n","protected":false},"author":2,"featured_media":99127,"comment_status":"","ping_status":"","sticky":false,"template":"","format":"standard","meta":{"footnotes":""},"categories":[158],"tags":[33,31,30,159,19150,19152,19151,19149,32,160],"class_list":{"0":"post-99126","1":"post","2":"type-post","3":"status-publish","4":"format-standard","5":"has-post-thumbnail","7":"category-urheilu","8":"tag-fi","9":"tag-finland","10":"tag-finnish","11":"tag-sports","12":"tag-sumo","13":"tag-sumopaini","14":"tag-sumopainija","15":"tag-sumopainijat","16":"tag-suomi","17":"tag-urheilu"},"share_on_mastodon":{"url":"https:\/\/pubeurope.com\/@fi\/115607175734831778","error":""},"_links":{"self":[{"href":"https:\/\/www.europesays.com\/fi\/wp-json\/wp\/v2\/posts\/99126","targetHints":{"allow":["GET"]}}],"collection":[{"href":"https:\/\/www.europesays.com\/fi\/wp-json\/wp\/v2\/posts"}],"about":[{"href":"https:\/\/www.europesays.com\/fi\/wp-json\/wp\/v2\/types\/post"}],"author":[{"embeddable":true,"href":"https:\/\/www.europesays.com\/fi\/wp-json\/wp\/v2\/users\/2"}],"replies":[{"embeddable":true,"href":"https:\/\/www.europesays.com\/fi\/wp-json\/wp\/v2\/comments?post=99126"}],"version-history":[{"count":0,"href":"https:\/\/www.europesays.com\/fi\/wp-json\/wp\/v2\/posts\/99126\/revisions"}],"wp:featuredmedia":[{"embeddable":true,"href":"https:\/\/www.europesays.com\/fi\/wp-json\/wp\/v2\/media\/99127"}],"wp:attachment":[{"href":"https:\/\/www.europesays.com\/fi\/wp-json\/wp\/v2\/media?parent=99126"}],"wp:term":[{"taxonomy":"category","embeddable":true,"href":"https:\/\/www.europesays.com\/fi\/wp-json\/wp\/v2\/categories?post=99126"},{"taxonomy":"post_tag","embeddable":true,"href":"https:\/\/www.europesays.com\/fi\/wp-json\/wp\/v2\/tags?post=99126"}],"curies":[{"name":"wp","href":"https:\/\/api.w.org\/{rel}","templated":true}]}}