{"id":99133,"date":"2025-11-24T23:09:10","date_gmt":"2025-11-24T23:09:10","guid":{"rendered":"https:\/\/www.europesays.com\/fi\/99133\/"},"modified":"2025-11-24T23:09:10","modified_gmt":"2025-11-24T23:09:10","slug":"savela-filmasi-ja-joutui-somessa-sanaharkkaan-maajoukkuekapteenin-kanssa-mieluummin-negaa-kuin-ei-mitaan","status":"publish","type":"post","link":"https:\/\/www.europesays.com\/fi\/99133\/","title":{"rendered":"Savela filmasi ja joutui somessa sanaharkkaan maajoukkuekapteenin kanssa: \u201dMieluummin negaa kuin ei mit\u00e4\u00e4n\u201d"},"content":{"rendered":"<p>\t\t\t\t\t\t\t\t\t\t\t\t<img loading=\"lazy\" decoding=\"async\" data-del=\"avatar\" src=\"https:\/\/www.europesays.com\/fi\/wp-content\/uploads\/2025\/11\/WhatsApp-Image-2025-11-20-at-12.19.55-150x150.jpeg\" class=\"avatar pp-user-avatar avatar-96wp-user-avatar wp-user-avatar-96 photo \" alt=\"Kirjoittajan kuva\" height=\"96\" width=\"96\"\/>\t\t\t<\/p>\n<p>Joonas Ehro<\/p>\n<p>Asemapaikka: Oulu<br \/>&#13;<br \/>\nTwitter: @joonasehro<\/p>\n<p>Lauantai-iltana n\u00e4htiin yksi F-liigakauden kuumimmista ja puhuttaneimmista otteluista, kun OLS kaatoi hurmiollisen kotiyleis\u00f6ns\u00e4 edess\u00e4 Classicin jatkoajalla 6-5.<\/p>\n<p>Yll\u00e4tysvoiton ja tunnelman on kuitenkin julkisessa keskustelussa j\u00e4tt\u00e4nyt varjoonsa Iiro Savelan ja <a href=\"https:\/\/paakallo.fi\/2025\/11\/savelan-filmi-puhutti-nosti-viime-kaudella-laineen-sopivaksi-arsyttamisen-kohteeksi\/\" rel=\"nofollow noopener\" target=\"_blank\">Olli Laineen v\u00e4linen kamppailutilanne<\/a> ja erityisesti Savelan filmaaminen tilanteessa. Nujakkaa katseltiin videoilta yli viisi minuuttia, joiden seurauksena Laine sai 2+2 minuuttia ja Savela 2+2+10 minuuttia rangaistuksia.<\/p>\n<p>Kuohuttanut tilanne innoitti my\u00f6s Classic-t\u00e4hti ja maajoukkuekapteeni Nico Salon ottamaan kantaa asiaan <a href=\"https:\/\/www.instagram.com\/nicosalo\/\" rel=\"nofollow noopener\" target=\"_blank\">Instagram-tilill\u00e4\u00e4n<\/a>, joka ei itse ollut Classicin mukana Oulun vierasottelussa. H\u00e4n julkaisi tarinat-osiossa videon Savelasta kieriskelem\u00e4ss\u00e4 kent\u00e4n pinnassa ja kehotti Savelaa hakemaan klovnikouluun.<\/p>\n<p>Savela vastasi t\u00e4h\u00e4n omalla <a href=\"https:\/\/www.instagram.com\/iirosavela\/\" rel=\"nofollow noopener\" target=\"_blank\">tilill\u00e4\u00e4n<\/a> k\u00e4rkk\u00e4\u00e4sti, kirjoittaen Salolle terveisiksi muun muassa: \u201cMaajoukkuekapteeni Nico Salo, hyv\u00e4t naiset ja herrat!\u201d sek\u00e4 \u201cTsemppi\u00e4 Nicolle linnan juhliin!\u201d<\/p>\n<p>P\u00e4\u00e4kallo tavoitti Iiro Savelan kommentoimaan puhuttanutta tilannetta sek\u00e4 somen kautta k\u00e4ym\u00e4\u00e4ns\u00e4 ajatustenvaihtoa Salon kanssa.<\/p>\n<p><strong>Kerro oma versiosi sinun ja Olli Laineen v\u00e4lisest\u00e4 tilanteesta?<\/strong><\/p>\n<p>\u2013 Jo ennen kuin olimme kulmassa, Laine osuu minua k\u00e4dell\u00e4\u00e4n p\u00e4\u00e4h\u00e4n. Sitten kaadumme kulmassa, jossa h\u00e4n m\u00e4iskii minua p\u00e4\u00e4h\u00e4n aika lujaa, osuen minua takaraivoon. Se mik\u00e4 eniten k\u00e4vi kipe\u00e4\u00e4, tapahtui ollessani laidan p\u00e4\u00e4ll\u00e4. Laine painoi kaulaani kyyn\u00e4rp\u00e4\u00e4ll\u00e4\u00e4n. Se ei n\u00e4kynyt l\u00e4hetyksess\u00e4, mutta siit\u00e4 otetuissa kuvissa se on selv\u00e4sti n\u00e4ht\u00e4viss\u00e4.<\/p>\n<p>\u2013 Olin siit\u00e4 h\u00f6lm\u00f6, ett\u00e4 filmasin ja pitelin kasvojani, vaikka kaulaani sattui niin pahasti, ett\u00e4 se on viel\u00e4kin kipe\u00e4n\u00e4. Mielest\u00e4ni olisin itse ansainnut 2+10 minuuttia j\u00e4\u00e4hyj\u00e4 ja Laineen olisi kuulunut lent\u00e4\u00e4 pihalle.<\/p>\n<p><img loading=\"lazy\" decoding=\"async\" class=\"size-medium wp-image-172207\" src=\"https:\/\/www.europesays.com\/fi\/wp-content\/uploads\/2025\/11\/Tallennakuva-750x499.jpg\" alt=\"\" width=\"750\" height=\"499\"  \/>Olli Laineen ja Savelan v\u00e4linen paini tallentui TV-kuvaan n\u00e4hden eri kulmasta kameraan. Savelan mukaan Laineen painamisen vuoksi kaula on edelleen kipe\u00e4n\u00e4. Kuva: Oona Koivuniemi<\/p>\n<p><strong>Mit\u00e4 ajatuksia Nico Salon Instagram-p\u00e4ivitys sinussa her\u00e4tti?<\/strong><\/p>\n<p>\u2013 Mit\u00e4p\u00e4 t\u00e4h\u00e4n sanoisi. Oli se v\u00e4h\u00e4n h\u00f6lm\u00f6\u00e4 Nicolta, vaikka siit\u00e4 saatiinkin ihan hyv\u00e4\u00e4 p\u00f6hin\u00e4\u00e4 t\u00e4h\u00e4n harmaaseen vuodenaikaan.<\/p>\n<p><strong>Miksi p\u00e4\u00e4tit my\u00f6s itse vastata Salolle julkisesti?<\/strong><\/p>\n<p>\u2013 Halusin luoda v\u00e4h\u00e4n \u201cactionia.\u201d Ihan tarkoituksella tartuin tuohon sy\u00f6ttiin provosoivasti.<\/p>\n<p><strong>Oletteko keskustelleet Salon kanssa asiasta yksityisesti?<\/strong><\/p>\n<p>\u2013 Viestittelimme aika lailla koko ajan siin\u00e4 samalla, kun somea p\u00e4iviteltiin.<\/p>\n<p><strong>Mill\u00e4 mielin olet seurannut julkista keskustelua tapauksen j\u00e4lkeen?<\/strong><\/p>\n<p>\u2013 Hyv\u00e4, ett\u00e4 puhetta riitt\u00e4\u00e4. Julkinen keskustelu on ollut melko negatiivista minun suuntaani, sit\u00e4 n\u00e4ytt\u00e4\u00e4 riitt\u00e4v\u00e4n aika monenlaisilla eri palstoilla. Mutta mielummin negaa kuin ei mit\u00e4\u00e4n.<\/p>\n<p><strong>Oletko saanut asiasta palautetta yksityisesti?<\/strong><\/p>\n<p>\u2013 Yksityisesti tullut paljon posia niin tutuilta kuin tuntemattomilta. On minulle tullut muutama ulkopuolinen valittamaankin. Omaa p\u00e4ivityst\u00e4ni oli my\u00f6s katsellut todella moni ihminen. Ihmiset ovat v\u00e4h\u00e4n herkki\u00e4.<\/p>\n<p><strong>Aiotko seurata Nico Salon esiintymist\u00e4 Linnan juhlissa?<\/strong><\/p>\n<p>\u2013 Aion totta kai! Kyll\u00e4 Nico siell\u00e4 osaa varmasti fiksu olla, kuten yleens\u00e4.<\/p>\n<p>P\u00e4\u00e4kallo tavoitteli my\u00f6s Saloa kommentoimaan tilannetta, mutta h\u00e4n ilmoitti kertovansa mielipiteens\u00e4 asiaan vain seuraavassa Sentterit Show -podcastin jaksossa. Salo toimii yhten\u00e4 ohjelman juontajista ja ohjelmassa vierailee my\u00f6s Savela.<\/p>\n<p>Teksti\u00e4 muokattu 24.11. klo 19.05: lausuntoa t\u00e4smennetty koskien yksityisviestej\u00e4.<\/p>\n<p>\u2014<\/p>\n<p><a href=\"https:\/\/paakallo.fi\/2025\/02\/henkilokuva-havettaako-koiruuksien-jalkeen-iiro-savela-kesken-pelinkin-voin-miettia-etta-miksi-teen-nain\/\" rel=\"nofollow noopener\" target=\"_blank\">Savela kertoi viime kaudella pidemm\u00e4n kaavan kautta mihin h\u00e4nen tekem\u00e4ns\u00e4 koiruudet perustuvat<\/a><\/p>\n<p><strong>Tapaus Ruudun l\u00e4hetyksess\u00e4:<\/strong><\/p>\n<blockquote class=\"instagram-media\" style=\"background: #FFF; border: 0; border-radius: 3px; box-shadow: 0 0 1px 0 rgba(0,0,0,0.5),0 1px 10px 0 rgba(0,0,0,0.15); margin: 1px; max-width: 540px; min-width: 326px; padding: 0; width: calc(100% - 2px);\" data-instgrm-captioned=\"\" data-instgrm-permalink=\"https:\/\/www.instagram.com\/reel\/DRXiOOdDGrs\/?utm_source=ig_embed&amp;utm_campaign=loading\" data-instgrm-version=\"14\">\n<\/blockquote>\n<p>\t\t<script async src=\"\/\/www.instagram.com\/embed.js\"><\/script><\/p>\n","protected":false},"excerpt":{"rendered":"Joonas Ehro Asemapaikka: Oulu&#13; Twitter: @joonasehro Lauantai-iltana n\u00e4htiin yksi F-liigakauden kuumimmista ja puhuttaneimmista otteluista, kun OLS kaatoi hurmiollisen&hellip;\n","protected":false},"author":2,"featured_media":99134,"comment_status":"","ping_status":"","sticky":false,"template":"","format":"standard","meta":{"footnotes":""},"categories":[12],"tags":[22,23,26,27,33,31,30,17,24,25,28,29,15,18,21,32,19,20,16],"class_list":{"0":"post-99133","1":"post","2":"type-post","3":"status-publish","4":"format-standard","5":"has-post-thumbnail","7":"category-suomi","8":"tag-breaking-news","9":"tag-breakingnews","10":"tag-featured-news","11":"tag-featurednews","12":"tag-fi","13":"tag-finland","14":"tag-finnish","15":"tag-headlines","16":"tag-latest-news","17":"tag-latestnews","18":"tag-main-news","19":"tag-mainnews","20":"tag-news","21":"tag-otsikot","22":"tag-paauutiset","23":"tag-suomi","24":"tag-top-stories","25":"tag-topstories","26":"tag-uutiset"},"share_on_mastodon":{"url":"https:\/\/pubeurope.com\/@fi\/115607199431461353","error":""},"_links":{"self":[{"href":"https:\/\/www.europesays.com\/fi\/wp-json\/wp\/v2\/posts\/99133","targetHints":{"allow":["GET"]}}],"collection":[{"href":"https:\/\/www.europesays.com\/fi\/wp-json\/wp\/v2\/posts"}],"about":[{"href":"https:\/\/www.europesays.com\/fi\/wp-json\/wp\/v2\/types\/post"}],"author":[{"embeddable":true,"href":"https:\/\/www.europesays.com\/fi\/wp-json\/wp\/v2\/users\/2"}],"replies":[{"embeddable":true,"href":"https:\/\/www.europesays.com\/fi\/wp-json\/wp\/v2\/comments?post=99133"}],"version-history":[{"count":0,"href":"https:\/\/www.europesays.com\/fi\/wp-json\/wp\/v2\/posts\/99133\/revisions"}],"wp:featuredmedia":[{"embeddable":true,"href":"https:\/\/www.europesays.com\/fi\/wp-json\/wp\/v2\/media\/99134"}],"wp:attachment":[{"href":"https:\/\/www.europesays.com\/fi\/wp-json\/wp\/v2\/media?parent=99133"}],"wp:term":[{"taxonomy":"category","embeddable":true,"href":"https:\/\/www.europesays.com\/fi\/wp-json\/wp\/v2\/categories?post=99133"},{"taxonomy":"post_tag","embeddable":true,"href":"https:\/\/www.europesays.com\/fi\/wp-json\/wp\/v2\/tags?post=99133"}],"curies":[{"name":"wp","href":"https:\/\/api.w.org\/{rel}","templated":true}]}}