{"id":99139,"date":"2025-11-24T23:25:09","date_gmt":"2025-11-24T23:25:09","guid":{"rendered":"https:\/\/www.europesays.com\/fi\/99139\/"},"modified":"2025-11-24T23:25:09","modified_gmt":"2025-11-24T23:25:09","slug":"vappu-pimia-yllattyi-omasta-reaktiostaan-ttk-finaalin-jalkeen","status":"publish","type":"post","link":"https:\/\/www.europesays.com\/fi\/99139\/","title":{"rendered":"Vappu Pimi\u00e4 yll\u00e4ttyi omasta reaktiostaan TTK-finaalin j\u00e4lkeen"},"content":{"rendered":"<p>Vappu Pimi\u00e4 ei vuodattanut kyyneleit\u00e4 finaalil\u00e4hetyksen j\u00e4lkeen.<\/p>\n<p class=\"paragraph\"><a href=\"https:\/\/www.iltalehti.fi\/henkilot\/Vappu Pimi\u00e4\" class=\"article-link-person-page\" rel=\"nofollow noopener\" target=\"_blank\">Vappu Pimi\u00e4n<\/a> ura Tanssii t\u00e4htien kanssa -juontajana on nyt ohi.<\/p>\n<p class=\"paragraph\">Nelj\u00e4toista tuotantokautta TTK-juontajana n\u00e4hty Pimi\u00e4 oli sunnuntaisen finaalil\u00e4hetyksen j\u00e4lkeen helpottunut.<\/p>\n<p class=\"paragraph\">\u2013 Tuntuu itse asiassa ihan tosi hyv\u00e4lt\u00e4. Olen itse jopa v\u00e4h\u00e4n yll\u00e4ttynyt, koska ajattelin, ett\u00e4 olen aivan itku silm\u00e4ss\u00e4 ja vollotan, Pimi\u00e4 kuvaili tunnelmiaan Iltalehdelle heti l\u00e4hetyksen j\u00e4lkeen.<\/p>\n<p><img decoding=\"async\" class=\"image image-show image-preview\" src=\"https:\/\/www.europesays.com\/fi\/wp-content\/uploads\/2025\/11\/1764026709_54_23de9557b7361ffe86f2e59c4fd323c017eec89ac86a82df5a2cb35ea406243d.jpg\" alt=\"\"\/><img decoding=\"async\" class=\"image image-show\" src=\"https:\/\/www.europesays.com\/fi\/wp-content\/uploads\/2025\/11\/1764026709_673_23de9557b7361ffe86f2e59c4fd323c017eec89ac86a82df5a2cb35ea406243d.jpg\" alt=\"\"\/><\/p>\n<p>Vappu Pimi\u00e4 p\u00e4\u00e4tti uransa TTK-juontajana. Atte Kajova<\/p>\n<p class=\"paragraph\">Itku tuli kuitenkin jo viime viikolla, kun tuotantoryhm\u00e4 ja Pimi\u00e4n mies yll\u00e4ttiv\u00e4t h\u00e4net suorassa l\u00e4hetyksess\u00e4.<\/p>\n<p class=\"paragraph\">\u2013 Minulla on ollut koko t\u00e4m\u00e4n viikon todella kepe\u00e4 ja helpottunut olo. Toki aamulla, kun l\u00e4hdimme ajamaan m\u00f6kin pihasta, tuli pieni haikeus ja itku, mutta sen j\u00e4lkeen on ollut todella levollinen ja ihana fiilis, Pimi\u00e4 jatkoi.<\/p>\n<p class=\"paragraph\">TTK-ty\u00f6ryhm\u00e4 aloitti heti finaalin j\u00e4lkeen ohjelman karonkan eli kauden kiitosjuhlan.<\/p>\n<p class=\"paragraph\">\u2013 Ehk\u00e4 sanon karonkan aluksi muutaman sanasen, ja siin\u00e4 voi tulla herkistys. T\u00e4ss\u00e4 on ollut kerta kaikkiaan haipakka syksy ja olen k\u00e4sitellyt t\u00e4t\u00e4 niin paljon jo itse, ett\u00e4 ei t\u00e4ss\u00e4 ole haikeutta, Pimi\u00e4 lis\u00e4si.<\/p>\n<p class=\"paragraph\">Sunnuntainen l\u00e4hetys oli tapahtumaa t\u00e4ynn\u00e4 niin hyv\u00e4ss\u00e4 kuin pahassa. Ennen finaalil\u00e4hetyst\u00e4 voittaja Johannes Holopainen rev\u00e4ytti takareitens\u00e4 ja finaali oli h\u00e4nen osaltaan vaakalaudalla. Lopulta h\u00e4n sai l\u00e4\u00e4k\u00e4rilt\u00e4 luvan tanssia finaalissa.<\/p>\n<p class=\"paragraph\">Pimi\u00e4 n\u00e4ki, kun <a href=\"https:\/\/www.iltalehti.fi\/tv-ja-leffat\/431dc2fe-92b7-41f1-a96e-4bb694294b8f\" rel=\"nofollow noopener\" target=\"_blank\">Holopaiselle sattui tapaturma<\/a>.<\/p>\n<p class=\"paragraph\">\u2013 Se s\u00e4ik\u00e4ytti ja pari tuntia j\u00e4nnitimme, ett\u00e4 mik\u00e4 tilanne on. Siit\u00e4 olisi j\u00e4\u00e4nyt aika paljon minuutteja ohjelmaan teht\u00e4v\u00e4t, ett\u00e4 siin\u00e4 oli joutunut kaikenn\u00e4k\u00f6isi\u00e4 hattutemppuja tekem\u00e4\u00e4n. Olimme todella helpottuneita ja huojentuneita, kun saimme tiedon, ett\u00e4 he p\u00e4\u00e4sev\u00e4t tanssimaan.<\/p>\n<p class=\"paragraph\">Yht\u00e4 parasta TTK-muistoaan Pimi\u00e4 ei pysty nime\u00e4m\u00e4\u00e4n, sill\u00e4 ty\u00f6 on ollut h\u00e4nen unelmansa ja suuri etuoikeus, onhan kyseess\u00e4 Suomen suurin viihdeohjelma.<\/p>\n<p class=\"paragraph\">\u2013 Ilman n\u00e4it\u00e4 ihmisi\u00e4, enh\u00e4n min\u00e4 olisi viihtynyt t\u00e4\u00e4ll\u00e4 n\u00e4in kauaa. Se on ollut upeaa, miten upeiden ihmisten kanssa on saanut tehd\u00e4 t\u00f6it\u00e4, Pimi\u00e4 summasi.<\/p>\n<p class=\"paragraph\">Tanssii t\u00e4htien kanssa -kausi on katsottavissa MTV Katsomossa. <a href=\"https:\/\/www.iltalehti.fi\/telkku\" rel=\"nofollow noopener\" target=\"_blank\">Katso kaikki ohjelmatiedot ja l\u00e4hetysajat Telkusta.<\/a><\/p>\n","protected":false},"excerpt":{"rendered":"Vappu Pimi\u00e4 ei vuodattanut kyyneleit\u00e4 finaalil\u00e4hetyksen j\u00e4lkeen. Vappu Pimi\u00e4n ura Tanssii t\u00e4htien kanssa -juontajana on nyt ohi. Nelj\u00e4toista&hellip;\n","protected":false},"author":2,"featured_media":98615,"comment_status":"","ping_status":"","sticky":false,"template":"","format":"standard","meta":{"footnotes":""},"categories":[133],"tags":[35,137,33,31,30,979,1999,32,206,2140,140,139,156,109],"class_list":{"0":"post-99139","1":"post","2":"type-post","3":"status-publish","4":"format-standard","5":"has-post-thumbnail","7":"category-televisiot","8":"tag-24h","9":"tag-entertainment","10":"tag-fi","11":"tag-finland","12":"tag-finnish","13":"tag-sahkoinen-media","14":"tag-suomalaiset-tv-ohjelmat","15":"tag-suomi","16":"tag-televisiot","17":"tag-tosi-tv-ohjelmat","18":"tag-tv-ja-elokuvat","19":"tag-tv-ohjelmat","20":"tag-tv","21":"tag-viihde"},"share_on_mastodon":{"url":"https:\/\/pubeurope.com\/@fi\/115607262041660227","error":""},"_links":{"self":[{"href":"https:\/\/www.europesays.com\/fi\/wp-json\/wp\/v2\/posts\/99139","targetHints":{"allow":["GET"]}}],"collection":[{"href":"https:\/\/www.europesays.com\/fi\/wp-json\/wp\/v2\/posts"}],"about":[{"href":"https:\/\/www.europesays.com\/fi\/wp-json\/wp\/v2\/types\/post"}],"author":[{"embeddable":true,"href":"https:\/\/www.europesays.com\/fi\/wp-json\/wp\/v2\/users\/2"}],"replies":[{"embeddable":true,"href":"https:\/\/www.europesays.com\/fi\/wp-json\/wp\/v2\/comments?post=99139"}],"version-history":[{"count":0,"href":"https:\/\/www.europesays.com\/fi\/wp-json\/wp\/v2\/posts\/99139\/revisions"}],"wp:featuredmedia":[{"embeddable":true,"href":"https:\/\/www.europesays.com\/fi\/wp-json\/wp\/v2\/media\/98615"}],"wp:attachment":[{"href":"https:\/\/www.europesays.com\/fi\/wp-json\/wp\/v2\/media?parent=99139"}],"wp:term":[{"taxonomy":"category","embeddable":true,"href":"https:\/\/www.europesays.com\/fi\/wp-json\/wp\/v2\/categories?post=99139"},{"taxonomy":"post_tag","embeddable":true,"href":"https:\/\/www.europesays.com\/fi\/wp-json\/wp\/v2\/tags?post=99139"}],"curies":[{"name":"wp","href":"https:\/\/api.w.org\/{rel}","templated":true}]}}