{"id":9914,"date":"2025-08-19T06:21:09","date_gmt":"2025-08-19T06:21:09","guid":{"rendered":"https:\/\/www.europesays.com\/fi\/9914\/"},"modified":"2025-08-19T06:21:09","modified_gmt":"2025-08-19T06:21:09","slug":"jyrki-vainosen-uutuustietokirja-analysoi-sielun-ja-luovuuden-suuria-kysymyksia","status":"publish","type":"post","link":"https:\/\/www.europesays.com\/fi\/9914\/","title":{"rendered":"Jyrki Vainosen uutuustietokirja analysoi sielun ja luovuuden suuria kysymyksi\u00e4"},"content":{"rendered":"<p><strong><\/p>\n<p>Ehk\u00e4 sielu on er\u00e4\u00e4nlainen rajatila, jossa luovuus p\u00e4\u00e4see esiin. Luova ihminen tarvitsee silti rajat, puitteet luovuudelleen \u2013 kuten ulkoiseen maailmaan avautuvassa ikkunassa on puitteet. Yksi raja piirtyy el\u00e4m\u00e4n ja kuoleman v\u00e4lille. Kirjailija <strong>Jyrki Vainonen<\/strong> pohtii teoksessaan, pit\u00e4isik\u00f6 tuota rajaa pel\u00e4t\u00e4.<\/p>\n<p><\/strong><\/p>\n<p><strong>Jyrki Vainosen<\/strong> tietokirja\u00a0Rajank\u00e4vij\u00e4 \u2013 kirjoituksia sielusta, luovuudesta, vapaudesta ja kuolemasta\u00a0on julkaistu Aviadorin kustantamana.<\/p>\n<p>Mit\u00e4 vanhan ajan filosofit Platonista Spinozaan ovat sanoneet sielusta \u2013 ja mit\u00e4 he sanoisivat uteliaalle kysyj\u00e4lle t\u00e4st\u00e4 aiheesta nyt? Ent\u00e4 psykologian klassikot Freud ja Jung? Mit\u00e4 sielu on, jos sellainen on olemassa? Voiko sielusta puhua ilman kytk\u00f6st\u00e4 kristillisyyteen tai muihin maailmanuskontoihin?<\/p>\n<p>Yl\u00f6j\u00e4rvell\u00e4 asuva\u00a0<strong>Jyrki Vainonen<\/strong> (s. 1963) on luonut 30 vuoden aikana merkitt\u00e4v\u00e4n uran sek\u00e4 kirjailijana ja suomentajana ett\u00e4 kirjallisuuden opettajana. H\u00e4nen esikoisteoksensa Tutkimusmatkailija ja muita tarinoita voitti Helsingin Sanomien kirjallisuuspalkinnon, ja Vainonen on palkittu my\u00f6s Suomen Tolkien-seuran Kuvastaja-palkinnolla. H\u00e4n on suomentanut muun muassa Nobel-runoilija Seamus Heaneyn ja Jonathan Swiftin tuotantoa sek\u00e4 filosofista ja yhteiskunnallista kirjallisuutta. Vainosen novelleja on k\u00e4\u00e4nnetty kymmenelle kielelle. Vuosina 2015\u20132017 h\u00e4n toimi Suomen kirjailijaliiton puheenjohtajana.<\/p>\n<p>VAINONEN, JYRKI : Rajank\u00e4vij\u00e4 \u2013 kirjoituksia sielusta, luovuudesta, vapaudesta ja kuolemasta<br \/>260 sivua<br \/>Nidottu, pehme\u00e4kantinen<br \/>ISBN 9789523813922<br \/>Ilmestymisaika: Elokuu 2025<\/p>\n<p><strong>Arvostelukappaleet, pressikuvat ja haastattelupyynn\u00f6t<\/strong><\/p>\n<p>L\u00e4het\u00e4mme pyynn\u00f6st\u00e4 arvostelukappaleen teoksesta joko painettuna tai s\u00e4hk\u00f6postitse. Arvostelukappalepyynn\u00f6t voi l\u00e4hett\u00e4\u00e4 <strong>Jarkko Malille<\/strong> osoitteeseen\u00a0<a href=\"https:\/\/www.sttinfo.fi\/tiedote\/71360727\/mailto:jarkko@aviador.fi\" rel=\"nofollow noopener\" target=\"_blank\">jarkko@aviador.fi<\/a>. Haastattelupyynn\u00f6t sek\u00e4 tiedustelut pressikuvista pyyd\u00e4mme esitt\u00e4m\u00e4\u00e4n Aviadorin tiedottaja <strong>Miksu V\u00e4kiparralle.<\/strong><\/p>\n","protected":false},"excerpt":{"rendered":"Ehk\u00e4 sielu on er\u00e4\u00e4nlainen rajatila, jossa luovuus p\u00e4\u00e4see esiin. Luova ihminen tarvitsee silti rajat, puitteet luovuudelleen \u2013 kuten&hellip;\n","protected":false},"author":2,"featured_media":9915,"comment_status":"","ping_status":"","sticky":false,"template":"","format":"standard","meta":{"footnotes":""},"categories":[134],"tags":[377,137,33,31,30,378,32,109],"class_list":{"0":"post-9914","1":"post","2":"type-post","3":"status-publish","4":"format-standard","5":"has-post-thumbnail","7":"category-kirjat","8":"tag-books","9":"tag-entertainment","10":"tag-fi","11":"tag-finland","12":"tag-finnish","13":"tag-kirjat","14":"tag-suomi","15":"tag-viihde"},"share_on_mastodon":{"url":"","error":""},"_links":{"self":[{"href":"https:\/\/www.europesays.com\/fi\/wp-json\/wp\/v2\/posts\/9914","targetHints":{"allow":["GET"]}}],"collection":[{"href":"https:\/\/www.europesays.com\/fi\/wp-json\/wp\/v2\/posts"}],"about":[{"href":"https:\/\/www.europesays.com\/fi\/wp-json\/wp\/v2\/types\/post"}],"author":[{"embeddable":true,"href":"https:\/\/www.europesays.com\/fi\/wp-json\/wp\/v2\/users\/2"}],"replies":[{"embeddable":true,"href":"https:\/\/www.europesays.com\/fi\/wp-json\/wp\/v2\/comments?post=9914"}],"version-history":[{"count":0,"href":"https:\/\/www.europesays.com\/fi\/wp-json\/wp\/v2\/posts\/9914\/revisions"}],"wp:featuredmedia":[{"embeddable":true,"href":"https:\/\/www.europesays.com\/fi\/wp-json\/wp\/v2\/media\/9915"}],"wp:attachment":[{"href":"https:\/\/www.europesays.com\/fi\/wp-json\/wp\/v2\/media?parent=9914"}],"wp:term":[{"taxonomy":"category","embeddable":true,"href":"https:\/\/www.europesays.com\/fi\/wp-json\/wp\/v2\/categories?post=9914"},{"taxonomy":"post_tag","embeddable":true,"href":"https:\/\/www.europesays.com\/fi\/wp-json\/wp\/v2\/tags?post=9914"}],"curies":[{"name":"wp","href":"https:\/\/api.w.org\/{rel}","templated":true}]}}