{"id":99140,"date":"2025-11-24T23:29:15","date_gmt":"2025-11-24T23:29:15","guid":{"rendered":"https:\/\/www.europesays.com\/fi\/99140\/"},"modified":"2025-11-24T23:29:15","modified_gmt":"2025-11-24T23:29:15","slug":"is-listasi-tassa-ovat-sm-liigan-yllattavimmat-alisuorittajat","status":"publish","type":"post","link":"https:\/\/www.europesays.com\/fi\/99140\/","title":{"rendered":"IS listasi: T\u00e4ss\u00e4 ovat SM-liigan yll\u00e4tt\u00e4vimm\u00e4t alisuorittajat"},"content":{"rendered":"<p>Moni SM-liigan t\u00e4htipelaaja on pelannut alle tasonsa alkukaudella.<\/p>\n<p>Videotuomiossa k\u00e4sitell\u00e4\u00e4n SM-liigan t\u00e4m\u00e4n hetken kuumimmat puheenaiheet.<\/p>\n<p>24.11. 20:20<\/p>\n<p>Eric Gelinas, Lukko<\/p>\n<p class=\"article-body mb-nof-24 px-nof-16\">Mit\u00e4 Lukon is\u00e4nn\u00e4lle on tapahtunut? Viime kev\u00e4\u00e4n\u00e4 Gelinas oli yksi liigan dominoivimmista puolustajista, joka kylvi tuhoa kammol\u00e4m\u00e4rill\u00e4\u00e4n ja jykev\u00e4ll\u00e4 preesenssill\u00e4. T\u00e4ll\u00e4 kaudella kapteeniksi valittu kanadalaisj\u00e4tti on ollut ihmeen k\u00e4denl\u00e4mp\u00f6inen ilmestys. Taso on romahtanut. Gelinas on laukonut viime kautta enemm\u00e4n ottelua kohti (5,6), mutta sihti on pahasti kateissa (23 ott. 3+5). Tehotilasto (-13) on sarjan toiseksi pahiten pakkasella.<\/p>\n<p><img decoding=\"async\" src=\"https:\/\/www.europesays.com\/fi\/wp-content\/uploads\/2025\/11\/1764026953_492_468.jpg\" alt=\"Lukon kapteeni Eric Gelinas on aloittanut kauden tahmeasti.\" class=\"_Img_1rerz_1\" style=\"aspect-ratio:1.285140562248996\" loading=\"eager\"\/><\/p>\n<p class=\"article-picture-caption\">Lukon kapteeni Eric Gelinas on aloittanut kauden tahmeasti. Kuva:\u00a0Kari Mankonen<\/p>\n<p>Jens L\u00f6\u00f6ke, Ilves<\/p>\n<p class=\"article-body mb-nof-24 px-nof-16\">Ei ole pahemmin L\u00f6\u00f6ke\u00e4 n\u00e4kynyt otsikoissa t\u00e4n\u00e4 syksyn\u00e4. Viime kaudella ruotsalaishy\u00f6kk\u00e4\u00e4j\u00e4 loisti pistep\u00f6rssin yhdeks\u00e4nten\u00e4, ja oli sarjan parhaita ja tasaisimpia laitahy\u00f6kk\u00e4\u00e4ji\u00e4. Toinen kausi Ilveksess\u00e4 on ollut tasaista matalalentoa. L\u00f6\u00f6ke on ty\u00f6teli\u00e4s pelaaja, joka jaksaa s\u00e4hist\u00e4, mutta tulos on j\u00e4\u00e4nyt pahasti piippuun. 22 otteluun yksi hikinen maali.<\/p>\n<p><img decoding=\"async\" src=\"https:\/\/www.europesays.com\/fi\/wp-content\/uploads\/2025\/11\/1764026953_807_468.jpg\" alt=\"Jens L\u00f6\u00f6ken maalihanat ovat j\u00e4\u00e4ss\u00e4.\" class=\"_Img_1rerz_1\" style=\"aspect-ratio:1.5\" loading=\"eager\"\/><\/p>\n<p class=\"article-picture-caption\">Jens L\u00f6\u00f6ken maalihanat ovat j\u00e4\u00e4ss\u00e4. Kuva:\u00a0Laura Talvitie \/ Aamulehti<\/p>\n<p>Marcus Bj\u00f6rk, K\u00e4rp\u00e4t<\/p>\n<p class=\"article-body mb-nof-24 px-nof-16\">Bj\u00f6rk oli K\u00e4rppien fiaskomaisen viime kauden harvoja valopilkkuja. Ruotsalaispuolustaja t\u00e4hysi alun perin paluuta Pohjois-Amerikkaan, mutta p\u00e4\u00e4tti jatkaa K\u00e4rpiss\u00e4. Jatkosopimus n\u00e4ytti K\u00e4rpille lottovoitolta. Bj\u00f6rk uhkui ennen kautta olevansa paremmassa kunnossa. Kovat odotukset eiv\u00e4t ole kuitenkaan t\u00e4yttyneet mill\u00e4\u00e4n tavalla. Peliaikakin on pudonnut. Bj\u00f6rk (-12) on ollut yll\u00e4tt\u00e4v\u00e4n riskialtis pelaaja.<\/p>\n<p><img decoding=\"async\" src=\"https:\/\/www.europesays.com\/fi\/wp-content\/uploads\/2025\/11\/1764026953_125_468.jpg\" alt=\"Marcus Bj\u00f6rk on ollut kaukana parhaastaan.\" class=\"_Img_1rerz_1\" style=\"aspect-ratio:1.4988290398126465\" loading=\"eager\"\/><\/p>\n<p class=\"article-picture-caption\">Marcus Bj\u00f6rk on ollut kaukana parhaastaan. Kuva:\u00a0Mikko Stig \/ Lehtikuva<\/p>\n<p>Dominik Pavlat, Ilves<\/p>\n<p class=\"article-body mb-nof-24 px-nof-16\">Ilveksen kantavia voimia viime kev\u00e4\u00e4n\u00e4, mutta t\u00e4ll\u00e4 kaudella tshekkivahti on sulanut useamman kerran. H\u00e4mment\u00e4v\u00e4n ep\u00e4tasaista tekemist\u00e4. Voi seist\u00e4 yhten\u00e4 iltana p\u00e4\u00e4ll\u00e4\u00e4n ja heti seuraavana iltana ei saa silmi\u00e4k\u00e4\u00e4n kiinni. P\u00e4\u00e4st\u00e4nyt yli kuusi maalia maaliodottamaan n\u00e4hden, mik\u00e4 on sarjan toiseksi surkein lukema. Jos Pavlat saisi pelata pelk\u00e4st\u00e4\u00e4n Tapparaa vastaan, h\u00e4n olisi aivan ylikyl\u00e4n veskari.<\/p>\n<p><img decoding=\"async\" src=\"https:\/\/www.europesays.com\/fi\/wp-content\/uploads\/2025\/11\/1764026954_863_468.jpg\" alt=\"Dominik Pavlatin taso heittelee rajusti.\" class=\"_Img_1rerz_1\" style=\"aspect-ratio:1.5\" loading=\"eager\"\/><\/p>\n<p class=\"article-picture-caption\">Dominik Pavlatin taso heittelee rajusti. Kuva:\u00a0Matti Raivio<\/p>\n<p>Jami Krannila, Lukko<\/p>\n<p class=\"article-body mb-nof-24 px-nof-16\">NCAA:ssa marinoitunut hy\u00f6kk\u00e4\u00e4j\u00e4 kehittyi parissa vuodessa isoin harppauksin Lukon t\u00e4rkeimpien hy\u00f6kk\u00e4\u00e4jien joukkoon. Viime kaudella luisteluhirmu rikkoi ensimm\u00e4ist\u00e4 kertaa 40 pisteen rajan. Kehityskaari enteili, ett\u00e4 25-vuotias hy\u00f6kk\u00e4\u00e4j\u00e4 saattaa nousta EHT-rinkiin t\u00e4ll\u00e4 kaudella. No, ei l\u00e4hell\u00e4k\u00e4\u00e4n. Hakenut paikkaansa. Krannila on Lukon pistep\u00f6rssiss\u00e4 vasta 16. sijalla tehoilla 2+4.<\/p>\n<p><img decoding=\"async\" src=\"https:\/\/www.europesays.com\/fi\/wp-content\/uploads\/2025\/11\/1764026954_187_468.jpg\" alt=\"Jami Krannilalta odotetaan enemm\u00e4n.\" class=\"_Img_1rerz_1\" style=\"aspect-ratio:0.734375\" loading=\"eager\"\/><\/p>\n<p class=\"article-picture-caption\">Jami Krannilalta odotetaan enemm\u00e4n. Kuva:\u00a0Kari Mankonen<\/p>\n<p>Cade Borchardt, KalPa<\/p>\n<p class=\"article-body mb-nof-24 px-nof-16\">Hallitsevalla mestarilla piti olla riveiss\u00e4\u00e4n kaksip\u00e4inen jenkkihirvi\u00f6, kun Borchardt siirtyi ECHL:st\u00e4 tutun tutkaparinsa <a class=\"article-personlink\" href=\"https:\/\/www.is.fi\/haku\/?query=Patrick%20Curryn\" rel=\"nofollow noopener\" target=\"_blank\">Patrick Curryn<\/a> per\u00e4ss\u00e4 KalPaan. Curry paukutti viime kaudella 60 pistett\u00e4 mestarinipussa. Rima Borchardtin kohdalla ly\u00f6tiin samoille hujakoille, mutta sopeutuminen uusiin ympyr\u00f6ihin on ollut vaikeahko (21 ott. 6+7, -9). Borchardt-Curry on ollut odotuksiin n\u00e4hden yll\u00e4tt\u00e4v\u00e4n vaisu tutkapari toistaiseksi.<\/p>\n<p><img decoding=\"async\" src=\"https:\/\/www.europesays.com\/fi\/wp-content\/uploads\/2025\/11\/1764026954_986_468.jpg\" alt=\"Cade Borchardtilla on ollut sopeutumisvaikeuksia liigaj\u00e4ill\u00e4.\" class=\"_Img_1rerz_1\" style=\"aspect-ratio:0.8369791666666667\" loading=\"eager\"\/><\/p>\n<p class=\"article-picture-caption\">Cade Borchardtilla on ollut sopeutumisvaikeuksia liigaj\u00e4ill\u00e4. Kuva:\u00a0Jussi Eskola<\/p>\n<p>Aleksi Saarela, TPS<\/p>\n<p class=\"article-body mb-nof-24 px-nof-16\">TPS:n syliin putosi kultakimpale, kun pelimies parhaassa i\u00e4ss\u00e4 joutui varusmiespalveluksen takia purkamaan sopimuksensa sveitsil\u00e4isen SCL Tigersin kanssa. Saarela on liigan parhaiten palkattuja t\u00e4hti\u00e4, joka on rikkonut Sveitsin p\u00e4\u00e4sarjassa kerran 20 maalin ja 40 pisteen rajapyykit. TPS:ssa tulosodotukset ovat hurjat, mutta Saarela on viel\u00e4 ollut kaukana parhaastaan (19 ott. 9+3). Loukkaantuminen sotki syyskautta. Alkaa vasta l\u00e4mmet\u00e4.<\/p>\n<p><img decoding=\"async\" src=\"https:\/\/www.europesays.com\/fi\/wp-content\/uploads\/2025\/11\/1764026955_774_468.jpg\" alt=\"Aleksi Saarela oli ennen kautta maalip\u00f6rssin voittajasuosikkeja. Viel\u00e4 verkko ei ole heilunut odotetulla tahdilla.\" class=\"_Img_1rerz_1\" style=\"aspect-ratio:1.3008130081300813\" loading=\"eager\"\/><\/p>\n<p class=\"article-picture-caption\">Aleksi Saarela oli ennen kautta maalip\u00f6rssin voittajasuosikkeja. Viel\u00e4 verkko ei ole heilunut odotetulla tahdilla. Kuva:\u00a0Jussi Eskola<\/p>\n<p class=\"article-body mb-nof-24 px-nof-16\">Listalle tyrkyll\u00e4: John Stevens (K-Espoo), Tommi Tikka (K\u00e4rp\u00e4t), Petrus Palmu (HIFK), Miika Koivisto (Sport), Oliver Larsen (HIFK).<\/p>\n","protected":false},"excerpt":{"rendered":"Moni SM-liigan t\u00e4htipelaaja on pelannut alle tasonsa alkukaudella. Videotuomiossa k\u00e4sitell\u00e4\u00e4n SM-liigan t\u00e4m\u00e4n hetken kuumimmat puheenaiheet. 24.11. 20:20 Eric&hellip;\n","protected":false},"author":2,"featured_media":99141,"comment_status":"","ping_status":"","sticky":false,"template":"","format":"standard","meta":{"footnotes":""},"categories":[158],"tags":[33,31,30,34,159,32,160],"class_list":{"0":"post-99140","1":"post","2":"type-post","3":"status-publish","4":"format-standard","5":"has-post-thumbnail","7":"category-urheilu","8":"tag-fi","9":"tag-finland","10":"tag-finnish","11":"tag-ilta-sanomat","12":"tag-sports","13":"tag-suomi","14":"tag-urheilu"},"share_on_mastodon":{"url":"https:\/\/pubeurope.com\/@fi\/115607277934222615","error":""},"_links":{"self":[{"href":"https:\/\/www.europesays.com\/fi\/wp-json\/wp\/v2\/posts\/99140","targetHints":{"allow":["GET"]}}],"collection":[{"href":"https:\/\/www.europesays.com\/fi\/wp-json\/wp\/v2\/posts"}],"about":[{"href":"https:\/\/www.europesays.com\/fi\/wp-json\/wp\/v2\/types\/post"}],"author":[{"embeddable":true,"href":"https:\/\/www.europesays.com\/fi\/wp-json\/wp\/v2\/users\/2"}],"replies":[{"embeddable":true,"href":"https:\/\/www.europesays.com\/fi\/wp-json\/wp\/v2\/comments?post=99140"}],"version-history":[{"count":0,"href":"https:\/\/www.europesays.com\/fi\/wp-json\/wp\/v2\/posts\/99140\/revisions"}],"wp:featuredmedia":[{"embeddable":true,"href":"https:\/\/www.europesays.com\/fi\/wp-json\/wp\/v2\/media\/99141"}],"wp:attachment":[{"href":"https:\/\/www.europesays.com\/fi\/wp-json\/wp\/v2\/media?parent=99140"}],"wp:term":[{"taxonomy":"category","embeddable":true,"href":"https:\/\/www.europesays.com\/fi\/wp-json\/wp\/v2\/categories?post=99140"},{"taxonomy":"post_tag","embeddable":true,"href":"https:\/\/www.europesays.com\/fi\/wp-json\/wp\/v2\/tags?post=99140"}],"curies":[{"name":"wp","href":"https:\/\/api.w.org\/{rel}","templated":true}]}}