{"id":99144,"date":"2025-11-24T23:34:10","date_gmt":"2025-11-24T23:34:10","guid":{"rendered":"https:\/\/www.europesays.com\/fi\/99144\/"},"modified":"2025-11-24T23:34:10","modified_gmt":"2025-11-24T23:34:10","slug":"etiopiassa-purkautui-tulivuori-12-000-vuoden-tauon-jalkeen-aiheutti-haittaa-lentoliikenteelle-uutisia-lyhyesti","status":"publish","type":"post","link":"https:\/\/www.europesays.com\/fi\/99144\/","title":{"rendered":"Etiopiassa purkautui tulivuori 12 000 vuoden tauon j\u00e4lkeen \u2013 aiheutti haittaa lentoliikenteelle | Uutisia lyhyesti"},"content":{"rendered":"<p class=\"aw-1gybjub aw-5vja16 kEtdKx kmuxyA yle__article__paragraph\">Tuhkapilven vuoksi lentoyhti\u00f6 Finnair perui maanantai-iltap\u00e4iv\u00e4n lentonsa Helsingist\u00e4 Bangkokiin tuhkapilven v\u00e4ltt\u00e4miseksi, uutisoi Ilta-Sanomat.<\/p>\n<p><img decoding=\"async\" alt=\"Savupilvi nousee Hayli Gubbin purkauksessa.\" src=\"https:\/\/www.europesays.com\/fi\/wp-content\/uploads\/2025\/11\/39-15588076924c2405c942.jpeg\" class=\"aw-1l9m598 hKVVvP\"\/><\/p>\n<p>Avaa kuvien katselu<\/p>\n<p>Noin 500 metrin korkeuteen nouseva Hayli Gubbi purkautui sunnuntaina useiden tuntien ajan. Kuva: Afar Government Communication Bureau \/ AOP<\/p>\n<p class=\"aw-1gybjub aw-1p7kakr kEtdKx cEmitX yle__article__paragraph\">Etiopian koillisosassa sijaitseva tulivuori purkautui sunnuntaina ensimm\u00e4ist\u00e4 kertaa l\u00e4hes 12 000 vuoteen.<\/p>\n<p class=\"aw-1gybjub aw-1p7kakr kEtdKx cEmitX yle__article__paragraph\">Noin 500 metrin korkeuteen nousevan Hayli Gubbin purkauksessa syntynyt savupilvi kulkeutui Jemenin, Omanin, Intian ja Pakistanin pohjoisosan ylle. Tulivuori sijaitsee Afarin alueella noin 800 kilometri\u00e4 koilliseen p\u00e4\u00e4kaupunki Addis Abebasta.<\/p>\n<p class=\"aw-1gybjub aw-1p7kakr kEtdKx cEmitX yle__article__paragraph\">Viranomaiset eiv\u00e4t ole toistaiseksi kertoneet henkil\u00f6vahingoista. Paikallismedian mukaan tuhka voi kuitenkin vaikuttaa paikallisiin karjanomistajiin, kun tuhka v\u00e4hent\u00e4\u00e4 laidunkasvillisuuden m\u00e4\u00e4r\u00e4\u00e4.<\/p>\n<p class=\"aw-1gybjub aw-1p7kakr kEtdKx cEmitX yle__article__paragraph\">Tuhkapilven vuoksi lentoyhti\u00f6 Finnair perui maanantai-iltap\u00e4iv\u00e4n lentonsa Helsingist\u00e4 Bangkokiin tuhkapilven v\u00e4ltt\u00e4miseksi, uutisoi aiemmin <a class=\"aw-iao6s4 iHOxEa yle__article__link\" href=\"https:\/\/www.is.fi\/ulkomaat\/art-2000011647150.html\" role=\"link\" rel=\"nofollow noopener\" target=\"_blank\">Ilta-Sanomat<\/a>. Yhti\u00f6 ennakoi, ett\u00e4 purkaus saattaa vaikuttaa maanantaina muidenkin lentojen aikatauluihin tai reititykseen.<\/p>\n<p class=\"aw-1gybjub aw-1p7kakr kEtdKx cEmitX yle__article__paragraph\">L\u00e4hteet: AFP, Reuters<\/p>\n","protected":false},"excerpt":{"rendered":"Tuhkapilven vuoksi lentoyhti\u00f6 Finnair perui maanantai-iltap\u00e4iv\u00e4n lentonsa Helsingist\u00e4 Bangkokiin tuhkapilven v\u00e4ltt\u00e4miseksi, uutisoi Ilta-Sanomat. Avaa kuvien katselu Noin 500&hellip;\n","protected":false},"author":2,"featured_media":99145,"comment_status":"","ping_status":"","sticky":false,"template":"","format":"standard","meta":{"footnotes":""},"categories":[14],"tags":[22,23,26,27,33,31,30,17,24,25,4074,72,28,29,15,18,21,32,19,20,17614,56,16,59,60,61],"class_list":{"0":"post-99144","1":"post","2":"type-post","3":"status-publish","4":"format-standard","5":"has-post-thumbnail","7":"category-ulkomaat","8":"tag-breaking-news","9":"tag-breakingnews","10":"tag-featured-news","11":"tag-featurednews","12":"tag-fi","13":"tag-finland","14":"tag-finnish","15":"tag-headlines","16":"tag-latest-news","17":"tag-latestnews","18":"tag-luonnononnettomuudet","19":"tag-luonto","20":"tag-main-news","21":"tag-mainnews","22":"tag-news","23":"tag-otsikot","24":"tag-paauutiset","25":"tag-suomi","26":"tag-top-stories","27":"tag-topstories","28":"tag-tulivuoret","29":"tag-ulkomaat","30":"tag-uutiset","31":"tag-world","32":"tag-world-news","33":"tag-worldnews"},"share_on_mastodon":{"url":"https:\/\/pubeurope.com\/@fi\/115607297860465857","error":""},"_links":{"self":[{"href":"https:\/\/www.europesays.com\/fi\/wp-json\/wp\/v2\/posts\/99144","targetHints":{"allow":["GET"]}}],"collection":[{"href":"https:\/\/www.europesays.com\/fi\/wp-json\/wp\/v2\/posts"}],"about":[{"href":"https:\/\/www.europesays.com\/fi\/wp-json\/wp\/v2\/types\/post"}],"author":[{"embeddable":true,"href":"https:\/\/www.europesays.com\/fi\/wp-json\/wp\/v2\/users\/2"}],"replies":[{"embeddable":true,"href":"https:\/\/www.europesays.com\/fi\/wp-json\/wp\/v2\/comments?post=99144"}],"version-history":[{"count":0,"href":"https:\/\/www.europesays.com\/fi\/wp-json\/wp\/v2\/posts\/99144\/revisions"}],"wp:featuredmedia":[{"embeddable":true,"href":"https:\/\/www.europesays.com\/fi\/wp-json\/wp\/v2\/media\/99145"}],"wp:attachment":[{"href":"https:\/\/www.europesays.com\/fi\/wp-json\/wp\/v2\/media?parent=99144"}],"wp:term":[{"taxonomy":"category","embeddable":true,"href":"https:\/\/www.europesays.com\/fi\/wp-json\/wp\/v2\/categories?post=99144"},{"taxonomy":"post_tag","embeddable":true,"href":"https:\/\/www.europesays.com\/fi\/wp-json\/wp\/v2\/tags?post=99144"}],"curies":[{"name":"wp","href":"https:\/\/api.w.org\/{rel}","templated":true}]}}