{"id":99174,"date":"2025-11-25T00:29:17","date_gmt":"2025-11-25T00:29:17","guid":{"rendered":"https:\/\/www.europesays.com\/fi\/99174\/"},"modified":"2025-11-25T00:29:17","modified_gmt":"2025-11-25T00:29:17","slug":"naitko-taman-tilanteen-suojatiella-kuopiossa-ota-yhteytta-poliisiin","status":"publish","type":"post","link":"https:\/\/www.europesays.com\/fi\/99174\/","title":{"rendered":"N\u00e4itk\u00f6 t\u00e4m\u00e4n tilanteen suojatiell\u00e4 Kuopiossa? Ota yhteytt\u00e4 poliisiin"},"content":{"rendered":"<p>Autoilija l\u00e4hti yll\u00e4tt\u00e4en liikkeelle, kun py\u00f6r\u00e4ilij\u00e4 oli suojatiell\u00e4. <\/p>\n<p><img decoding=\"async\" class=\"image image-show image-preview\" src=\"https:\/\/www.europesays.com\/fi\/wp-content\/uploads\/2025\/11\/9a52d8de069150759557eb2758ee3daa785bc4466d92b14ebe0534bb627a4b6e.jpg\" alt=\"\"\/><img decoding=\"async\" class=\"image image-show\" src=\"https:\/\/www.europesays.com\/fi\/wp-content\/uploads\/2025\/11\/1764030557_233_9a52d8de069150759557eb2758ee3daa785bc4466d92b14ebe0534bb627a4b6e.jpg\" alt=\"\"\/><\/p>\n<p>Poliisi pyyt\u00e4\u00e4 autoa kuljettanutta miest\u00e4 ottamaan yhteytt\u00e4 Kuopion poliisip\u00e4ivystykseen.  Inka Soveri<\/p>\n<p class=\"paragraph\">Poliisi kaipaa havaintoja Kuopiossa tapahtuneesta kolarissa.<\/p>\n<p class=\"paragraph\">Perjantaina 14. marraskuuta Valkeisenkadun ja Alahovintien risteyksess\u00e4 autoilija ajoi p\u00e4in suojatiell\u00e4 ollutta polkupy\u00f6r\u00e4ilij\u00e4\u00e4.<\/p>\n<p class=\"paragraph\">Polkupy\u00f6r\u00e4ilij\u00e4 ilmoitti poliisille, ett\u00e4 h\u00e4n oli ollut ylitt\u00e4m\u00e4ss\u00e4 Alavan kirkon l\u00e4hell\u00e4 olevaa suojatiet\u00e4 Valkeisenkadulla perjantaina noin kello 16.45 aikaan.<\/p>\n<p class=\"paragraph\">Suojatien takana oli ollut pys\u00e4htyneen\u00e4 henkil\u00f6auto, mutta sen kuljettaja oli l\u00e4htenyt yll\u00e4tt\u00e4en liikkeelle, kun polkupy\u00f6r\u00e4ilij\u00e4 oli suojatiell\u00e4.<\/p>\n<p class=\"paragraph\">Autoilija oli t\u00f6rm\u00e4nnyt py\u00f6r\u00e4ilij\u00e4\u00e4n, ja py\u00f6r\u00e4ilij\u00e4 oli osittain kaatunut py\u00f6r\u00e4ns\u00e4 kanssa.<\/p>\n<p class=\"paragraph\">Autoa kuljettanut vanhempi mies oli pys\u00e4htynyt tapahtumapaikalle ja kysynyt py\u00f6r\u00e4ilij\u00e4n vointia. Py\u00f6r\u00e4ilij\u00e4 oli kertonut, ettei h\u00e4n ole loukkaantunut, jonka j\u00e4lkeen autoilija oli jatkanut matkaansa.<\/p>\n<p class=\"paragraph\">T\u00e4m\u00e4n j\u00e4lkeen py\u00f6r\u00e4ilij\u00e4 oli huomannut, ett\u00e4 h\u00e4nen py\u00f6r\u00e4ns\u00e4 oli vaurioitunut kolarissa.<\/p>\n<p>Poliisi pyyt\u00e4\u00e4 havaintoja<\/p>\n<p class=\"paragraph\">Poliisin tiedotteen mukaan py\u00f6r\u00e4ilij\u00e4 ei enn\u00e4tt\u00e4nyt ottaa auton rekisteritunnusta yl\u00f6s. Auto on ollut porrasper\u00e4inen ja vaalean v\u00e4rinen. Kuljettajan lis\u00e4ksi auton kyydiss\u00e4 etupenkill\u00e4 oli nainen.<\/p>\n<p class=\"paragraph\">Poliisi pyyt\u00e4\u00e4 autoa kuljettanutta miest\u00e4 ottamaan yhteytt\u00e4 Kuopion poliisip\u00e4ivystykseen puhelinnumeroon 0295 415 240 tai s\u00e4hk\u00f6postitse osoitteeseen poliisipaivystys.ita-suomi@poliisi.fi.<\/p>\n<p class=\"paragraph\">Poliisi on my\u00f6s kiinnostunut mahdollisista havainnosta. Niist\u00e4 voi ilmoittaa It\u00e4-Suomen poliisilaitoksen vihjenumeroon 0295 415 232.<\/p>\n<p class=\"paragraph\">Poliisiin voi ottaa my\u00f6s yhteytt\u00e4 s\u00e4hk\u00f6postitse vihjeet.ita-suomi@poliisi.fi.<\/p>\n","protected":false},"excerpt":{"rendered":"Autoilija l\u00e4hti yll\u00e4tt\u00e4en liikkeelle, kun py\u00f6r\u00e4ilij\u00e4 oli suojatiell\u00e4. Poliisi pyyt\u00e4\u00e4 autoa kuljettanutta miest\u00e4 ottamaan yhteytt\u00e4 Kuopion poliisip\u00e4ivystykseen. Inka&hellip;\n","protected":false},"author":2,"featured_media":96276,"comment_status":"","ping_status":"","sticky":false,"template":"","format":"standard","meta":{"footnotes":""},"categories":[5],"tags":[35,22,23,26,27,33,31,30,17,55,24,25,121,28,29,15,18,21,122,54,32,128,19,20,16],"class_list":{"0":"post-99174","1":"post","2":"type-post","3":"status-publish","4":"format-standard","5":"has-post-thumbnail","7":"category-otsikot","8":"tag-24h","9":"tag-breaking-news","10":"tag-breakingnews","11":"tag-featured-news","12":"tag-featurednews","13":"tag-fi","14":"tag-finland","15":"tag-finnish","16":"tag-headlines","17":"tag-lainvalvonta","18":"tag-latest-news","19":"tag-latestnews","20":"tag-liikenne-ja-kuljetus","21":"tag-main-news","22":"tag-mainnews","23":"tag-news","24":"tag-otsikot","25":"tag-paauutiset","26":"tag-pelastaminen","27":"tag-pelastuspalvelut","28":"tag-suomi","29":"tag-tieliikenne","30":"tag-top-stories","31":"tag-topstories","32":"tag-uutiset"},"share_on_mastodon":{"url":"https:\/\/pubeurope.com\/@fi\/115607513782829808","error":""},"_links":{"self":[{"href":"https:\/\/www.europesays.com\/fi\/wp-json\/wp\/v2\/posts\/99174","targetHints":{"allow":["GET"]}}],"collection":[{"href":"https:\/\/www.europesays.com\/fi\/wp-json\/wp\/v2\/posts"}],"about":[{"href":"https:\/\/www.europesays.com\/fi\/wp-json\/wp\/v2\/types\/post"}],"author":[{"embeddable":true,"href":"https:\/\/www.europesays.com\/fi\/wp-json\/wp\/v2\/users\/2"}],"replies":[{"embeddable":true,"href":"https:\/\/www.europesays.com\/fi\/wp-json\/wp\/v2\/comments?post=99174"}],"version-history":[{"count":0,"href":"https:\/\/www.europesays.com\/fi\/wp-json\/wp\/v2\/posts\/99174\/revisions"}],"wp:featuredmedia":[{"embeddable":true,"href":"https:\/\/www.europesays.com\/fi\/wp-json\/wp\/v2\/media\/96276"}],"wp:attachment":[{"href":"https:\/\/www.europesays.com\/fi\/wp-json\/wp\/v2\/media?parent=99174"}],"wp:term":[{"taxonomy":"category","embeddable":true,"href":"https:\/\/www.europesays.com\/fi\/wp-json\/wp\/v2\/categories?post=99174"},{"taxonomy":"post_tag","embeddable":true,"href":"https:\/\/www.europesays.com\/fi\/wp-json\/wp\/v2\/tags?post=99174"}],"curies":[{"name":"wp","href":"https:\/\/api.w.org\/{rel}","templated":true}]}}