{"id":99190,"date":"2025-11-25T01:19:10","date_gmt":"2025-11-25T01:19:10","guid":{"rendered":"https:\/\/www.europesays.com\/fi\/99190\/"},"modified":"2025-11-25T01:19:10","modified_gmt":"2025-11-25T01:19:10","slug":"somerajoitus-alle-15-vuotiaille-sanovat-petteri-orpo-ja-sanni-grahn-laasonen-uutissuomalainen","status":"publish","type":"post","link":"https:\/\/www.europesays.com\/fi\/99190\/","title":{"rendered":"Somerajoitus alle 15-vuotiaille, sanovat Petteri Orpo ja Sanni Grahn-Laasonen | Uutissuomalainen"},"content":{"rendered":"<p>Kokoomuksen puheenjohtaja, p\u00e4\u00e4ministeri <strong>Petteri Orpo<\/strong> kertoo sosiaaliturva- ja tasa-arvoministeri <strong>Sanni Grahn-Laasosen<\/strong> kanssa kannattavansa sosiaalisen median rajoituksia alle 15-vuotiaille.<\/p>\n<p>\u2013 Tutkimusn\u00e4ytt\u00f6 sosiaalisen median haitoista lasten ja nuorten hyvinvoinnille on vahvaa ja kasvaa jatkuvasti. Runsas somen k\u00e4ytt\u00f6 on yhteydess\u00e4 mielenterveysongelmiin, liikkumattomuuteen ja heikompaan unen laatuun. Me haluamme taata lapsille turvallisen kasvuymp\u00e4rist\u00f6n, Orpo sanoo tiedotteessa.<\/p>\n<p>Grahn-Laasosen mukaan vapaaehtoiset suositukset eiv\u00e4t en\u00e4\u00e4 riit\u00e4.<\/p>\n<p>\u2013 Suuret somej\u00e4tit eiv\u00e4t ole kyenneet suojelemaan lapsia. Sosiaalinen media altistaa liialliselle ruutuajalle ja lapsen turvallisen kasvun kannalta vahingolliselle sis\u00e4ll\u00f6lle, joka voi liitty\u00e4 esimerkiksi varhaisiin ulkon\u00e4k\u00f6paineisiin, sy\u00f6mish\u00e4iri\u00f6ihin ja seksuaaliseen h\u00e4irint\u00e4\u00e4n. Suomen tulee muiden Pohjoismaiden tavoin ryhty\u00e4 toimiin ja rajoittaa somen k\u00e4ytt\u00f6\u00e4 alle 15-vuotiailta lapsilta. Se auttaa my\u00f6s perheit\u00e4, kun linja on yhteinen, Grahn-Laasonen sanoo.<\/p>\n<p>Vastaavia rajoituksia on jo valmisteilla muissa Pohjoismaissa. Muualla maailmassa ensimm\u00e4isen\u00e4 somekiellon lapsille ja nuorille on s\u00e4\u00e4t\u00e4nyt Australia.<\/p>\n<p>\u2013 K\u00e4nnykk\u00e4kielto kouluissa oli t\u00e4rke\u00e4 askel oppimisrauhan turvaamiseksi, mutta se ei ratkaise vapaa-ajalla tapahtuvan somen k\u00e4yt\u00f6n haittoja. Ruotsissa, Norjassa ja Tanskassa valmistellaan somekieltoa alle 15-vuotiaille. My\u00f6s Suomen on toimittava, Orpo painottaa tiedotteessa.<\/p>\n<p>Orpo k\u00e4ynnist\u00e4\u00e4 selvitysty\u00f6n sosiaalisen median ik\u00e4rajan toteuttamisesta, jossa selvitet\u00e4\u00e4n valvontaan, m\u00e4\u00e4rittelyyn ja mahdollisiin poikkeuksiin liittyvi\u00e4 kysymyksi\u00e4.<\/p>\n<p>Kokoomusministerit eiv\u00e4t Grahn-Laasosen mukaan tahdo v\u00e4h\u00e4tell\u00e4 sosiaalisen median merkityst\u00e4 nuorille.<\/p>\n<p>\u2013 Siksi haluamme, ett\u00e4 heill\u00e4 on turvallisia tapoja olla yhteydess\u00e4 toisiinsa ja saada tietoa. Somen rajoittaminen ei ole rangaistus, vaan suojakeino turvallisemman lapsuuden puolesta, Grahn-Laasonen sanoo tiedotteessa.<\/p>\n","protected":false},"excerpt":{"rendered":"Kokoomuksen puheenjohtaja, p\u00e4\u00e4ministeri Petteri Orpo kertoo sosiaaliturva- ja tasa-arvoministeri Sanni Grahn-Laasosen kanssa kannattavansa sosiaalisen median rajoituksia alle 15-vuotiaille.&hellip;\n","protected":false},"author":2,"featured_media":99191,"comment_status":"","ping_status":"","sticky":false,"template":"","format":"standard","meta":{"footnotes":""},"categories":[14],"tags":[22,23,26,27,33,31,30,17,100,24,25,28,29,15,18,21,637,886,888,885,887,32,19,20,56,3884,16,59,60,61],"class_list":{"0":"post-99190","1":"post","2":"type-post","3":"status-publish","4":"format-standard","5":"has-post-thumbnail","7":"category-ulkomaat","8":"tag-breaking-news","9":"tag-breakingnews","10":"tag-featured-news","11":"tag-featurednews","12":"tag-fi","13":"tag-finland","14":"tag-finnish","15":"tag-headlines","16":"tag-lapset-ja-nuoret","17":"tag-latest-news","18":"tag-latestnews","19":"tag-main-news","20":"tag-mainnews","21":"tag-news","22":"tag-otsikot","23":"tag-paauutiset","24":"tag-politiikka","25":"tag-puolueet","26":"tag-suomalaiset-poliitikot","27":"tag-suomen-poliittiset-puolueet","28":"tag-suomen-politiikka","29":"tag-suomi","30":"tag-top-stories","31":"tag-topstories","32":"tag-ulkomaat","33":"tag-ulkonako","34":"tag-uutiset","35":"tag-world","36":"tag-world-news","37":"tag-worldnews"},"share_on_mastodon":{"url":"https:\/\/pubeurope.com\/@fi\/115607710234693556","error":""},"_links":{"self":[{"href":"https:\/\/www.europesays.com\/fi\/wp-json\/wp\/v2\/posts\/99190","targetHints":{"allow":["GET"]}}],"collection":[{"href":"https:\/\/www.europesays.com\/fi\/wp-json\/wp\/v2\/posts"}],"about":[{"href":"https:\/\/www.europesays.com\/fi\/wp-json\/wp\/v2\/types\/post"}],"author":[{"embeddable":true,"href":"https:\/\/www.europesays.com\/fi\/wp-json\/wp\/v2\/users\/2"}],"replies":[{"embeddable":true,"href":"https:\/\/www.europesays.com\/fi\/wp-json\/wp\/v2\/comments?post=99190"}],"version-history":[{"count":0,"href":"https:\/\/www.europesays.com\/fi\/wp-json\/wp\/v2\/posts\/99190\/revisions"}],"wp:featuredmedia":[{"embeddable":true,"href":"https:\/\/www.europesays.com\/fi\/wp-json\/wp\/v2\/media\/99191"}],"wp:attachment":[{"href":"https:\/\/www.europesays.com\/fi\/wp-json\/wp\/v2\/media?parent=99190"}],"wp:term":[{"taxonomy":"category","embeddable":true,"href":"https:\/\/www.europesays.com\/fi\/wp-json\/wp\/v2\/categories?post=99190"},{"taxonomy":"post_tag","embeddable":true,"href":"https:\/\/www.europesays.com\/fi\/wp-json\/wp\/v2\/tags?post=99190"}],"curies":[{"name":"wp","href":"https:\/\/api.w.org\/{rel}","templated":true}]}}