{"id":99194,"date":"2025-11-25T01:21:09","date_gmt":"2025-11-25T01:21:09","guid":{"rendered":"https:\/\/www.europesays.com\/fi\/99194\/"},"modified":"2025-11-25T01:21:09","modified_gmt":"2025-11-25T01:21:09","slug":"junia-myohassa-jopa-kaksi-tuntia","status":"publish","type":"post","link":"https:\/\/www.europesays.com\/fi\/99194\/","title":{"rendered":"Junia my\u00f6h\u00e4ss\u00e4 jopa kaksi tuntia"},"content":{"rendered":"<p>VR:n tiedotteen mukaan ainakin kolme junavuoroa on my\u00f6h\u00e4ss\u00e4 radalle hajonneen junan takia.<\/p>\n<p><img decoding=\"async\" class=\"image image-show image-preview\" src=\"https:\/\/www.europesays.com\/fi\/wp-content\/uploads\/2025\/11\/dbc16aaee4772401776fe7e93c8cb31e5efa6212142d191c2fbed93a23e0f054.jpg\" alt=\"\"\/><img decoding=\"async\" class=\"image image-show\" src=\"https:\/\/www.europesays.com\/fi\/wp-content\/uploads\/2025\/11\/1764033669_667_dbc16aaee4772401776fe7e93c8cb31e5efa6212142d191c2fbed93a23e0f054.jpg\" alt=\"\"\/><\/p>\n<p>Raiteille hajonnut juna aiheuttaa maanantaiy\u00f6n\u00e4 useita my\u00f6h\u00e4stymisi\u00e4. Kuvituskuva. Levi Veps\u00e4<\/p>\n<p class=\"paragraph\">Rovaniemelt\u00e4 Helsinkiin kello 15:35 l\u00e4htenyt juna on noin kaksi tuntia my\u00f6h\u00e4ss\u00e4 aikataulusta.<\/p>\n<p class=\"paragraph\">Fintrafficin mukaan juna on my\u00f6h\u00e4ss\u00e4 Parkanossa raiteille hajonneen toisen junan vuoksi.<\/p>\n<p class=\"paragraph\">My\u00f6s Helsingist\u00e4 Vaasaan kello 20:24 l\u00e4htenyt juna on noin 40 minuuttia my\u00f6h\u00e4ss\u00e4 samasta syyst\u00e4.<\/p>\n<p class=\"paragraph\">Helsingist\u00e4 Ouluun kello 18:24 l\u00e4htenyt juna on my\u00f6h\u00e4ss\u00e4 noin kaksi tuntia.<\/p>\n","protected":false},"excerpt":{"rendered":"VR:n tiedotteen mukaan ainakin kolme junavuoroa on my\u00f6h\u00e4ss\u00e4 radalle hajonneen junan takia. Raiteille hajonnut juna aiheuttaa maanantaiy\u00f6n\u00e4 useita&hellip;\n","protected":false},"author":2,"featured_media":99195,"comment_status":"","ping_status":"","sticky":false,"template":"","format":"standard","meta":{"footnotes":""},"categories":[5],"tags":[35,22,23,26,27,33,31,30,17,24,25,121,734,951,28,29,953,15,18,21,950,32,19,20,16],"class_list":{"0":"post-99194","1":"post","2":"type-post","3":"status-publish","4":"format-standard","5":"has-post-thumbnail","7":"category-otsikot","8":"tag-24h","9":"tag-breaking-news","10":"tag-breakingnews","11":"tag-featured-news","12":"tag-featurednews","13":"tag-fi","14":"tag-finland","15":"tag-finnish","16":"tag-headlines","17":"tag-latest-news","18":"tag-latestnews","19":"tag-liikenne-ja-kuljetus","20":"tag-maaliikenne","21":"tag-maaliikenne-putkijohtokuljetus","22":"tag-main-news","23":"tag-mainnews","24":"tag-matkustajaliikenne","25":"tag-news","26":"tag-otsikot","27":"tag-paauutiset","28":"tag-raskas-liikenne","29":"tag-suomi","30":"tag-top-stories","31":"tag-topstories","32":"tag-uutiset"},"share_on_mastodon":{"url":"https:\/\/pubeurope.com\/@fi\/115607718260427385","error":""},"_links":{"self":[{"href":"https:\/\/www.europesays.com\/fi\/wp-json\/wp\/v2\/posts\/99194","targetHints":{"allow":["GET"]}}],"collection":[{"href":"https:\/\/www.europesays.com\/fi\/wp-json\/wp\/v2\/posts"}],"about":[{"href":"https:\/\/www.europesays.com\/fi\/wp-json\/wp\/v2\/types\/post"}],"author":[{"embeddable":true,"href":"https:\/\/www.europesays.com\/fi\/wp-json\/wp\/v2\/users\/2"}],"replies":[{"embeddable":true,"href":"https:\/\/www.europesays.com\/fi\/wp-json\/wp\/v2\/comments?post=99194"}],"version-history":[{"count":0,"href":"https:\/\/www.europesays.com\/fi\/wp-json\/wp\/v2\/posts\/99194\/revisions"}],"wp:featuredmedia":[{"embeddable":true,"href":"https:\/\/www.europesays.com\/fi\/wp-json\/wp\/v2\/media\/99195"}],"wp:attachment":[{"href":"https:\/\/www.europesays.com\/fi\/wp-json\/wp\/v2\/media?parent=99194"}],"wp:term":[{"taxonomy":"category","embeddable":true,"href":"https:\/\/www.europesays.com\/fi\/wp-json\/wp\/v2\/categories?post=99194"},{"taxonomy":"post_tag","embeddable":true,"href":"https:\/\/www.europesays.com\/fi\/wp-json\/wp\/v2\/tags?post=99194"}],"curies":[{"name":"wp","href":"https:\/\/api.w.org\/{rel}","templated":true}]}}