{"id":99198,"date":"2025-11-25T01:40:09","date_gmt":"2025-11-25T01:40:09","guid":{"rendered":"https:\/\/www.europesays.com\/fi\/99198\/"},"modified":"2025-11-25T01:40:09","modified_gmt":"2025-11-25T01:40:09","slug":"al-hammentamisen-mestari-jaakko-lantta-on-ensi-kaudella-ilveksen-mies-jatkoaika-com","status":"publish","type":"post","link":"https:\/\/www.europesays.com\/fi\/99198\/","title":{"rendered":"AL: H\u00e4mment\u00e4misen mestari Jaakko Lantta on ensi kaudella Ilveksen mies &#8211; Jatkoaika.com"},"content":{"rendered":"<ol>\n<li><a href=\"https:\/\/news.google.com\/rss\/articles\/CBMivAFBVV95cUxNVnd1VUVGdHhuME1ndWFYNkt5MTktM2l5M013RUd6WkNIaWdrNGJoZ09IZzI0WTVadFowdmRwUlJRX0JpamR3WG9wV3VDdnVpNkNpb2Ewci1lTG1PNFJEeDF4MnEwMFQ2UVNZa3JRRWl3Yk95cFFwRGVtOXRhMEJlRHFST18wc09wOXBLaFZhMll0UEFPdkhaTTVGXzR1NVo5ZmlLUl9Gbm9RejF4SXdCTDFUWW52ZzNlbjBDbg?oc=5\" target=\"_blank\" rel=\"nofollow noopener\">AL: H\u00e4mment\u00e4misen mestari Jaakko Lantta on ensi kaudella Ilveksen mies<\/a>&nbsp;&nbsp;Jatkoaika.com<\/li>\n<li><a href=\"https:\/\/news.google.com\/rss\/articles\/CBMiY0FVX3lxTE42REpsWnpIUHdfN2s0YUFtMndkSTVTdG43UlAyWDloWWhZTTFJRS02VFNscjVZZHVIaUVqYjlWbW9Nb0dYYTVScnphR1hWUDVya1pyZmdwbkNtUkVnelltUDlRSQ?oc=5\" target=\"_blank\" rel=\"nofollow noopener\">Ilves nappasi kiistellyn Suomen mestarin<\/a>&nbsp;&nbsp;Aamulehti<\/li>\n<li><a href=\"https:\/\/news.google.com\/rss\/articles\/CBMiVkFVX3lxTE14NFlYZGZtNW1yVHBVaG5PQV9RNkFQQmZqMDhlUmRkaTVySkFvZXdXbTlONC05SWE4S3g4MmRhTmNyU3AxMWtXTVphMWxpeGFxOEYwd19R?oc=5\" target=\"_blank\" rel=\"nofollow noopener\">Aamulehti: KalPan kovaa taklaava hy\u00f6kk\u00e4\u00e4j\u00e4 vaihtaa maisemaa | Urheilu<\/a>&nbsp;&nbsp;Savon Sanomat<\/li>\n<li><a href=\"https:\/\/news.google.com\/rss\/articles\/CBMiXkFVX3lxTE9Ucl9BajdvMlFMaC1kajdnSi1TczNZRXo2WGhlWGxjLU54ck9XMnczRWJTcDFKTFR5TzJLTkVWa0l3SHYyS0VnVDhWMlhEeVNKTHJHc1hYTzZOVFNhNGc?oc=5\" target=\"_blank\" rel=\"nofollow noopener\">AL: SM-liigan sarjasikailija vaihtaa seuraa<\/a>&nbsp;&nbsp;Ilta-Sanomat<\/li>\n<li><a href=\"https:\/\/news.google.com\/rss\/articles\/CBMiqwFBVV95cUxNa3VtOVJlYVBwLVd3ODAzdUJQWVF2dGljaFZqdU5TUllMaDdnMmhJdDVURFpBWGhmdTd4X0JNOVJKTDg0aklkY2VKV3V2TzFjdkFaa0hlR3hWLTVOSk5sMHU4M1BCVWc4UnRPV3FHa21maXpIMHVXVTYtUU1GLUx3c0ZDZ1YwMC1zLVc5ZnVFX3FSNklVV2Q1Z190MGZjQ0VSc0dIUk92VDZEbm8?oc=5\" target=\"_blank\" rel=\"nofollow noopener\">AL: Ilves k\u00e4vi ry\u00f6st\u00f6retkell\u00e4 Kuopiossa \u2013 haaviin KalPan mestarihy\u00f6kk\u00e4\u00e4j\u00e4<\/a>&nbsp;&nbsp;SuomiKiekko<\/li>\n<\/ol>\n","protected":false},"excerpt":{"rendered":"AL: H\u00e4mment\u00e4misen mestari Jaakko Lantta on ensi kaudella Ilveksen mies&nbsp;&nbsp;Jatkoaika.com Ilves nappasi kiistellyn Suomen mestarin&nbsp;&nbsp;Aamulehti Aamulehti: KalPan kovaa&hellip;\n","protected":false},"author":2,"featured_media":99199,"comment_status":"","ping_status":"","sticky":false,"template":"","format":"standard","meta":{"footnotes":""},"categories":[158],"tags":[19154,33,31,30,159,32,160],"class_list":{"0":"post-99198","1":"post","2":"type-post","3":"status-publish","4":"format-standard","5":"has-post-thumbnail","7":"category-urheilu","8":"tag-al-hammentamisen-mestari-jaakko-lantta-on-ensi-kaudella-ilveksen-mies-liiga-24-11-2025-uutiset-jatkoaika-com-kaikki-jaakiekosta","9":"tag-fi","10":"tag-finland","11":"tag-finnish","12":"tag-sports","13":"tag-suomi","14":"tag-urheilu"},"share_on_mastodon":{"url":"https:\/\/pubeurope.com\/@fi\/115607792770600257","error":""},"_links":{"self":[{"href":"https:\/\/www.europesays.com\/fi\/wp-json\/wp\/v2\/posts\/99198","targetHints":{"allow":["GET"]}}],"collection":[{"href":"https:\/\/www.europesays.com\/fi\/wp-json\/wp\/v2\/posts"}],"about":[{"href":"https:\/\/www.europesays.com\/fi\/wp-json\/wp\/v2\/types\/post"}],"author":[{"embeddable":true,"href":"https:\/\/www.europesays.com\/fi\/wp-json\/wp\/v2\/users\/2"}],"replies":[{"embeddable":true,"href":"https:\/\/www.europesays.com\/fi\/wp-json\/wp\/v2\/comments?post=99198"}],"version-history":[{"count":0,"href":"https:\/\/www.europesays.com\/fi\/wp-json\/wp\/v2\/posts\/99198\/revisions"}],"wp:featuredmedia":[{"embeddable":true,"href":"https:\/\/www.europesays.com\/fi\/wp-json\/wp\/v2\/media\/99199"}],"wp:attachment":[{"href":"https:\/\/www.europesays.com\/fi\/wp-json\/wp\/v2\/media?parent=99198"}],"wp:term":[{"taxonomy":"category","embeddable":true,"href":"https:\/\/www.europesays.com\/fi\/wp-json\/wp\/v2\/categories?post=99198"},{"taxonomy":"post_tag","embeddable":true,"href":"https:\/\/www.europesays.com\/fi\/wp-json\/wp\/v2\/tags?post=99198"}],"curies":[{"name":"wp","href":"https:\/\/api.w.org\/{rel}","templated":true}]}}