{"id":99202,"date":"2025-11-25T01:45:22","date_gmt":"2025-11-25T01:45:22","guid":{"rendered":"https:\/\/www.europesays.com\/fi\/99202\/"},"modified":"2025-11-25T01:45:22","modified_gmt":"2025-11-25T01:45:22","slug":"lapsijoukko-onnistui-pakenemaan-sieppaajiltaan-nigeriassa","status":"publish","type":"post","link":"https:\/\/www.europesays.com\/fi\/99202\/","title":{"rendered":"Lapsijoukko onnistui pakenemaan sieppaajiltaan Nigeriassa"},"content":{"rendered":"<p>Nigeriassa on viime p\u00e4ivin\u00e4 ollut useita koululaisten sieppauksia. Paavi Leo vetosi sunnuntaina, ett\u00e4 panttivangit vapautettaisiin.<\/p>\n<p>23.11. 21:33<\/p>\n<p class=\"article-body mb-nof-24 px-nof-16\">Ainakin 51 lasta onnistui pakenemaan sieppaajiltaan Nigeriassa, kertoo uutistoimisto AFP.<\/p>\n<p class=\"article-body mb-nof-24 px-nof-16\">Perjantaina asemiehet ottivat panttivangeikseen 303 katolisen St Maryn koulun oppilasta ja kaksitoista opettajaa Papirissa Nigerin osavaltiossa. Osa oppilaista p\u00e4\u00e4si karkuun koulusta perjantaina ja lauantain v\u00e4lisen\u00e4 y\u00f6n\u00e4.<\/p>\n<p class=\"article-body mb-nof-24 px-nof-16\">Pakoon p\u00e4\u00e4sseet lapset ovat p\u00e4\u00e4sseet perheidens\u00e4 luo.<\/p>\n<p class=\"article-body mb-nof-24 px-nof-16\">Sieppaajat pit\u00e4v\u00e4t yh\u00e4 vankeinaan koulussa 236 oppilasta. Koulun oppilaat ovat 8\u201318-vuotiaita. St Maryn koulun satojen lasten panttivankitapaus yksi Nigerian historian suurimmista.<\/p>\n<p class=\"article-body mb-nof-24 px-nof-16\">\u201dVetoan syd\u00e4mest\u00e4ni oppilaiden ja henkil\u00f6kunnan vapauttamisen puolesta\u201d, paavi <a class=\"article-personlink\" href=\"https:\/\/www.aamulehti.fi\/haku\/?query=Leo\" rel=\"nofollow noopener\" target=\"_blank\">Leo<\/a> <a class=\"article-personlink\" href=\"https:\/\/www.aamulehti.fi\/haku\/?query=XIV\" rel=\"nofollow noopener\" target=\"_blank\">XIV <\/a>sanoi Vatikaanissa sunnuntaina.<\/p>\n<p class=\"article-body mb-nof-24 px-nof-16\">Viime viikkoina Nigeriassa koululaisten sieppaukset ovat kiihtyneet entisest\u00e4\u00e4n.<\/p>\n<p><img decoding=\"async\" src=\"https:\/\/www.europesays.com\/fi\/wp-content\/uploads\/2025\/11\/1763930171_135_468.jpg\" alt=\"Vaatteita lojui St Maryn koulun lattialla Nigeriassa. Kuvausp\u00e4iv\u00e4 on ep\u00e4selv\u00e4.\" class=\"_Img_1rerz_1\" style=\"aspect-ratio:2.2222222222222223\" loading=\"eager\"\/><\/p>\n<p class=\"article-picture-caption\">Vaatteita lojui St Maryn koulun lattialla Nigeriassa. Kuvausp\u00e4iv\u00e4 on ep\u00e4selv\u00e4. Kuva:\u00a0Kontagoran hiippakunta \/ Reuters<\/p>\n<p class=\"article-body mb-nof-24 px-nof-16\">Aseistautuneet ryhm\u00e4t valitsevat kohteikseen mielell\u00e4\u00e4n syrj\u00e4ss\u00e4 sijaitsevia sis\u00e4oppilaitoksia, jotka eiv\u00e4t ole kovin hyvin vartioituja. Tarkoituksena on saada siepatuista lapsista lunnasrahaa.<\/p>\n<p class=\"article-body mb-nof-24 px-nof-16\">Nigerian hallitus on joutunut sulkemaan 47 koulua hy\u00f6kk\u00e4ysten takia.<\/p>\n<p class=\"article-body mb-nof-24 px-nof-16\">Sunnuntaina vapautettiin my\u00f6s 38 ihmist\u00e4, jotka asemiehet sieppasivat kirkosta viime viikolla. Viime viikolla asemiehet tunkeutuivat kouluun naapuriosavaltiossa Kebbiss\u00e4 ja ottivat vangeikseen kymmenkunta tytt\u00f6\u00e4.<\/p>\n<p class=\"article-body mb-nof-24 px-nof-16\">L\u00e4hes kymmenen vuotta sitten Boko Haram -islamistiryhm\u00e4 sieppasi 276 koulutytt\u00f6\u00e4 koulusta Chibokin kaupungista. Osa heist\u00e4 on yh\u00e4 kateissa. T\u00e4m\u00e4n j\u00e4lkeen Nigerian erilaiset rikollisryhm\u00e4t ovat alkaneet tehd\u00e4 sieppauksista lunnasrahojen toivossa.<\/p>\n<p class=\"article-body mb-nof-24 px-nof-16\">Nigerian pohjoisosassa islamistiryhmien taistelut ovat jatkuneet vuodesta 2019 l\u00e4htien.<\/p>\n","protected":false},"excerpt":{"rendered":"Nigeriassa on viime p\u00e4ivin\u00e4 ollut useita koululaisten sieppauksia. Paavi Leo vetosi sunnuntaina, ett\u00e4 panttivangit vapautettaisiin. 23.11. 21:33 Ainakin&hellip;\n","protected":false},"author":2,"featured_media":99203,"comment_status":"","ping_status":"","sticky":false,"template":"","format":"standard","meta":{"footnotes":""},"categories":[14],"tags":[157,22,23,26,27,33,31,30,17,24,25,28,29,15,18,21,32,19,20,56,16,59,60,61],"class_list":{"0":"post-99202","1":"post","2":"type-post","3":"status-publish","4":"format-standard","5":"has-post-thumbnail","7":"category-ulkomaat","8":"tag-aamulehti","9":"tag-breaking-news","10":"tag-breakingnews","11":"tag-featured-news","12":"tag-featurednews","13":"tag-fi","14":"tag-finland","15":"tag-finnish","16":"tag-headlines","17":"tag-latest-news","18":"tag-latestnews","19":"tag-main-news","20":"tag-mainnews","21":"tag-news","22":"tag-otsikot","23":"tag-paauutiset","24":"tag-suomi","25":"tag-top-stories","26":"tag-topstories","27":"tag-ulkomaat","28":"tag-uutiset","29":"tag-world","30":"tag-world-news","31":"tag-worldnews"},"share_on_mastodon":{"url":"https:\/\/pubeurope.com\/@fi\/115607812547158227","error":""},"_links":{"self":[{"href":"https:\/\/www.europesays.com\/fi\/wp-json\/wp\/v2\/posts\/99202","targetHints":{"allow":["GET"]}}],"collection":[{"href":"https:\/\/www.europesays.com\/fi\/wp-json\/wp\/v2\/posts"}],"about":[{"href":"https:\/\/www.europesays.com\/fi\/wp-json\/wp\/v2\/types\/post"}],"author":[{"embeddable":true,"href":"https:\/\/www.europesays.com\/fi\/wp-json\/wp\/v2\/users\/2"}],"replies":[{"embeddable":true,"href":"https:\/\/www.europesays.com\/fi\/wp-json\/wp\/v2\/comments?post=99202"}],"version-history":[{"count":0,"href":"https:\/\/www.europesays.com\/fi\/wp-json\/wp\/v2\/posts\/99202\/revisions"}],"wp:featuredmedia":[{"embeddable":true,"href":"https:\/\/www.europesays.com\/fi\/wp-json\/wp\/v2\/media\/99203"}],"wp:attachment":[{"href":"https:\/\/www.europesays.com\/fi\/wp-json\/wp\/v2\/media?parent=99202"}],"wp:term":[{"taxonomy":"category","embeddable":true,"href":"https:\/\/www.europesays.com\/fi\/wp-json\/wp\/v2\/categories?post=99202"},{"taxonomy":"post_tag","embeddable":true,"href":"https:\/\/www.europesays.com\/fi\/wp-json\/wp\/v2\/tags?post=99202"}],"curies":[{"name":"wp","href":"https:\/\/api.w.org\/{rel}","templated":true}]}}