{"id":99214,"date":"2025-11-25T02:12:11","date_gmt":"2025-11-25T02:12:11","guid":{"rendered":"https:\/\/www.europesays.com\/fi\/99214\/"},"modified":"2025-11-25T02:12:11","modified_gmt":"2025-11-25T02:12:11","slug":"hallinto-oikeus-kumosi-sysman-ex-johtaja-kitkiojoen-irtisanomisen-paikalliset","status":"publish","type":"post","link":"https:\/\/www.europesays.com\/fi\/99214\/","title":{"rendered":"Hallinto-oikeus kumosi Sysm\u00e4n ex-johtaja Kitki\u00f6joen irtisanomisen | Paikalliset"},"content":{"rendered":"<p>Irtisanomisen perusteet j\u00e4iv\u00e4t suurelta osin osoittamatta, eik\u00e4 kuntalain mukaisia edellytyksi\u00e4 irtisanomiselle ollut.<\/p>\n<p>H\u00e4meenlinnan hallinto-oikeus on kumonnut Sysm\u00e4n kunnanvaltuuston p\u00e4\u00e4t\u00f6ksen entisen kunnanjohtaja <strong>Marketta Kitki\u00f6joen<\/strong> irtisanomisesta. Oikeuden mukaan valtuuston p\u00e4\u00e4t\u00f6s ei t\u00e4ytt\u00e4nyt kuntalain 43 pyk\u00e4l\u00e4n mukaisia irtisanomisen edellytyksi\u00e4, sill\u00e4 esitetyt luottamuspulan syyt j\u00e4iv\u00e4t suurelta osin osoittamatta.<\/p>\n","protected":false},"excerpt":{"rendered":"Irtisanomisen perusteet j\u00e4iv\u00e4t suurelta osin osoittamatta, eik\u00e4 kuntalain mukaisia edellytyksi\u00e4 irtisanomiselle ollut. H\u00e4meenlinnan hallinto-oikeus on kumonnut Sysm\u00e4n kunnanvaltuuston&hellip;\n","protected":false},"author":2,"featured_media":99215,"comment_status":"","ping_status":"","sticky":false,"template":"","format":"standard","meta":{"footnotes":""},"categories":[12],"tags":[4356,681,22,23,26,27,33,31,30,17,53,24,25,28,29,15,18,21,637,32,9426,19155,19,20,860,16],"class_list":{"0":"post-99214","1":"post","2":"type-post","3":"status-publish","4":"format-standard","5":"has-post-thumbnail","7":"category-suomi","8":"tag-aanestykset","9":"tag-alue-ja-paikallishallinto","10":"tag-breaking-news","11":"tag-breakingnews","12":"tag-featured-news","13":"tag-featurednews","14":"tag-fi","15":"tag-finland","16":"tag-finnish","17":"tag-headlines","18":"tag-laki-oikeus-ja-rikos","19":"tag-latest-news","20":"tag-latestnews","21":"tag-main-news","22":"tag-mainnews","23":"tag-news","24":"tag-otsikot","25":"tag-paauutiset","26":"tag-politiikka","27":"tag-suomi","28":"tag-sysma","29":"tag-sysman-kunta","30":"tag-top-stories","31":"tag-topstories","32":"tag-tyoelama","33":"tag-uutiset"},"share_on_mastodon":{"url":"https:\/\/pubeurope.com\/@fi\/115607918663621562","error":""},"_links":{"self":[{"href":"https:\/\/www.europesays.com\/fi\/wp-json\/wp\/v2\/posts\/99214","targetHints":{"allow":["GET"]}}],"collection":[{"href":"https:\/\/www.europesays.com\/fi\/wp-json\/wp\/v2\/posts"}],"about":[{"href":"https:\/\/www.europesays.com\/fi\/wp-json\/wp\/v2\/types\/post"}],"author":[{"embeddable":true,"href":"https:\/\/www.europesays.com\/fi\/wp-json\/wp\/v2\/users\/2"}],"replies":[{"embeddable":true,"href":"https:\/\/www.europesays.com\/fi\/wp-json\/wp\/v2\/comments?post=99214"}],"version-history":[{"count":0,"href":"https:\/\/www.europesays.com\/fi\/wp-json\/wp\/v2\/posts\/99214\/revisions"}],"wp:featuredmedia":[{"embeddable":true,"href":"https:\/\/www.europesays.com\/fi\/wp-json\/wp\/v2\/media\/99215"}],"wp:attachment":[{"href":"https:\/\/www.europesays.com\/fi\/wp-json\/wp\/v2\/media?parent=99214"}],"wp:term":[{"taxonomy":"category","embeddable":true,"href":"https:\/\/www.europesays.com\/fi\/wp-json\/wp\/v2\/categories?post=99214"},{"taxonomy":"post_tag","embeddable":true,"href":"https:\/\/www.europesays.com\/fi\/wp-json\/wp\/v2\/tags?post=99214"}],"curies":[{"name":"wp","href":"https:\/\/api.w.org\/{rel}","templated":true}]}}