{"id":99218,"date":"2025-11-25T02:32:12","date_gmt":"2025-11-25T02:32:12","guid":{"rendered":"https:\/\/www.europesays.com\/fi\/99218\/"},"modified":"2025-11-25T02:32:12","modified_gmt":"2025-11-25T02:32:12","slug":"teemu-selanne-sivuutettiin-taysin-tyrmistys-leviaa-onko-tama-vitsi","status":"publish","type":"post","link":"https:\/\/www.europesays.com\/fi\/99218\/","title":{"rendered":"Teemu Sel\u00e4nne sivuutettiin t\u00e4ysin \u2013 tyrmistys levi\u00e4\u00e4: \u201dOnko t\u00e4m\u00e4 vitsi?\u201d"},"content":{"rendered":"<p>Kansainv\u00e4linen olympiakomitea listasi Suomen ikonisimpia j\u00e4\u00e4kiekkoilijoita.<\/p>\n<p>24.11. 20:00<\/p>\n<p class=\"article-body mb-nof-24 px-nof-16\">Kansainv\u00e4lisen olympiakomitean lista Suomen ikonisimmista j\u00e4\u00e4kiekkoilijoista on her\u00e4tt\u00e4nyt kummastusta. Listalta puuttuu useita suuria nimi\u00e4, muun muassa olympialaisten kaikkien aikojen tehokkain j\u00e4\u00e4kiekkoilija <a class=\"article-personlink\" href=\"https:\/\/www.is.fi\/haku\/?query=Teemu%20Sel%C3%A4nne\" rel=\"nofollow noopener\" target=\"_blank\">Teemu Sel\u00e4nne<\/a>.<\/p>\n<p class=\"article-body mb-nof-24 px-nof-16\">Asiasta Suomessa uutisoi ensimm\u00e4isen\u00e4 <a class=\"article-genericlink\" href=\"https:\/\/www.iltalehti.fi\/jaakiekko\/a\/c88a59fd-5949-48ef-ae49-c95fb692dc6e\" rel=\"nofollow noopener\" target=\"_blank\">Iltalehti<\/a>.<\/p>\n<p class=\"article-body mb-nof-24 px-nof-16\">Kansainv\u00e4lisen olympiakomitean eli KOK:n tuore <a class=\"article-genericlink\" href=\"https:\/\/www.instagram.com\/p\/DRbIjlcFHV1\/?img_index=1\" rel=\"nofollow noopener\" target=\"_blank\">somep\u00e4ivitys <\/a>juhlistaa Suomen j\u00e4\u00e4kiekkolegendoja. Mukana ovat muun muassa <a class=\"article-personlink\" href=\"https:\/\/www.is.fi\/haku\/?query=Jari%20Kurri\" rel=\"nofollow noopener\" target=\"_blank\">Jari Kurri<\/a>, <a class=\"article-personlink\" href=\"https:\/\/www.is.fi\/haku\/?query=Jenni%20Hiirikoski\" rel=\"nofollow noopener\" target=\"_blank\">Jenni Hiirikoski<\/a>, <a class=\"article-personlink\" href=\"https:\/\/www.is.fi\/haku\/?query=Karoliina%20Rantam%C3%A4ki\" rel=\"nofollow noopener\" target=\"_blank\">Karoliina Rantam\u00e4ki<\/a>, <a class=\"article-personlink\" href=\"https:\/\/www.is.fi\/haku\/?query=Riikka%20V%C3%A4lil%C3%A4\" rel=\"nofollow noopener\" target=\"_blank\">Riikka V\u00e4lil\u00e4<\/a> ja <a class=\"article-personlink\" href=\"https:\/\/www.is.fi\/haku\/?query=Emma%20Terho\" rel=\"nofollow noopener\" target=\"_blank\">Emma Terho<\/a> \u2013 kaikki kiistattomia suomalaisen j\u00e4\u00e4kiekon suuria nimi\u00e4.<\/p>\n<p class=\"article-body mb-nof-24 px-nof-16\">Heid\u00e4n lis\u00e4kseen KOK on nimennyt listalleen <a class=\"article-personlink\" href=\"https:\/\/www.is.fi\/haku\/?query=Sebastian%20Ahon\" rel=\"nofollow noopener\" target=\"_blank\">Sebastian Ahon<\/a>, <a class=\"article-personlink\" href=\"https:\/\/www.is.fi\/haku\/?query=Aleksander%20Barkovin\" rel=\"nofollow noopener\" target=\"_blank\">Aleksander Barkovin<\/a> ja <a class=\"article-personlink\" href=\"https:\/\/www.is.fi\/haku\/?query=Mikko%20Rantasen\" rel=\"nofollow noopener\" target=\"_blank\">Mikko Rantasen<\/a>.<\/p>\n<p class=\"article-body mb-nof-24 px-nof-16\">Jokainen kolmesta muistetaan Suomessa viel\u00e4 pitk\u00e4\u00e4n uransa j\u00e4lkeen, mutta j\u00e4\u00e4kiekkokansan keskuudessa h\u00e4mm\u00e4styst\u00e4 on her\u00e4tt\u00e4nyt enemm\u00e4n se, ket\u00e4 listalta puuttuu. Listalta j\u00e4iv\u00e4t pois Sel\u00e4nteen lis\u00e4ksi esimerkiksi <a class=\"article-personlink\" href=\"https:\/\/www.is.fi\/haku\/?query=Jere%20Lehtinen\" rel=\"nofollow noopener\" target=\"_blank\">Jere Lehtinen<\/a>, <a class=\"article-personlink\" href=\"https:\/\/www.is.fi\/haku\/?query=Raimo%20Helminen\" rel=\"nofollow noopener\" target=\"_blank\">Raimo Helminen<\/a>, <a class=\"article-personlink\" href=\"https:\/\/www.is.fi\/haku\/?query=Ville%20Peltonen\" rel=\"nofollow noopener\" target=\"_blank\">Ville Peltonen<\/a>, <a class=\"article-personlink\" href=\"https:\/\/www.is.fi\/haku\/?query=Esa%20Tikkanen\" rel=\"nofollow noopener\" target=\"_blank\">Esa Tikkanen<\/a> ja Koivun veljekset <a class=\"article-personlink\" href=\"https:\/\/www.is.fi\/haku\/?query=Saku\" rel=\"nofollow noopener\" target=\"_blank\">Saku<\/a> ja <a class=\"article-personlink\" href=\"https:\/\/www.is.fi\/haku\/?query=Mikko\" rel=\"nofollow noopener\" target=\"_blank\">Mikko<\/a>.<\/p>\n<p class=\"article-body mb-nof-24 px-nof-16\">Valtaosa julkaisun kommenteista keskittyy kyseenalaistamaan listaa.<\/p>\n<p class=\"article-body mb-nof-24 px-nof-16\">\u2013 Onko t\u00e4m\u00e4 vitsi? Miss\u00e4 on Teemu Sel\u00e4nne, tiivist\u00e4\u00e4 yksi kommentoijista monen tyrmistyksen.<\/p>\n<p class=\"article-body mb-nof-24 px-nof-16\">Kyseenalaisille valinnoille esitetyt perustelut ovat my\u00f6s erikoisia. Ahon kerrotaan tehneen yli 300 maalia NHL:ss\u00e4 ja auttaneen Suomea voittamaan useita arvokisoja. Carolina Hurricanesin sentteri on juhlinut Leijonien paidassa vain alle 20-vuotiaiden MM-kultaa ja nuorten olympiafestivaalien voittoa.<\/p>\n<p class=\"article-body mb-nof-24 px-nof-16\">Perusteluissa ei mainita Rantasen tai Barkovin Stanley Cup -mestaruuksia. Barkovin kohdalla todettiin 300 NHL-maalin ja kolmen Frank J. Selke -palkinnon riitt\u00e4v\u00e4n listalle p\u00e4\u00e4syyn. Selke-palkinto my\u00f6nnet\u00e4\u00e4n NHL:n parhaalle puolustavalle hy\u00f6kk\u00e4\u00e4j\u00e4lle.<\/p>\n<p class=\"article-body mb-nof-24 px-nof-16\">Rantasen kohdalla tyydyt\u00e4\u00e4n kehumaan miehen maalintekoa ja pelintekotaitoa. Rantanen on toiminut alle 20-vuotiaiden kultajoukkueen kapteenina, mutta siit\u00e4 julkaisussa ei ole mainintaa.<\/p>\n<p><script async src=\"\/\/www.instagram.com\/embed.js\"><\/script><\/p>\n","protected":false},"excerpt":{"rendered":"Kansainv\u00e4linen olympiakomitea listasi Suomen ikonisimpia j\u00e4\u00e4kiekkoilijoita. 24.11. 20:00 Kansainv\u00e4lisen olympiakomitean lista Suomen ikonisimmista j\u00e4\u00e4kiekkoilijoista on her\u00e4tt\u00e4nyt kummastusta. Listalta&hellip;\n","protected":false},"author":2,"featured_media":99219,"comment_status":"","ping_status":"","sticky":false,"template":"","format":"standard","meta":{"footnotes":""},"categories":[158],"tags":[33,31,30,34,159,32,160],"class_list":{"0":"post-99218","1":"post","2":"type-post","3":"status-publish","4":"format-standard","5":"has-post-thumbnail","7":"category-urheilu","8":"tag-fi","9":"tag-finland","10":"tag-finnish","11":"tag-ilta-sanomat","12":"tag-sports","13":"tag-suomi","14":"tag-urheilu"},"share_on_mastodon":{"url":"https:\/\/pubeurope.com\/@fi\/115607997163602527","error":""},"_links":{"self":[{"href":"https:\/\/www.europesays.com\/fi\/wp-json\/wp\/v2\/posts\/99218","targetHints":{"allow":["GET"]}}],"collection":[{"href":"https:\/\/www.europesays.com\/fi\/wp-json\/wp\/v2\/posts"}],"about":[{"href":"https:\/\/www.europesays.com\/fi\/wp-json\/wp\/v2\/types\/post"}],"author":[{"embeddable":true,"href":"https:\/\/www.europesays.com\/fi\/wp-json\/wp\/v2\/users\/2"}],"replies":[{"embeddable":true,"href":"https:\/\/www.europesays.com\/fi\/wp-json\/wp\/v2\/comments?post=99218"}],"version-history":[{"count":0,"href":"https:\/\/www.europesays.com\/fi\/wp-json\/wp\/v2\/posts\/99218\/revisions"}],"wp:featuredmedia":[{"embeddable":true,"href":"https:\/\/www.europesays.com\/fi\/wp-json\/wp\/v2\/media\/99219"}],"wp:attachment":[{"href":"https:\/\/www.europesays.com\/fi\/wp-json\/wp\/v2\/media?parent=99218"}],"wp:term":[{"taxonomy":"category","embeddable":true,"href":"https:\/\/www.europesays.com\/fi\/wp-json\/wp\/v2\/categories?post=99218"},{"taxonomy":"post_tag","embeddable":true,"href":"https:\/\/www.europesays.com\/fi\/wp-json\/wp\/v2\/tags?post=99218"}],"curies":[{"name":"wp","href":"https:\/\/api.w.org\/{rel}","templated":true}]}}