{"id":99222,"date":"2025-11-25T02:37:15","date_gmt":"2025-11-25T02:37:15","guid":{"rendered":"https:\/\/www.europesays.com\/fi\/99222\/"},"modified":"2025-11-25T02:37:15","modified_gmt":"2025-11-25T02:37:15","slug":"vasemmistoliitto-ajaa-15-euron-minimipalkkaa-uutisia-lyhyesti","status":"publish","type":"post","link":"https:\/\/www.europesays.com\/fi\/99222\/","title":{"rendered":"Vasemmistoliitto ajaa 15 euron minimipalkkaa | Uutisia lyhyesti"},"content":{"rendered":"<p class=\"aw-1gybjub aw-5vja16 kEtdKx kmuxyA yle__article__paragraph\">Puheenjohtaja Minja Koskelan mukaan minimipalkka t\u00e4ydent\u00e4isi ty\u00f6ehto\u00adsopimus\u00adj\u00e4rjestelm\u00e4\u00e4. Vaatimus kannabiksen k\u00e4yt\u00f6n laillistamisesta sai sosiaaliturva\u00administerin \u00e4r\u00e4ht\u00e4m\u00e4\u00e4n.<\/p>\n<p><img decoding=\"async\" alt=\"Vasemmistoliiton puheenjohtaja Minja Koskela puhujanp\u00f6nt\u00f6ss\u00e4.\" src=\"https:\/\/www.europesays.com\/fi\/wp-content\/uploads\/2025\/11\/1764038235_989_39-15579756921b7571b879.jpeg\" class=\"aw-1l9m598 hKVVvP\"\/><\/p>\n<p>Avaa kuvien katselu<\/p>\n<p>Vasemmistoliiton puheenjohtaja Minja Koskela puhui lauantaina puoluekokouksessa Vantaalla. Kuva: Markku Ulander \/ Lehtikuva<\/p>\n<p class=\"aw-1gybjub aw-1p7kakr kEtdKx cEmitX yle__article__paragraph\">Vasemmistoliitto haluaa Suomeen 15 euron minimituntipalkan. Vaatimus sis\u00e4ltyy puoluekokouksessa hyv\u00e4ksyttyyn tavoiteohjelmaan seuraavaksi kolmeksi vuodeksi.<\/p>\n<p class=\"aw-1gybjub aw-1p7kakr kEtdKx cEmitX yle__article__paragraph\">Suomessa ei nykyisin ole s\u00e4\u00e4detty minimipalkoista, vaan palkat sovitaan ty\u00f6ehtosopimuksissa. Puheenjohtaja <strong class=\"aw-ak79eh KyCXm yle__article__strong\">Minja Koskelan<\/strong> mukaan minimipalkka t\u00e4ydent\u00e4isi ty\u00f6ehtosopimusj\u00e4rjestelm\u00e4\u00e4 ja varmistaisi, ett\u00e4 ty\u00f6ntekij\u00f6ille maksetaan oikeudenmukainen korvaus ty\u00f6st\u00e4.<\/p>\n<p class=\"aw-1gybjub aw-1p7kakr kEtdKx cEmitX yle__article__paragraph\">\u2013 Se on reilun ty\u00f6markkinapolitiikan keskeisimpi\u00e4 kysymyksi\u00e4, Koskela sanoi tiedotteessa.<\/p>\n<p class=\"aw-1gybjub aw-1p7kakr kEtdKx cEmitX yle__article__paragraph\">Ty\u00f6ntekij\u00f6iden asemaa tulisi vasemmistoliiton mukaan vahvistaa my\u00f6s maksamalla ty\u00f6st\u00e4 uusi olosuhdelis\u00e4 aina, jos ty\u00f6t\u00e4 teetet\u00e4\u00e4n m\u00e4\u00e4r\u00e4- tai osa-aikaisena. Pitk\u00e4aikaisty\u00f6tt\u00f6mille pit\u00e4isi ohjelman mukaan saada ty\u00f6takuu, jossa julkinen sektori turvaisi palkkatuettua ty\u00f6t\u00e4 kaikille yli 12 kuukautta ty\u00f6tt\u00f6m\u00e4n\u00e4 olleille.<\/p>\n<p>Kannabis valtion kauppoihin<\/p>\n<p class=\"aw-1gybjub aw-1p7kakr kEtdKx cEmitX yle__article__paragraph\">Vasemmistoliiton tavoiteohjelmaan on <a class=\"aw-iao6s4 iHOxEa yle__article__link\" href=\"https:\/\/www.hs.fi\/politiikka\/art-2000011645533.html\" role=\"link\" rel=\"nofollow noopener\" target=\"_blank\">Helsingin Sanomien<\/a> mukaan kirjattu my\u00f6s, ett\u00e4 kannabiksen k\u00e4ytt\u00f6 tulisi laillistaa ja sen myynti siirt\u00e4\u00e4 valtion omistamiin myym\u00e4l\u00f6ihin. Kannabiksen laillistamisen kannalle on asettunut aiemmin my\u00f6s vihre\u00e4t.<\/p>\n<p class=\"aw-1gybjub aw-1p7kakr kEtdKx cEmitX yle__article__paragraph\">Sosiaaliturvaministeri <strong class=\"aw-ak79eh KyCXm yle__article__strong\">Sanni Grahn-Laasonen<\/strong> (kok.) paheksui vasemmistoliiton linjausta heti.<\/p>\n<p class=\"aw-1gybjub aw-1p7kakr kEtdKx cEmitX yle__article__paragraph\">\u2013 En muuta odottanutkaan, mutta j\u00e4lleen t\u00e4ysin vastuutonta, vasemmisto! Politiikka, joka lis\u00e4\u00e4 nuorten huumekokeiluja ja huumemy\u00f6nteisi\u00e4 asenteita yhteiskunnassamme, on v\u00e4\u00e4r\u00e4\u00e4 politiikkaa, ministeri kirjoitti <a class=\"aw-iao6s4 iHOxEa yle__article__link\" href=\"https:\/\/x.com\/sannigrahn\/status\/1992578351551132112\" role=\"link\" rel=\"nofollow\">X:ss\u00e4<\/a>.<\/p>\n","protected":false},"excerpt":{"rendered":"Puheenjohtaja Minja Koskelan mukaan minimipalkka t\u00e4ydent\u00e4isi ty\u00f6ehto\u00adsopimus\u00adj\u00e4rjestelm\u00e4\u00e4. Vaatimus kannabiksen k\u00e4yt\u00f6n laillistamisesta sai sosiaaliturva\u00administerin \u00e4r\u00e4ht\u00e4m\u00e4\u00e4n. Avaa kuvien katselu Vasemmistoliiton&hellip;\n","protected":false},"author":2,"featured_media":97419,"comment_status":"","ping_status":"","sticky":false,"template":"","format":"standard","meta":{"footnotes":""},"categories":[14],"tags":[22,23,26,27,33,31,30,17,6162,71,24,25,28,29,15,18,21,637,32,19,20,860,56,16,19157,4515,59,60,61],"class_list":{"0":"post-99222","1":"post","2":"type-post","3":"status-publish","4":"format-standard","5":"has-post-thumbnail","7":"category-ulkomaat","8":"tag-breaking-news","9":"tag-breakingnews","10":"tag-featured-news","11":"tag-featurednews","12":"tag-fi","13":"tag-finland","14":"tag-finnish","15":"tag-headlines","16":"tag-kannabis","17":"tag-kotimaa","18":"tag-latest-news","19":"tag-latestnews","20":"tag-main-news","21":"tag-mainnews","22":"tag-news","23":"tag-otsikot","24":"tag-paauutiset","25":"tag-politiikka","26":"tag-suomi","27":"tag-top-stories","28":"tag-topstories","29":"tag-tyoelama","30":"tag-ulkomaat","31":"tag-uutiset","32":"tag-vahimmaispalkka","33":"tag-vasemmistoliitto","34":"tag-world","35":"tag-world-news","36":"tag-worldnews"},"share_on_mastodon":{"url":"https:\/\/pubeurope.com\/@fi\/115608017017769053","error":""},"_links":{"self":[{"href":"https:\/\/www.europesays.com\/fi\/wp-json\/wp\/v2\/posts\/99222","targetHints":{"allow":["GET"]}}],"collection":[{"href":"https:\/\/www.europesays.com\/fi\/wp-json\/wp\/v2\/posts"}],"about":[{"href":"https:\/\/www.europesays.com\/fi\/wp-json\/wp\/v2\/types\/post"}],"author":[{"embeddable":true,"href":"https:\/\/www.europesays.com\/fi\/wp-json\/wp\/v2\/users\/2"}],"replies":[{"embeddable":true,"href":"https:\/\/www.europesays.com\/fi\/wp-json\/wp\/v2\/comments?post=99222"}],"version-history":[{"count":0,"href":"https:\/\/www.europesays.com\/fi\/wp-json\/wp\/v2\/posts\/99222\/revisions"}],"wp:featuredmedia":[{"embeddable":true,"href":"https:\/\/www.europesays.com\/fi\/wp-json\/wp\/v2\/media\/97419"}],"wp:attachment":[{"href":"https:\/\/www.europesays.com\/fi\/wp-json\/wp\/v2\/media?parent=99222"}],"wp:term":[{"taxonomy":"category","embeddable":true,"href":"https:\/\/www.europesays.com\/fi\/wp-json\/wp\/v2\/categories?post=99222"},{"taxonomy":"post_tag","embeddable":true,"href":"https:\/\/www.europesays.com\/fi\/wp-json\/wp\/v2\/tags?post=99222"}],"curies":[{"name":"wp","href":"https:\/\/api.w.org\/{rel}","templated":true}]}}