{"id":99225,"date":"2025-11-25T02:39:08","date_gmt":"2025-11-25T02:39:08","guid":{"rendered":"https:\/\/www.europesays.com\/fi\/99225\/"},"modified":"2025-11-25T02:39:08","modified_gmt":"2025-11-25T02:39:08","slug":"manchester-unitedin-ottelussa-nahtiin-todella-erikoinen-ulosajo","status":"publish","type":"post","link":"https:\/\/www.europesays.com\/fi\/99225\/","title":{"rendered":"Manchester Unitedin ottelussa n\u00e4htiin todella erikoinen ulosajo"},"content":{"rendered":"<p>Edes omien pelaajien keskin\u00e4inen tappelu ei est\u00e4nyt Evertonia voittamasta Manchester Unitedia.<\/p>\n<p>24.11. 22:50 | P\u00e4ivitetty 24.11. 23:58<\/p>\n<p class=\"article-body mb-nof-24 px-nof-16\">Aamulehti<\/p>\n<p class=\"article-body mb-nof-24 px-nof-16\">Jalkapallon Englannin Valioliigassa n\u00e4htiin maanantai-iltana kauden todenn\u00e4k\u00f6isesti erikoisin ulosajo.<\/p>\n<p class=\"article-body mb-nof-24 px-nof-16\">Manchester Unitedin ja Evertonin v\u00e4linen ottelu oli vanhentunut reilut kymmenen minuuttia, kun Evertonin <a class=\"article-personlink\" href=\"https:\/\/www.aamulehti.fi\/haku\/?query=Idrissa%20Gueye\" rel=\"nofollow noopener\" target=\"_blank\">Idrissa Gueye<\/a> suivaantui omalle joukkuekaverilleen <a class=\"article-personlink\" href=\"https:\/\/www.aamulehti.fi\/haku\/?query=Michael%20Keanelle\" rel=\"nofollow noopener\" target=\"_blank\">Michael Keanelle<\/a>. Gueye ei ollut tyytyv\u00e4inen Keanen toimintaan ManU:n ohilaukaukseen p\u00e4\u00e4ttyneen hy\u00f6kk\u00e4yksen yhteydess\u00e4.<\/p>\n<p class=\"article-body mb-nof-24 px-nof-16\">Yhteenoton seurauksena Gueye huitaisi joukkuekaveriaan kasvoihin. Erotuomari <a class=\"article-personlink\" href=\"https:\/\/www.aamulehti.fi\/haku\/?query=Tony%20Harrington\" rel=\"nofollow noopener\" target=\"_blank\">Tony Harrington<\/a> ei katsonut joukkuekaveruutta armahtamisen arvoiseksi asianhaaraksi, vaan l\u00e4hetti Gueyen punaisella kortilla suihkuun.<\/p>\n<p class=\"article-body mb-nof-24 px-nof-16\">Gueyen joukkuekaverit eiv\u00e4t televisiokuvan perusteella tuomiota pahemmin protestoineet. Maalivahti <a class=\"article-personlink\" href=\"https:\/\/www.aamulehti.fi\/haku\/?query=Jordan%20Pickford\" rel=\"nofollow noopener\" target=\"_blank\">Jordan Pickford<\/a> likipit\u00e4en ty\u00f6nsi Gueyen pois kent\u00e4lt\u00e4.<\/p>\n<p class=\"article-body mb-nof-24 px-nof-16\">J\u00e4ljelle j\u00e4\u00e4neet Evertonin pelaajat eiv\u00e4t antaneet tapauksen pilata peli\u00e4\u00e4n. Vierasjoukkue voitti <a class=\"article-personlink\" href=\"https:\/\/www.aamulehti.fi\/haku\/?query=Kiernan%20Dewsbury-Hallin\" rel=\"nofollow noopener\" target=\"_blank\">Kiernan Dewsbury-Hallin<\/a> maalilla 1\u20130 ja nousi surkeasti pelanneen ManU:n kanssa tasapisteisiin sarjassa. Joukkueet majailevat sijoilla 10 ja 11.<\/p>\n<p class=\"article-body nof-ui-body-medium mb-nof-24 px-nof-16\">Teksti\u00e4 muokattu 24.11. kello 23.57: Lis\u00e4tty ottelun lopputulos.<\/p>\n","protected":false},"excerpt":{"rendered":"Edes omien pelaajien keskin\u00e4inen tappelu ei est\u00e4nyt Evertonia voittamasta Manchester Unitedia. 24.11. 22:50 | P\u00e4ivitetty 24.11. 23:58 Aamulehti&hellip;\n","protected":false},"author":2,"featured_media":99226,"comment_status":"","ping_status":"","sticky":false,"template":"","format":"standard","meta":{"footnotes":""},"categories":[5],"tags":[157,22,23,26,27,33,31,30,17,24,25,28,29,15,18,21,32,19,20,16],"class_list":{"0":"post-99225","1":"post","2":"type-post","3":"status-publish","4":"format-standard","5":"has-post-thumbnail","7":"category-otsikot","8":"tag-aamulehti","9":"tag-breaking-news","10":"tag-breakingnews","11":"tag-featured-news","12":"tag-featurednews","13":"tag-fi","14":"tag-finland","15":"tag-finnish","16":"tag-headlines","17":"tag-latest-news","18":"tag-latestnews","19":"tag-main-news","20":"tag-mainnews","21":"tag-news","22":"tag-otsikot","23":"tag-paauutiset","24":"tag-suomi","25":"tag-top-stories","26":"tag-topstories","27":"tag-uutiset"},"share_on_mastodon":{"url":"https:\/\/pubeurope.com\/@fi\/115608024690310900","error":""},"_links":{"self":[{"href":"https:\/\/www.europesays.com\/fi\/wp-json\/wp\/v2\/posts\/99225","targetHints":{"allow":["GET"]}}],"collection":[{"href":"https:\/\/www.europesays.com\/fi\/wp-json\/wp\/v2\/posts"}],"about":[{"href":"https:\/\/www.europesays.com\/fi\/wp-json\/wp\/v2\/types\/post"}],"author":[{"embeddable":true,"href":"https:\/\/www.europesays.com\/fi\/wp-json\/wp\/v2\/users\/2"}],"replies":[{"embeddable":true,"href":"https:\/\/www.europesays.com\/fi\/wp-json\/wp\/v2\/comments?post=99225"}],"version-history":[{"count":0,"href":"https:\/\/www.europesays.com\/fi\/wp-json\/wp\/v2\/posts\/99225\/revisions"}],"wp:featuredmedia":[{"embeddable":true,"href":"https:\/\/www.europesays.com\/fi\/wp-json\/wp\/v2\/media\/99226"}],"wp:attachment":[{"href":"https:\/\/www.europesays.com\/fi\/wp-json\/wp\/v2\/media?parent=99225"}],"wp:term":[{"taxonomy":"category","embeddable":true,"href":"https:\/\/www.europesays.com\/fi\/wp-json\/wp\/v2\/categories?post=99225"},{"taxonomy":"post_tag","embeddable":true,"href":"https:\/\/www.europesays.com\/fi\/wp-json\/wp\/v2\/tags?post=99225"}],"curies":[{"name":"wp","href":"https:\/\/api.w.org\/{rel}","templated":true}]}}