{"id":99235,"date":"2025-11-25T03:05:11","date_gmt":"2025-11-25T03:05:11","guid":{"rendered":"https:\/\/www.europesays.com\/fi\/99235\/"},"modified":"2025-11-25T03:05:11","modified_gmt":"2025-11-25T03:05:11","slug":"miss-universum-finalisti-luopui-yllattaen-tittelistaan","status":"publish","type":"post","link":"https:\/\/www.europesays.com\/fi\/99235\/","title":{"rendered":"Miss Universum -finalisti luopui yll\u00e4tt\u00e4en tittelist\u00e4\u00e4n"},"content":{"rendered":"<p>Kisoissa viidenneksi noussut Norsunluurannikon edustaja Olivia Yac\u00e9 luopui yll\u00e4tt\u00e4en tittelist\u00e4\u00e4n.<\/p>\n<p><img decoding=\"async\" class=\"image image-show image-preview\" src=\"https:\/\/www.europesays.com\/fi\/wp-content\/uploads\/2025\/11\/2133f6b943cec3648b40d7dd04bc8f439aa69a6ac602b5af7fc8196d35090c17.jpg\" alt=\"\"\/><img decoding=\"async\" class=\"image image-show\" src=\"https:\/\/www.europesays.com\/fi\/wp-content\/uploads\/2025\/11\/1764039911_993_2133f6b943cec3648b40d7dd04bc8f439aa69a6ac602b5af7fc8196d35090c17.jpg\" alt=\"\"\/><\/p>\n<p>Olivia Yac\u00e9 ilmoitti luopuvansa tittelist\u00e4\u00e4n vain p\u00e4ivi\u00e4 Miss Universum -kisojen j\u00e4lkeen. Yac\u00e9 edusti kisoissa Norsunluurannikkoa. RUNGROJ YONGRIT, EPA \/ AOP<\/p>\n<p class=\"paragraph\">Miss Afrikka ja Oseania -titteli\u00e4 kantanut <strong>Olivia Yac\u00e9<\/strong> ilmoitti maanantaina luopuvansa nimityksest\u00e4\u00e4n, kertoo <a href=\"https:\/\/people.com\/miss-universe-contestant-olivia-yace-renounces-title-cuts-ties-with-pageant-committee-after-placing-top-5-11855786\" rel=\"noopener nofollow\" target=\"_blank\">People-lehti<\/a>.<\/p>\n<p class=\"paragraph\">Yac\u00e9n mukaan erop\u00e4\u00e4t\u00f6s koskee my\u00f6s yhteyksi\u00e4 Miss Universum -kisoihin.<\/p>\n<p class=\"paragraph\">\u2013 Edustaessani Norsunluurannikkoa Miss Universum 2025 -kisoissa Bangkokissa sain omin silmin n\u00e4hd\u00e4, ett\u00e4 pystyn saavuttamaan suuria asioita vastustuksesta huolimatta, Yac\u00e9 kirjoittaa erop\u00e4\u00e4t\u00f6ksest\u00e4 kertovassa Instagram-julkaisussa.<\/p>\n<p class=\"paragraph\">\u2013 Jatkaakseni t\u00e4ll\u00e4 polulla, minun t\u00e4ytyy pysy\u00e4 uskollisena omille arvoilleni: kunnioitukselle, arvostukselle, erinomaisuudelle ja tasavertaisille mahdollisuuksille, Yac\u00e9 kirjoittaa.<\/p>\n<p class=\"paragraph\">Yac\u00e9n mukaan h\u00e4nen suurin toiveensa on olla hyv\u00e4 roolimalli nuorille tyt\u00f6ille.<\/p>\n<p class=\"paragraph\">Miss Indonesia <strong>Sanly Liuu<\/strong> antoi Yac\u00e9lle tukensa.<\/p>\n<p class=\"paragraph\">\u2013 Titteli ei tee kuningatarta, vaan lahjomattomuus. Olen ylpe\u00e4 vahvuudestasi, ikuinen kuningattareni, Liuu kirjoittaa Instagramissa.<\/p>\n<p class=\"paragraph\">My\u00f6s Miss Kroatia <strong>Laura Gnjatovi\u0107<\/strong> kehui Yac\u00e9n p\u00e4\u00e4t\u00f6st\u00e4.<\/p>\n<p class=\"paragraph\">Miss Universum -kisan edustajat eiv\u00e4t ole viel\u00e4 kommentoineet tilannetta. Yac\u00e9 ei ole kertonut tarkemmin syist\u00e4\u00e4n katkaista siteit\u00e4 kauneuskilpailun kanssa.<\/p>\n","protected":false},"excerpt":{"rendered":"Kisoissa viidenneksi noussut Norsunluurannikon edustaja Olivia Yac\u00e9 luopui yll\u00e4tt\u00e4en tittelist\u00e4\u00e4n. Olivia Yac\u00e9 ilmoitti luopuvansa tittelist\u00e4\u00e4n vain p\u00e4ivi\u00e4 Miss&hellip;\n","protected":false},"author":2,"featured_media":99236,"comment_status":"","ping_status":"","sticky":false,"template":"","format":"standard","meta":{"footnotes":""},"categories":[5],"tags":[35,22,23,2110,26,27,33,31,30,876,17,24,25,41,28,29,15,18,21,98,103,32,19,20,16],"class_list":{"0":"post-99235","1":"post","2":"type-post","3":"status-publish","4":"format-standard","5":"has-post-thumbnail","7":"category-otsikot","8":"tag-24h","9":"tag-breaking-news","10":"tag-breakingnews","11":"tag-elamantapa-ja-vapaa-aika","12":"tag-featured-news","13":"tag-featurednews","14":"tag-fi","15":"tag-finland","16":"tag-finnish","17":"tag-fyysinen-kauneus","18":"tag-headlines","19":"tag-latest-news","20":"tag-latestnews","21":"tag-liikunta-ja-urheilu","22":"tag-main-news","23":"tag-mainnews","24":"tag-news","25":"tag-otsikot","26":"tag-paauutiset","27":"tag-perhe","28":"tag-sosiaalikysymykset","29":"tag-suomi","30":"tag-top-stories","31":"tag-topstories","32":"tag-uutiset"},"share_on_mastodon":{"url":"https:\/\/pubeurope.com\/@fi\/115608127157100563","error":""},"_links":{"self":[{"href":"https:\/\/www.europesays.com\/fi\/wp-json\/wp\/v2\/posts\/99235","targetHints":{"allow":["GET"]}}],"collection":[{"href":"https:\/\/www.europesays.com\/fi\/wp-json\/wp\/v2\/posts"}],"about":[{"href":"https:\/\/www.europesays.com\/fi\/wp-json\/wp\/v2\/types\/post"}],"author":[{"embeddable":true,"href":"https:\/\/www.europesays.com\/fi\/wp-json\/wp\/v2\/users\/2"}],"replies":[{"embeddable":true,"href":"https:\/\/www.europesays.com\/fi\/wp-json\/wp\/v2\/comments?post=99235"}],"version-history":[{"count":0,"href":"https:\/\/www.europesays.com\/fi\/wp-json\/wp\/v2\/posts\/99235\/revisions"}],"wp:featuredmedia":[{"embeddable":true,"href":"https:\/\/www.europesays.com\/fi\/wp-json\/wp\/v2\/media\/99236"}],"wp:attachment":[{"href":"https:\/\/www.europesays.com\/fi\/wp-json\/wp\/v2\/media?parent=99235"}],"wp:term":[{"taxonomy":"category","embeddable":true,"href":"https:\/\/www.europesays.com\/fi\/wp-json\/wp\/v2\/categories?post=99235"},{"taxonomy":"post_tag","embeddable":true,"href":"https:\/\/www.europesays.com\/fi\/wp-json\/wp\/v2\/tags?post=99235"}],"curies":[{"name":"wp","href":"https:\/\/api.w.org\/{rel}","templated":true}]}}