{"id":99247,"date":"2025-11-25T03:50:13","date_gmt":"2025-11-25T03:50:13","guid":{"rendered":"https:\/\/www.europesays.com\/fi\/99247\/"},"modified":"2025-11-25T03:50:13","modified_gmt":"2025-11-25T03:50:13","slug":"tassa-sarjassa-mick-schumacherin-ura-seuraavaksi-jatkuu","status":"publish","type":"post","link":"https:\/\/www.europesays.com\/fi\/99247\/","title":{"rendered":"t\u00e4ss\u00e4 sarjassa Mick Schumacherin ura seuraavaksi jatkuu"},"content":{"rendered":"<p><strong>Mick Schumacher<\/strong> ajaa ensi vuonna t\u00e4yden kauden IndyCar-sarjassa Rahal Letterman Lanigan Racingin riveiss\u00e4, vahvistettiin maanantaina.<\/p>\n<p>Entinen Haasin F1 -kuljettaja testasi hiljattain tiimin kalustoa, ja tallin osaomistaja <strong>Bobby Rahal<\/strong> kuvaili testi\u00e4 \u201cerinomaiseksi\u201d.<\/p>\n<p>Haasin pudotettua Schumacherin F1-kokoonpanostaan kauden 2022 j\u00e4lkeen h\u00e4n siirtyi Mercedekselle varakuljettajaksi ja palasi kilpailuohjaimiin viime vuonna Alpinen World Endurance Championship -tiimiss\u00e4.<\/p>\n<p>Kahden kest\u00e4vyysajovuoden j\u00e4lkeen Schumacher aloittaa nyt uuden luvun urallaan siirtym\u00e4ll\u00e4 IndyCariin, jossa h\u00e4n ajaa RLL-tallissa <strong>Graham Rahalin<\/strong> ja <strong>Louis Fosterin<\/strong> rinnalla.<\/p>\n<p>\u2013 Olen iloinen voidessani vahvistaa, ett\u00e4 kilpailen ensi vuonna IndyCar-sarjassa Rahal Letterman Lanigan Racingin kanssa ja ajan koko kauden, Schumacher sanoi.<\/p>\n<p>\u2013 F1- ja kest\u00e4vyysajotaustani sek\u00e4 kokemukseni useista eri sarjoista antavat minulle n\u00e4kemyst\u00e4 ja osaamista, joista uskon olevan hy\u00f6ty\u00e4 vahvan kumppanuuden rakentamisessa. RLL valmisteli minua testijakson aikana todella hyvin, ja olen varma, ett\u00e4 voimme kasvaa yhdess\u00e4 paljon, Schumacher jatkoi.<\/p>\n<p>IndyCaria ajetaan Yhdysvalloissa ja paikallinen kulttuuri on tehnyt Schumacheriin jo suuren vaikutuksen.<\/p>\n<p>\u2013 Minuun teki heti vaikutuksen sek\u00e4 auto ett\u00e4 amerikkalainen moottoriurheilutapa, joka tuntuu olevan l\u00e4hemp\u00e4n\u00e4 puhdasta ja v\u00e4lit\u00f6nt\u00e4 kilvanajoa \u2013 juuri sit\u00e4 odotan suurella innolla. Olen luonnollisesti my\u00f6s utelias uusien kokemusten suhteen ja haluan aina laajentaa horisonttejani. Minulle alkaa nyt uusi matka, ja odotan kauden alkua innokkaasti.<\/p>\n<p>Mick on seitsenkertaisen formula ykk\u00f6sten maailmanmestarin <strong>Michael Schumacherin<\/strong> poika. Michael joutui joulukuussa 2013 lasketteluonnettomuuteen, eik\u00e4 h\u00e4nt\u00e4 ole sen koommin n\u00e4hty julkisuudessa.<\/p>\n<p>IndyCarin kausi 2026 k\u00e4ynnistyy 1. maaliskuuta St. Petersburgin GP:ll\u00e4.<\/p>\n<p><strong>LUE MY\u00d6S:\u00a0<a href=\"https:\/\/atleetti.fi\/michael-schumacherin-manageri-oikeuden-edessa-perhe-karsii-yha\/\" target=\"_blank\" rel=\"nofollow noopener\">Michael Schumacherin manageri oikeuden edess\u00e4: \u201dPerhe k\u00e4rsii yh\u00e4\u201d (Atleetti.fi) <\/a><\/strong><\/p>\n","protected":false},"excerpt":{"rendered":"Mick Schumacher ajaa ensi vuonna t\u00e4yden kauden IndyCar-sarjassa Rahal Letterman Lanigan Racingin riveiss\u00e4, vahvistettiin maanantaina. Entinen Haasin F1&hellip;\n","protected":false},"author":2,"featured_media":99248,"comment_status":"","ping_status":"","sticky":false,"template":"","format":"standard","meta":{"footnotes":""},"categories":[158],"tags":[33,31,30,159,32,160],"class_list":{"0":"post-99247","1":"post","2":"type-post","3":"status-publish","4":"format-standard","5":"has-post-thumbnail","7":"category-urheilu","8":"tag-fi","9":"tag-finland","10":"tag-finnish","11":"tag-sports","12":"tag-suomi","13":"tag-urheilu"},"share_on_mastodon":{"url":"https:\/\/pubeurope.com\/@fi\/115608303867304299","error":""},"_links":{"self":[{"href":"https:\/\/www.europesays.com\/fi\/wp-json\/wp\/v2\/posts\/99247","targetHints":{"allow":["GET"]}}],"collection":[{"href":"https:\/\/www.europesays.com\/fi\/wp-json\/wp\/v2\/posts"}],"about":[{"href":"https:\/\/www.europesays.com\/fi\/wp-json\/wp\/v2\/types\/post"}],"author":[{"embeddable":true,"href":"https:\/\/www.europesays.com\/fi\/wp-json\/wp\/v2\/users\/2"}],"replies":[{"embeddable":true,"href":"https:\/\/www.europesays.com\/fi\/wp-json\/wp\/v2\/comments?post=99247"}],"version-history":[{"count":0,"href":"https:\/\/www.europesays.com\/fi\/wp-json\/wp\/v2\/posts\/99247\/revisions"}],"wp:featuredmedia":[{"embeddable":true,"href":"https:\/\/www.europesays.com\/fi\/wp-json\/wp\/v2\/media\/99248"}],"wp:attachment":[{"href":"https:\/\/www.europesays.com\/fi\/wp-json\/wp\/v2\/media?parent=99247"}],"wp:term":[{"taxonomy":"category","embeddable":true,"href":"https:\/\/www.europesays.com\/fi\/wp-json\/wp\/v2\/categories?post=99247"},{"taxonomy":"post_tag","embeddable":true,"href":"https:\/\/www.europesays.com\/fi\/wp-json\/wp\/v2\/tags?post=99247"}],"curies":[{"name":"wp","href":"https:\/\/api.w.org\/{rel}","templated":true}]}}