{"id":99251,"date":"2025-11-25T03:55:07","date_gmt":"2025-11-25T03:55:07","guid":{"rendered":"https:\/\/www.europesays.com\/fi\/99251\/"},"modified":"2025-11-25T03:55:07","modified_gmt":"2025-11-25T03:55:07","slug":"stubb-loi-todellisen-jokerikortin-poytaan-mietitty-paa-punaisena","status":"publish","type":"post","link":"https:\/\/www.europesays.com\/fi\/99251\/","title":{"rendered":"Stubb l\u00f6i todellisen jokerikortin p\u00f6yt\u00e4\u00e4n \u2013 Mietitty \u201dp\u00e4\u00e4 punaisena\u201d"},"content":{"rendered":"<p>Tasavallan presidentti Alexander Stubb houkutteli isoja G20-valtioita hy\u00f6dynt\u00e4m\u00e4\u00e4n Suomen mineraalivaroja. Iltalehti tiedusteli, mit\u00e4 vihreiss\u00e4 ajatellaan Stubbin avauksesta.<\/p>\n<p class=\"paragraph\">Tasavallan presidentti <a href=\"https:\/\/www.iltalehti.fi\/henkilot\/Alexander Stubb\" class=\"article-link-person-page\" rel=\"nofollow noopener\" target=\"_blank\">Alexander Stubb<\/a> piti G20-huippukokouksessa puheenvuoron, jossa h\u00e4n nosti esiin muun muassa Suomen laajat mineraalivarannot.<\/p>\n<p class=\"paragraph\">Iltalehti kertoi asiasta <a href=\"https:\/\/www.iltalehti.fi\/politiikka\/f23a75b7-0fee-4756-9d69-cc6e1e56f335\" rel=\"nofollow noopener\" target=\"_blank\">sunnuntaina<\/a>.<\/p>\n<p class=\"paragraph\">Stubb kutsui G20-vallat tekem\u00e4\u00e4n Suomen kanssa yhteisty\u00f6t\u00e4 mineraalien hy\u00f6dynt\u00e4misess\u00e4.<\/p>\n<p class=\"paragraph\">\u2013 Suomella on 90 prosenttia kaikesta nikkelist\u00e4 EU:ssa. Suomella on niin ik\u00e4\u00e4n 90 prosenttia kromista ja 90 prosenttia koboltista. Ja Suomella on 90 prosenttia uraanista. Miksi sanon kaiken t\u00e4m\u00e4n? En sano t\u00e4t\u00e4 siksi, ett\u00e4 Suomi maana haluaisi yksin hy\u00f6dynt\u00e4\u00e4 t\u00e4t\u00e4, Stubb t\u00e4hdensi kokouksessa.<\/p>\n<p>Tynkkynen muistuttaa haavoittuvuudesta<\/p>\n<p class=\"paragraph\">Iltalehti tiedusteli vihreiden eduskuntaryhm\u00e4n puheenjohtajalta <a href=\"https:\/\/www.iltalehti.fi\/henkilot\/Oras Tynkkynen\" class=\"article-link-person-page\" rel=\"nofollow noopener\" target=\"_blank\">Oras Tynkkyselt\u00e4<\/a>, mit\u00e4 vihreiss\u00e4 ajatellaan, kun Stubb kutsuu muut maat hy\u00f6dynt\u00e4m\u00e4\u00e4n mineraalivarojamme.<\/p>\n<p class=\"paragraph\">Vihre\u00e4t on painottanut kaivosasioissa voimakkaasti ymp\u00e4rist\u00f6n suojelua ja esimerkiksi vaihtoehtobudjetissaan puolue vaatii kaivosveron reipasta nostoa.<\/p>\n<p class=\"paragraph\">Tynkkynen suhtautuu Stubbin puheeseen viile\u00e4n analyyttisesti. H\u00e4n uskoo, ett\u00e4 presidentill\u00e4 oli puheelleen kaksi tavoitetta.<\/p>\n<p class=\"paragraph\">\u2013 Yht\u00e4\u00e4lt\u00e4 meill\u00e4 on Euroopassa ja Suomessa jaettu ja perusteltu tavoite v\u00e4hent\u00e4\u00e4 Kiina-riippuvuuksia, jotka ovat nykyisell\u00e4\u00e4n todella merkitt\u00e4vi\u00e4 ja muodostavat strategisen haavoittuvuuden. On tosi t\u00e4rke\u00e4\u00e4, ett\u00e4 t\u00e4ss\u00e4 ty\u00f6ss\u00e4 onnistutaan, Tynkkynen painottaa.<\/p>\n<p>Kutsu etenkin USA:lle?<\/p>\n<p class=\"paragraph\">Toinen ajankohtainen kytk\u00f6s liittyy Tynkkysen mukaan Yhdysvaltain presidentin <a href=\"https:\/\/www.iltalehti.fi\/henkilot\/Donald Trump\" class=\"article-link-person-page\" rel=\"nofollow noopener\" target=\"_blank\">Donald Trumpin<\/a> Ukrainan rauhansuunnitelmaan.<\/p>\n<p class=\"paragraph\">\u2013 Varmasti sek\u00e4 tasavallan presidentti ett\u00e4 monet muut tahot miettiv\u00e4t p\u00e4\u00e4 punaisena, mist\u00e4 l\u00f6ydet\u00e4\u00e4n tapoja l\u00e4henty\u00e4 Yhdysvaltoja ja saada pidetty\u00e4 sit\u00e4 jotenkin samalla puolella p\u00f6yt\u00e4\u00e4. Koska Trumpilla on ollu ilmeist\u00e4 kiinnostusta kaikenlaisiin diileihin liittyen muun muassa juuri mineraaleihin ja raaka-aineisiin, on ymm\u00e4rrett\u00e4v\u00e4\u00e4, ett\u00e4 yritet\u00e4\u00e4n hakea ratkaisuja t\u00e4lt\u00e4 suunnalta, Tynkkynen arvioi.<\/p>\n<p class=\"paragraph\">Tynkkynen lukeekin Stubbin viesti\u00e4 niin, ett\u00e4 kutsu tulla hy\u00f6dynt\u00e4m\u00e4\u00e4n Suomen mineraalivaroja on esitetty etenkin Yhdysvaltojen suuntaan.<\/p>\n<p>Alexander Stubb G20-maiden kokouksessa Etel\u00e4-Afrikan Johannesburgissa. Inka Soveri<\/p>\n<p class=\"paragraph\">\u2013 Viime p\u00e4ivien ykk\u00f6skeskustelu on koskenut Ukrainan rauhansuunnitelmaa. Kansainv\u00e4lisestikin on tiedostettu tasavallan presidentin merkitt\u00e4v\u00e4 rooli sanan v\u00e4litt\u00e4j\u00e4n\u00e4 ja yhteyksien rakentajana.<\/p>\n<p class=\"paragraph\"><strong>Miten Ukrainaa auttaisi, jos Yhdysvallat tulisi hy\u00f6dynt\u00e4m\u00e4\u00e4n Suomen mineraalivaroja?<\/strong><\/p>\n<p class=\"paragraph\">\u2013 Ei varmaan suoraan mitenk\u00e4\u00e4n, mutta kun on kyse kaupank\u00e4ynnist\u00e4 ja Trumpilla erityisesti on sellainen tyyli tehd\u00e4 kansainv\u00e4list\u00e4 politiikkaa, suhteiden vahvistamisella ja yll\u00e4pit\u00e4misell\u00e4 on merkityst\u00e4, Tynkkynen vastaa.<\/p>\n<p class=\"paragraph\">T\u00e4h\u00e4n asti Tynkkynen ei ole n\u00e4hnyt merkkej\u00e4, ett\u00e4 maamme mineraalivarannot olisivat erityisesti lis\u00e4nneet painoarvoamme ulkopolitiikassa. Tulevaisuudessa n\u00e4in voi kuitenkin k\u00e4yd\u00e4.<\/p>\n<p>Ymm\u00e4rryst\u00e4 mutta kest\u00e4vyys varmistettava<\/p>\n<p class=\"paragraph\">Kysytt\u00e4ess\u00e4, olisiko tasavallan presidentin pit\u00e4nyt nostaa luontoarvoja esiin puheessaan, Tynkkynen toteaa, ett\u00e4 on tyylik\u00e4st\u00e4 muistuttaa, ett\u00e4 kaivostoiminnan pit\u00e4\u00e4 olla aina my\u00f6s kest\u00e4v\u00e4\u00e4 ymp\u00e4rist\u00f6n ja paikallisten ihmisten kannalta.<\/p>\n<p class=\"paragraph\">Edell\u00e4 mainitsemistaan l\u00e4ht\u00f6kohdista k\u00e4sin Tynkkynen siis ymm\u00e4rt\u00e4\u00e4 Stubbin avauksen.<\/p>\n<p class=\"paragraph\">\u2013 Tavoite on my\u00f6nteinen, mutta nykyisell\u00e4\u00e4n kaivostoiminta ei viel\u00e4 ole riitt\u00e4v\u00e4ss\u00e4 m\u00e4\u00e4rin kest\u00e4v\u00e4\u00e4 ja vastuullista Suomessa.<\/p>\n<p class=\"paragraph\">Vihreiden ryhm\u00e4puheenjohtaja nostaa esiin tuoreen kaivosalan yrityksille suunnatun kansainv\u00e4lisen kyselyn, <a href=\"https:\/\/yle.fi\/a\/74-20195656?origin=rss\" target=\"_blank\" rel=\"noopener nofollow\">jonka mukaan<\/a> Suomi on maailman houkuttelevin alue kaivosinvestoinneille.<\/p>\n<p class=\"paragraph\">Tynkkysen mielest\u00e4 t\u00e4m\u00e4 kertoo siit\u00e4, ett\u00e4 Suomessa kaivosteollisuuden s\u00e4\u00e4ntely ja verotus on yh\u00e4 melko l\u00f6ys\u00e4\u00e4.<\/p>\n<p class=\"paragraph\">\u2013 Seh\u00e4n n\u00e4kyy sitten vaikkapa Viiankiaavan kaltaisissa esimerkeiss\u00e4, joissa moninkertaisesti suojellulle suolle yritet\u00e4\u00e4n puskea puoliv\u00e4kisin kaivoshanketta.<\/p>\n<p class=\"paragraph\">Jos Suomelle halutaan keskeinen rooli kest\u00e4vien kaivannaisten tuottamisessa ja Kiina-riippuvuuksien v\u00e4hent\u00e4misess\u00e4, kaivostoiminnan kest\u00e4vyys on Tynkkysen mukaan varmistettava lains\u00e4\u00e4d\u00e4nn\u00f6ll\u00e4 ja verotuksella.<\/p>\n<p class=\"paragraph\">\u2013 Ettemme uhraa Lappia ja Saimaata n\u00e4ille kaivoshankkeille ja maksa siit\u00e4 ihan liian kovaa hintaa.<\/p>\n<p>Ei alkutuottajamaaksi<\/p>\n<p class=\"paragraph\">Tynkkynen pit\u00e4\u00e4 yleens\u00e4 ottaen t\u00e4rke\u00e4n\u00e4, ett\u00e4 suomalaisesta kaivosteollisuudesta puhuttaessa korostettaisiin nykyist\u00e4 enemm\u00e4n ymp\u00e4rist\u00f6osaamistamme. Sen avulla voitaisiin auttaa kest\u00e4v\u00f6itt\u00e4m\u00e4\u00e4n kaivostoimintaa ymp\u00e4ri maailman.<\/p>\n<p class=\"paragraph\">Stubb eitt\u00e4m\u00e4tt\u00e4 pyrkikin t\u00e4h\u00e4n nostamalla esiin juuri tiettyj\u00e4 suomalaisia kaivosteollisuuteen kytkeytyvi\u00e4 teknologia-alan yrityksi\u00e4. H\u00e4n painotti puheessaan my\u00f6s, ett\u00e4 Suomessa on hyvin integroitunut arvoketju.<\/p>\n<p class=\"paragraph\">\u2013 T\u00e4m\u00e4 tarkoittaa k\u00e4yt\u00e4nn\u00f6ss\u00e4 sit\u00e4, ett\u00e4 yritykset osaavat sek\u00e4 louhia ett\u00e4 jalostaa, Stubb painotti.<\/p>\n<p class=\"paragraph\">Tynkkysen mielest\u00e4 suomalaisissa kaivosteollisuudessa on kuitenkin yh\u00e4 paljon merkkej\u00e4 painotuksen j\u00e4\u00e4misest\u00e4 alkutuotantoon. Vaarana on, ett\u00e4 Suomesta tulee vihre\u00e4n siirtym\u00e4n alkutuottajamaa, eik\u00e4 jatkojalostus j\u00e4isik\u00e4\u00e4n t\u00e4nne.<\/p>\n<p>Kiinnostusta virisi<\/p>\n<p class=\"paragraph\">Tasvallan presidentti Alexander Stubb sai G20-maiden kokouksessa molempien p\u00e4ivien p\u00e4\u00e4istunnoissa puheenvuoron.<\/p>\n<p class=\"paragraph\">Toisena p\u00e4iv\u00e4n\u00e4 keskusteltiin taloudellisesta yhteisty\u00f6st\u00e4. Suomi oli luonnollisesti miettinyt tarkkaan kolmeen minuuttiin tiivistetyn viestins\u00e4. Siin\u00e4 Stubb toi Suomen talouden kivijalkoja esiin. T\u00e4rke\u00e4\u00e4 puhetta oli IL:n tietojen mukaan koordinoitu yhdess\u00e4 elinkeinoministeri\u00f6n kanssa.<\/p>\n<p class=\"paragraph\">Stubb toi esiin paitsi Nokiaa my\u00f6s maamme kvantti- ja mineraalialaan kytkeytyvi\u00e4 ja varmasti edistyksellisin\u00e4 pit\u00e4mi\u00e4\u00e4n yrityksi\u00e4.<\/p>\n<p class=\"paragraph\">Iltalehden tietojen mukaan kahdenv\u00e4lisiss\u00e4 tapaamisissa puheenvuoro sai aikaan kiinnostunutta v\u00e4rin\u00e4\u00e4 suomalaisyrityksi\u00e4 kohtaan.<\/p>\n<p>Elinkeinoministeri Sakari Puisto (vasemmalla) ja tasavallan presidentti Alexander Stubb G20-kokouksessa Johannesburgissa. Inka Soveri<\/p>\n<p class=\"paragraph\">Iltalehti tapasi G20-kokouksessa Etel\u00e4-Afrikassa my\u00f6s elinkeinoministeri <a href=\"https:\/\/www.iltalehti.fi\/henkilot\/Sakari Puisto\" class=\"article-link-person-page\" rel=\"nofollow noopener\" target=\"_blank\">Sakari Puiston<\/a> (ps).<\/p>\n<p class=\"paragraph\">H\u00e4nen mielest\u00e4\u00e4n Suomella on huimat mahdollisuudet, jalostus- ja teknologista kyvykkyytt\u00e4 sek\u00e4 automaatioon liittyv\u00e4\u00e4 osaamista mineraaleissa.<\/p>\n<p class=\"paragraph\">\u2013 Presidenttih\u00e4n k\u00e4ytti hyvin v\u00e4kev\u00e4n puheenvuoron asian edist\u00e4miseksi \u2013 toki tavalla, joka on reilu. H\u00e4n toi paljon my\u00f6s politiikkaa ja kauppasuhteita mukaan. Kaivosmineraalit ja meid\u00e4n teollinen kyvykkyytemme nousivat esiin my\u00f6s hyvin vahvasti. T\u00e4m\u00e4 nosti paljon kiinnostusta, Puisto vahvistaa.<\/p>\n","protected":false},"excerpt":{"rendered":"Tasavallan presidentti Alexander Stubb houkutteli isoja G20-valtioita hy\u00f6dynt\u00e4m\u00e4\u00e4n Suomen mineraalivaroja. Iltalehti tiedusteli, mit\u00e4 vihreiss\u00e4 ajatellaan Stubbin avauksesta. Tasavallan&hellip;\n","protected":false},"author":2,"featured_media":99252,"comment_status":"","ping_status":"","sticky":false,"template":"","format":"standard","meta":{"footnotes":""},"categories":[14],"tags":[35,22,23,26,27,33,31,30,17,24,25,28,29,15,18,21,142,637,886,888,887,32,19,20,56,16,59,60,61],"class_list":{"0":"post-99251","1":"post","2":"type-post","3":"status-publish","4":"format-standard","5":"has-post-thumbnail","7":"category-ulkomaat","8":"tag-24h","9":"tag-breaking-news","10":"tag-breakingnews","11":"tag-featured-news","12":"tag-featurednews","13":"tag-fi","14":"tag-finland","15":"tag-finnish","16":"tag-headlines","17":"tag-latest-news","18":"tag-latestnews","19":"tag-main-news","20":"tag-mainnews","21":"tag-news","22":"tag-otsikot","23":"tag-paauutiset","24":"tag-poliitikot","25":"tag-politiikka","26":"tag-puolueet","27":"tag-suomalaiset-poliitikot","28":"tag-suomen-politiikka","29":"tag-suomi","30":"tag-top-stories","31":"tag-topstories","32":"tag-ulkomaat","33":"tag-uutiset","34":"tag-world","35":"tag-world-news","36":"tag-worldnews"},"share_on_mastodon":{"url":"https:\/\/pubeurope.com\/@fi\/115608323574878348","error":""},"_links":{"self":[{"href":"https:\/\/www.europesays.com\/fi\/wp-json\/wp\/v2\/posts\/99251","targetHints":{"allow":["GET"]}}],"collection":[{"href":"https:\/\/www.europesays.com\/fi\/wp-json\/wp\/v2\/posts"}],"about":[{"href":"https:\/\/www.europesays.com\/fi\/wp-json\/wp\/v2\/types\/post"}],"author":[{"embeddable":true,"href":"https:\/\/www.europesays.com\/fi\/wp-json\/wp\/v2\/users\/2"}],"replies":[{"embeddable":true,"href":"https:\/\/www.europesays.com\/fi\/wp-json\/wp\/v2\/comments?post=99251"}],"version-history":[{"count":0,"href":"https:\/\/www.europesays.com\/fi\/wp-json\/wp\/v2\/posts\/99251\/revisions"}],"wp:featuredmedia":[{"embeddable":true,"href":"https:\/\/www.europesays.com\/fi\/wp-json\/wp\/v2\/media\/99252"}],"wp:attachment":[{"href":"https:\/\/www.europesays.com\/fi\/wp-json\/wp\/v2\/media?parent=99251"}],"wp:term":[{"taxonomy":"category","embeddable":true,"href":"https:\/\/www.europesays.com\/fi\/wp-json\/wp\/v2\/categories?post=99251"},{"taxonomy":"post_tag","embeddable":true,"href":"https:\/\/www.europesays.com\/fi\/wp-json\/wp\/v2\/tags?post=99251"}],"curies":[{"name":"wp","href":"https:\/\/api.w.org\/{rel}","templated":true}]}}