{"id":99268,"date":"2025-11-25T04:22:12","date_gmt":"2025-11-25T04:22:12","guid":{"rendered":"https:\/\/www.europesays.com\/fi\/99268\/"},"modified":"2025-11-25T04:22:12","modified_gmt":"2025-11-25T04:22:12","slug":"eloisan-aluehallitus-saastaa-sulkavan-ja-puumalan-ensihoitoyksikot-leikkurilta-saastot-pysyvat-ennallaan-etela-savo","status":"publish","type":"post","link":"https:\/\/www.europesays.com\/fi\/99268\/","title":{"rendered":"Eloisan aluehallitus s\u00e4\u00e4st\u00e4\u00e4 Sulkavan ja Puumalan ensihoito\u00adyksik\u00f6t leikkurilta \u2013 s\u00e4\u00e4st\u00f6t pysyv\u00e4t ennallaan | Etel\u00e4-Savo"},"content":{"rendered":"<p class=\"aw-1gybjub aw-5vja16 kEtdKx kmuxyA yle__article__paragraph\">Etel\u00e4-Savon hyvinvointialueen aluehallitus p\u00e4\u00e4tti, ett\u00e4 vain Punkaharjun ensihoito\u00adyksikk\u00f6 siirtyy p\u00e4iv\u00e4yksik\u00f6ksi. Lis\u00e4ksi Savonlinnan palliatiivinen osasto s\u00e4ilyy omana yksikk\u00f6n\u00e4\u00e4n.<\/p>\n<p><img decoding=\"async\" alt=\"N\u00e4kym\u00e4 monitoimiyksik\u00f6n takaovista sis\u00e4lle.\" src=\"https:\/\/www.europesays.com\/fi\/wp-content\/uploads\/2025\/11\/39-133273466bc8cbb53541.jpeg\" class=\"aw-1l9m598 hKVVvP\"\/><\/p>\n<p>Avaa kuvien katselu<\/p>\n<p>Monitoimiyksik\u00f6n toiminta jatkuu ennallaan Sulkavalla ja Puumalassa. Kuvassa Sulkavan monitoimiyksikk\u00f6. Kuva: Petri Aaltonen \/ Yle<\/p>\n<p class=\"aw-1gybjub aw-1p7kakr kEtdKx cEmitX yle__article__paragraph\">Etel\u00e4-Savon hyvinvointialue Eloisan aluehallitus ei lakkauta kaikkia moniammatillisia ensihoitaja-pelastaja-tiimej\u00e4.<\/p>\n<p class=\"aw-1gybjub aw-1p7kakr kEtdKx cEmitX yle__article__paragraph\"><a class=\"aw-iao6s4 iHOxEa yle__article__link\" href=\"https:\/\/yle.fi\/a\/74-20192249\" role=\"link\" rel=\"nofollow noopener\" target=\"_blank\">Hyvinvointi\u00adalueen ensi vuoden talousarvio\u00adesityksess\u00e4<\/a> esitettiin, ett\u00e4 <a class=\"aw-iao6s4 iHOxEa yle__article__link\" href=\"https:\/\/yle.fi\/a\/74-20192823\" role=\"link\" rel=\"nofollow noopener\" target=\"_blank\">moniammatilliset tiimit muutetaan kahden ensihoitajan yksik\u00f6iksi<\/a>, jotka ovat valmiudessa kello 8\u201320 v\u00e4lill\u00e4.<\/p>\n<p class=\"aw-1gybjub aw-1p7kakr kEtdKx cEmitX yle__article__paragraph\">Aluehallitus p\u00e4\u00e4tti maanantaina, ett\u00e4 Sulkavan ja Puumalan alueen yksik\u00f6t jatkavat toimintaansa. Sen sijaan Punkaharjulta operoiva yksikk\u00f6 muuttuu kahden ensihoitajan p\u00e4iv\u00e4yksik\u00f6ksi.<\/p>\n<p class=\"aw-1gybjub aw-1p7kakr kEtdKx cEmitX yle__article__paragraph\">Lis\u00e4ksi aluahallitus kirjasi, ett\u00e4 kes\u00e4n ajaksi on mahdollista lis\u00e4t\u00e4 yksik\u00f6it\u00e4 kes\u00e4asukkaiden m\u00e4\u00e4r\u00e4n takia.<\/p>\n<p class=\"aw-1gybjub aw-1p7kakr kEtdKx cEmitX yle__article__paragraph\">Savonlinnan sairaalaan alkuper\u00e4isen\u00e4 esityksen\u00e4 oli yhdist\u00e4\u00e4 palliatiivinen ja sis\u00e4tautiosasto. Aluehallitus p\u00e4\u00e4tti kuitenkin, ett\u00e4 palliatiivinen osasto s\u00e4ilyy omana yksikk\u00f6n\u00e4 ja konservatiivinen ja kirurgian osasto yhdistyv\u00e4t.<\/p>\n<p class=\"aw-1gybjub aw-1p7kakr kEtdKx cEmitX yle__article__paragraph\">Sote-keskusten palveluverkkoa ei tiivistet\u00e4 laittamalla yksikk\u00f6j\u00e4 kiinni, vaan vastaava eurov\u00e4hennys tehd\u00e4\u00e4n v\u00e4hent\u00e4m\u00e4ll\u00e4 kaikista yksik\u00f6ist\u00e4 henkil\u00f6st\u00f6\u00e4.<\/p>\n<p class=\"aw-1gybjub aw-1p7kakr kEtdKx cEmitX yle__article__paragraph\">Talousarvioesityksen hyv\u00e4ksyminen vaatii viel\u00e4 aluevaltuuston hyv\u00e4ksynn\u00e4n. Valtuusto kokoontuu joulukuun alussa.<\/p>\n<p>Rahoitus liian pieni<\/p>\n<p class=\"aw-1gybjub aw-1p7kakr kEtdKx cEmitX yle__article__paragraph\">Aluehallituksen puheenjohtaja <strong class=\"aw-ak79eh KyCXm yle__article__strong\">Jari Lepp\u00e4<\/strong> (kesk.) iloitsee siit\u00e4, ett\u00e4 hallitus p\u00e4\u00e4si yksimieliseen p\u00e4\u00e4t\u00f6kseen talousarvioesityksest\u00e4.<\/p>\n<p class=\"aw-1gybjub aw-1p7kakr kEtdKx cEmitX yle__article__paragraph\">Lep\u00e4n mukaan aluehallituksen hyv\u00e4ksym\u00e4n talousarvion 25 miljoonan euron s\u00e4\u00e4st\u00f6t varmistavat, ettei hyvinvointialue joudu valtion arviointimenettelyyn. Arviointimenettely tarkoittaisi eri\u00e4\u00e4tin merkitt\u00e4v\u00e4\u00e4 oman p\u00e4\u00e4t\u00f6svallan kaventumista.<\/p>\n<p class=\"aw-1gybjub aw-1p7kakr kEtdKx cEmitX yle__article__paragraph\">Lepp\u00e4 ei koe hyvinvointialueiden rahoituslakia reiluksi Eloisalle.<\/p>\n<p class=\"aw-1gybjub aw-1p7kakr kEtdKx cEmitX yle__article__paragraph\">\u2013 Rahoituslain mukainen rahoitus Eloisalle on mielest\u00e4mme liian pieni. Siin\u00e4 otetaan liian v\u00e4h\u00e4n huomioon tarveperusteisuutta, joka meill\u00e4 on harvaan, mutta kauttaaltaan asuttuna ja ik\u00e4\u00e4ntyneen\u00e4 maakuntana, h\u00e4n toteaa.<\/p>\n<p class=\"aw-1gybjub aw-1p7kakr kEtdKx cEmitX yle__article__paragraph\">Pieks\u00e4m\u00e4en kaupunginjohtaja <strong class=\"aw-ak79eh KyCXm yle__article__strong\">Emilia Savolainen<\/strong> ajaa <a class=\"aw-iao6s4 iHOxEa yle__article__link\" href=\"https:\/\/yle.fi\/a\/74-20194937\" role=\"link\" rel=\"nofollow noopener\" target=\"_blank\">Vaalijalan osaami- ja tukikeskukselle valtion erillisrahoitusta<\/a>. Lep\u00e4n mukaan t\u00e4m\u00e4 on my\u00f6s Eloisan tavoite.<\/p>\n<p class=\"aw-1gybjub aw-1p7kakr kEtdKx cEmitX yle__article__paragraph\">\u2013 Se on edunvalvontamme k\u00e4rkip\u00e4\u00e4n tavoitteiden joukossa, Lepp\u00e4 sanoo.<\/p>\n","protected":false},"excerpt":{"rendered":"Etel\u00e4-Savon hyvinvointialueen aluehallitus p\u00e4\u00e4tti, ett\u00e4 vain Punkaharjun ensihoito\u00adyksikk\u00f6 siirtyy p\u00e4iv\u00e4yksik\u00f6ksi. Lis\u00e4ksi Savonlinnan palliatiivinen osasto s\u00e4ilyy omana yksikk\u00f6n\u00e4\u00e4n. Avaa&hellip;\n","protected":false},"author":2,"featured_media":99269,"comment_status":"","ping_status":"","sticky":false,"template":"","format":"standard","meta":{"footnotes":""},"categories":[12],"tags":[5030,22,23,13127,184,2060,26,27,33,31,30,17,2218,24,25,28,29,15,18,21,1756,2102,1000,19160,32,19,20,16,19159],"class_list":{"0":"post-99268","1":"post","2":"type-post","3":"status-publish","4":"format-standard","5":"has-post-thumbnail","7":"category-suomi","8":"tag-aluehallitus","9":"tag-breaking-news","10":"tag-breakingnews","11":"tag-ensihoito","12":"tag-etela-savo","13":"tag-etela-savon-hyvinvointialue","14":"tag-featured-news","15":"tag-featurednews","16":"tag-fi","17":"tag-finland","18":"tag-finnish","19":"tag-headlines","20":"tag-hyvinvointialueet","21":"tag-latest-news","22":"tag-latestnews","23":"tag-main-news","24":"tag-mainnews","25":"tag-news","26":"tag-otsikot","27":"tag-paauutiset","28":"tag-pieksamaki","29":"tag-puumala","30":"tag-savonlinna","31":"tag-sulkava","32":"tag-suomi","33":"tag-top-stories","34":"tag-topstories","35":"tag-uutiset","36":"tag-vaalijala"},"share_on_mastodon":{"url":"https:\/\/pubeurope.com\/@fi\/115608429931735536","error":""},"_links":{"self":[{"href":"https:\/\/www.europesays.com\/fi\/wp-json\/wp\/v2\/posts\/99268","targetHints":{"allow":["GET"]}}],"collection":[{"href":"https:\/\/www.europesays.com\/fi\/wp-json\/wp\/v2\/posts"}],"about":[{"href":"https:\/\/www.europesays.com\/fi\/wp-json\/wp\/v2\/types\/post"}],"author":[{"embeddable":true,"href":"https:\/\/www.europesays.com\/fi\/wp-json\/wp\/v2\/users\/2"}],"replies":[{"embeddable":true,"href":"https:\/\/www.europesays.com\/fi\/wp-json\/wp\/v2\/comments?post=99268"}],"version-history":[{"count":0,"href":"https:\/\/www.europesays.com\/fi\/wp-json\/wp\/v2\/posts\/99268\/revisions"}],"wp:featuredmedia":[{"embeddable":true,"href":"https:\/\/www.europesays.com\/fi\/wp-json\/wp\/v2\/media\/99269"}],"wp:attachment":[{"href":"https:\/\/www.europesays.com\/fi\/wp-json\/wp\/v2\/media?parent=99268"}],"wp:term":[{"taxonomy":"category","embeddable":true,"href":"https:\/\/www.europesays.com\/fi\/wp-json\/wp\/v2\/categories?post=99268"},{"taxonomy":"post_tag","embeddable":true,"href":"https:\/\/www.europesays.com\/fi\/wp-json\/wp\/v2\/tags?post=99268"}],"curies":[{"name":"wp","href":"https:\/\/api.w.org\/{rel}","templated":true}]}}