{"id":99270,"date":"2025-11-25T04:23:14","date_gmt":"2025-11-25T04:23:14","guid":{"rendered":"https:\/\/www.europesays.com\/fi\/99270\/"},"modified":"2025-11-25T04:23:14","modified_gmt":"2025-11-25T04:23:14","slug":"oulusta-asunnon-viikonlopuksi-vuokrannut-nuori-joutui-ryostetyksi-epailtyna-kaksi-nuorta-oululaismiesta-2","status":"publish","type":"post","link":"https:\/\/www.europesays.com\/fi\/99270\/","title":{"rendered":"Oulusta asunnon viikonlopuksi vuokrannut nuori joutui ry\u00f6stetyksi \u2013 Ep\u00e4iltyn\u00e4 kaksi nuorta oululaismiest\u00e4"},"content":{"rendered":"<p class=\"article__paragraph\">\n      Poliisi ep\u00e4ilee, ett\u00e4 kaksi nuorta oululaismiest\u00e4 syyllistyi ry\u00f6st\u00f6\u00f6n Oulussa sijaitsevassa asunnossa sunnuntain vastaisena y\u00f6n\u00e4.\n    <\/p>\n<p class=\"article__paragraph\">\n      Uhri oli 2000-luvulla syntynyt ulkopaikkakuntalainen nuori mies, joka oli vuokrannut asunnon viikonlopuksi k\u00e4ytt\u00f6\u00f6ns\u00e4.\n    <\/p>\n<p class=\"article__paragraph\">\n      Oululaiskaksikko oli pahoinpidellyt uhria ja ottanut mukaan uhrin omaisuutta. Poliisin mukaan ry\u00f6st\u00f6st\u00e4 ep\u00e4illyt olivat luvallisesti asunnossa, jossa v\u00e4likohtaus tapahtui.\n    <\/p>\n<p class=\"article__paragraph\">\n      Rikoksesta ep\u00e4illyt poistuivat paikalta. Poliisi tavoitti heid\u00e4t pian tapahtuneen j\u00e4lkeen autosta, kyseisen asunnon l\u00e4helt\u00e4. Kiinnioton yhteydess\u00e4 heilt\u00e4 takavarikoitiin huumausainetta sek\u00e4 huumausaineeksi luokiteltavia l\u00e4\u00e4kkeit\u00e4.\n    <\/p>\n<p class=\"article__paragraph\">\n      Poliisi tutkii asiaa ry\u00f6st\u00f6n\u00e4 ja huumausainerikoksena.\n    <\/p>\n","protected":false},"excerpt":{"rendered":"Poliisi ep\u00e4ilee, ett\u00e4 kaksi nuorta oululaismiest\u00e4 syyllistyi ry\u00f6st\u00f6\u00f6n Oulussa sijaitsevassa asunnossa sunnuntain vastaisena y\u00f6n\u00e4. Uhri oli 2000-luvulla syntynyt&hellip;\n","protected":false},"author":2,"featured_media":98778,"comment_status":"","ping_status":"","sticky":false,"template":"","format":"standard","meta":{"footnotes":""},"categories":[5],"tags":[22,23,26,27,33,31,30,17,24,25,28,29,15,18,21,32,19,20,16],"class_list":{"0":"post-99270","1":"post","2":"type-post","3":"status-publish","4":"format-standard","5":"has-post-thumbnail","7":"category-otsikot","8":"tag-breaking-news","9":"tag-breakingnews","10":"tag-featured-news","11":"tag-featurednews","12":"tag-fi","13":"tag-finland","14":"tag-finnish","15":"tag-headlines","16":"tag-latest-news","17":"tag-latestnews","18":"tag-main-news","19":"tag-mainnews","20":"tag-news","21":"tag-otsikot","22":"tag-paauutiset","23":"tag-suomi","24":"tag-top-stories","25":"tag-topstories","26":"tag-uutiset"},"share_on_mastodon":{"url":"https:\/\/pubeurope.com\/@fi\/115608433672882705","error":""},"_links":{"self":[{"href":"https:\/\/www.europesays.com\/fi\/wp-json\/wp\/v2\/posts\/99270","targetHints":{"allow":["GET"]}}],"collection":[{"href":"https:\/\/www.europesays.com\/fi\/wp-json\/wp\/v2\/posts"}],"about":[{"href":"https:\/\/www.europesays.com\/fi\/wp-json\/wp\/v2\/types\/post"}],"author":[{"embeddable":true,"href":"https:\/\/www.europesays.com\/fi\/wp-json\/wp\/v2\/users\/2"}],"replies":[{"embeddable":true,"href":"https:\/\/www.europesays.com\/fi\/wp-json\/wp\/v2\/comments?post=99270"}],"version-history":[{"count":0,"href":"https:\/\/www.europesays.com\/fi\/wp-json\/wp\/v2\/posts\/99270\/revisions"}],"wp:featuredmedia":[{"embeddable":true,"href":"https:\/\/www.europesays.com\/fi\/wp-json\/wp\/v2\/media\/98778"}],"wp:attachment":[{"href":"https:\/\/www.europesays.com\/fi\/wp-json\/wp\/v2\/media?parent=99270"}],"wp:term":[{"taxonomy":"category","embeddable":true,"href":"https:\/\/www.europesays.com\/fi\/wp-json\/wp\/v2\/categories?post=99270"},{"taxonomy":"post_tag","embeddable":true,"href":"https:\/\/www.europesays.com\/fi\/wp-json\/wp\/v2\/tags?post=99270"}],"curies":[{"name":"wp","href":"https:\/\/api.w.org\/{rel}","templated":true}]}}