{"id":99274,"date":"2025-11-25T04:41:07","date_gmt":"2025-11-25T04:41:07","guid":{"rendered":"https:\/\/www.europesays.com\/fi\/99274\/"},"modified":"2025-11-25T04:41:07","modified_gmt":"2025-11-25T04:41:07","slug":"flunssan-varhainen-puhkeaminen-ennustettu-the-portugal-news","status":"publish","type":"post","link":"https:\/\/www.europesays.com\/fi\/99274\/","title":{"rendered":"Flunssan varhainen puhkeaminen ennustettu &#8211; The Portugal News"},"content":{"rendered":"<ol>\n<li><a href=\"https:\/\/news.google.com\/rss\/articles\/CBMipAFBVV95cUxOeThoS3F1VlpLZzFSdGhuWGNSYmpDVVl0NEVjWXJzZHpBVHFLUmc5NVJNZmpVSlBORkx3N0pNanp0bFNNVWVJZUJaYkVwVWFqbkpqV091ZzV4dy16QThNQkZpQkVaVjktN2hGV3EtUVczQlNIeWpJbm12Qlg4dlY2cG5zelNrQjVuWEQ2Z1VxVnd4Sy1Xa3lEV3AzUFhPZ1hmam9ucg?oc=5\" target=\"_blank\" rel=\"nofollow noopener\">Flunssan varhainen puhkeaminen ennustettu<\/a>&nbsp;&nbsp;The Portugal News<\/li>\n<li><a href=\"https:\/\/news.google.com\/rss\/articles\/CBMinwFBVV95cUxPUks4Q3VDN25vQXF3TVp2aWVNS3N1QWhpRjNzZC10a1lleHZ2NVltVUQ1TW9lN3NtbkkyQWtGT0ZHRkJTdi1EZ2ZQSzh2N2lYeWs5NE91UGpCS014ZVdjZmU3S1BIeVZCakk4aUR6ZWV5Q2d3ZEFzT21BdmxFeEhIN05jTExJTk9XSlA4RjQ3Vlc5bEtHZnJDcmN6dkp2ZHc?oc=5\" target=\"_blank\" rel=\"nofollow noopener\">Rankka tauti l\u00e4hti levi\u00e4m\u00e4\u00e4n talven kynnyksell\u00e4: &#8221;Ennenn\u00e4kem\u00e4t\u00f6nt\u00e4&#8221;<\/a>&nbsp;&nbsp;Suomenmaa.fi<\/li>\n<li><a href=\"https:\/\/news.google.com\/rss\/articles\/CBMimwFBVV95cUxQQlNoNWo0ZTdIUWtkNmNKcURodzRPeFVxdGFMdnlJRG9XRlotdTVraFZUOENjajJmOWV4aDdzaE9RenZ4U1daUjN4OUp5TWtpbjJSMFVuSktoR3dEaW10N1dTS2RJelhQcktVVVRxUDJubl9qZVkyR2hIQVQ2VmVScHZwUVYwTExncUZKM3dzTUozSTUtN181Y2Nodw?oc=5\" target=\"_blank\" rel=\"nofollow noopener\">Flunssa saapuu aikaisin Eurooppaan<\/a>&nbsp;&nbsp;The Portugal News<\/li>\n<li><a href=\"https:\/\/news.google.com\/rss\/articles\/CBMimwFBVV95cUxQdVZTSjI4NGVMUU1EQjJrUHAxR1hJYXNiaENUQkVhY2ZqN1NocmtuaFlhM0swTEJGc3VZQ1dZUlNsMDBVMEVjdVZkRm1ybG5OWEoxY3Z3OUZSQmtjTUd1cWl4V1BkN0xlbmd0RWVFanlNWC1pQW9ESWZhVWd1cXdlNGxZVElpQ1RDcC00WlNUaExpUFRvdlhnTU91TQ?oc=5\" target=\"_blank\" rel=\"nofollow noopener\">Britanniassa varaudutaan vuosikymmenen pahimpaan influenssakauteen<\/a>&nbsp;&nbsp;Tekniikan Maailma<\/li>\n<li><a href=\"https:\/\/news.google.com\/rss\/articles\/CBMijwFBVV95cUxPTHJLT1B0WUREWkRCZ0otdVlrVFRjSFVzdERnWkw1V1JoTTlhcVlHVHpSTlh4dFpKMFB4Uk0zMnN5OVJrUllkYS1FbXRiVEkxX09CUFF5VkhXV1JRUTctSERfc09xNGtjXzl0V2dFMFdocDhzcDdXYXBZX01iMGJ3MUcxN0ZfQmx1QjRqOUhUSQ?oc=5\" target=\"_blank\" rel=\"nofollow noopener\">Varoitus rajusta viruksesta: Pyyhk\u00e4isee l\u00e4pi maailman<\/a>&nbsp;&nbsp;Suomenmaa.fi<\/li>\n<\/ol>\n","protected":false},"excerpt":{"rendered":"Flunssan varhainen puhkeaminen ennustettu&nbsp;&nbsp;The Portugal News Rankka tauti l\u00e4hti levi\u00e4m\u00e4\u00e4n talven kynnyksell\u00e4: &#8221;Ennenn\u00e4kem\u00e4t\u00f6nt\u00e4&#8221;&nbsp;&nbsp;Suomenmaa.fi Flunssa saapuu aikaisin Eurooppaan&nbsp;&nbsp;The Portugal&hellip;\n","protected":false},"author":2,"featured_media":99275,"comment_status":"","ping_status":"","sticky":false,"template":"","format":"standard","meta":{"footnotes":""},"categories":[165],"tags":[33,31,30,166,32,167],"class_list":{"0":"post-99274","1":"post","2":"type-post","3":"status-publish","4":"format-standard","5":"has-post-thumbnail","7":"category-terveys","8":"tag-fi","9":"tag-finland","10":"tag-finnish","11":"tag-health","12":"tag-suomi","13":"tag-terveys"},"share_on_mastodon":{"url":"https:\/\/pubeurope.com\/@fi\/115608504494070084","error":""},"_links":{"self":[{"href":"https:\/\/www.europesays.com\/fi\/wp-json\/wp\/v2\/posts\/99274","targetHints":{"allow":["GET"]}}],"collection":[{"href":"https:\/\/www.europesays.com\/fi\/wp-json\/wp\/v2\/posts"}],"about":[{"href":"https:\/\/www.europesays.com\/fi\/wp-json\/wp\/v2\/types\/post"}],"author":[{"embeddable":true,"href":"https:\/\/www.europesays.com\/fi\/wp-json\/wp\/v2\/users\/2"}],"replies":[{"embeddable":true,"href":"https:\/\/www.europesays.com\/fi\/wp-json\/wp\/v2\/comments?post=99274"}],"version-history":[{"count":0,"href":"https:\/\/www.europesays.com\/fi\/wp-json\/wp\/v2\/posts\/99274\/revisions"}],"wp:featuredmedia":[{"embeddable":true,"href":"https:\/\/www.europesays.com\/fi\/wp-json\/wp\/v2\/media\/99275"}],"wp:attachment":[{"href":"https:\/\/www.europesays.com\/fi\/wp-json\/wp\/v2\/media?parent=99274"}],"wp:term":[{"taxonomy":"category","embeddable":true,"href":"https:\/\/www.europesays.com\/fi\/wp-json\/wp\/v2\/categories?post=99274"},{"taxonomy":"post_tag","embeddable":true,"href":"https:\/\/www.europesays.com\/fi\/wp-json\/wp\/v2\/tags?post=99274"}],"curies":[{"name":"wp","href":"https:\/\/api.w.org\/{rel}","templated":true}]}}