{"id":99292,"date":"2025-11-25T05:09:10","date_gmt":"2025-11-25T05:09:10","guid":{"rendered":"https:\/\/www.europesays.com\/fi\/99292\/"},"modified":"2025-11-25T05:09:10","modified_gmt":"2025-11-25T05:09:10","slug":"xl5-tekee-paluun-valtaa-nama-festarit-paikalliset","status":"publish","type":"post","link":"https:\/\/www.europesays.com\/fi\/99292\/","title":{"rendered":"XL5 tekee paluun! \u2013 valtaa n\u00e4m\u00e4 festarit | Paikalliset"},"content":{"rendered":"<p>1990-luvun suosituin poikab\u00e4ndi XL5 tekee paluun, ja b\u00e4ndi n\u00e4hd\u00e4\u00e4n tulevana kes\u00e4n\u00e4 festarikeikoilla.<\/p>\n<p>XL5:n perustamisesta tulee ensi vuonna kuluneeksi 30 vuotta. Juhlan kunniaksi 1990 luvulla villinnyt yhtye julkaisee uuden version Kaunis peto -j\u00e4ttihitist\u00e4\u00e4n. Sen on kuultavissa perjantaina 28. marraskuuta.<\/p>\n<p>XL5 tullaan n\u00e4kem\u00e4\u00e4n Helsinki City Festivaaleilla 14. kes\u00e4kuuta, Sein\u00e4joen Vauhtiajoissa 16. hein\u00e4kuuta., Tampere City Festivaaleilla 7. elokuuta ja Espoon Tapiola Festivaaleilla 15. elokuuta.<\/p>\n<p>\t\t<a class=\"diks-gallery__link\" href=\"https:\/\/i.media.fi\/incoming\/210483\/11166002.jpg\/alternates\/FREE_1440\/11166002.jpg\" data-thumbnail=\"\" data-sub-html=\"XL5 julkaisee t\u00e4ll\u00e4 viikolla uuden version j\u00e4ttihitist\u00e4\u00e4n. Numi Nummelin\" aria-label=\"Katso isompi kuva\" rel=\"nofollow noopener\" target=\"_blank\"><br \/>\n\t\t\t\t<img class=\"diks-figure__image\" src=\"https:\/\/www.europesays.com\/fi\/wp-content\/uploads\/2025\/11\/11166002.jpg\" loading=\"lazy\" decoding=\"sync\" alt=\"\"\/><\/p>\n<p>\t\t\t<\/a><br \/>\n\t\t\t\t\tXL5 julkaisee t\u00e4ll\u00e4 viikolla uuden version j\u00e4ttihitist\u00e4\u00e4n. Numi Nummelin<\/p>\n<p><strong class=\"diks-storyline__impact\">Paluusta<\/strong> tekee historiallisen se, ett\u00e4 mukana ovat ensimm\u00e4ist\u00e4 kertaa kaikki XL5:ss\u00e4 vaikuttaneet j\u00e4senet. XL5:n alkuper\u00e4iskokoonpanoon kuuluivat <strong>Mika Ikonen<\/strong>, <strong>Pete Tolonen<\/strong>, <strong>Jake Jokivalli<\/strong>, <strong>Elo Eloranta<\/strong> ja <strong>Jami Jaakkola<\/strong>.<\/p>\n<p>Vuonna 1996 perustettu XL5 oli 1990-luvun menestynein suomalainen poikab\u00e4ndi ja aikansa nuorisoilmi\u00f6, joka t\u00e4ytti salit, sai aikaan hysteriaa ja huutavia faneja.<\/p>\n<p>Yhtye julkaisi kaksi albumia \u2013 Pedon merkki (1995) ja J\u00e4\u00e4t\u00e4 ja tulta (1996). Ne myiv\u00e4t yhteens\u00e4 yli 50 000 kappaletta. Vuonna 2008 yhtye yritti comebackia ja julkaisi kolmannen albuminsa, joka sai nimen X.<\/p>\n<p>Sen j\u00e4lkeen Hyvink\u00e4\u00e4lt\u00e4 ponnistaneesta b\u00e4ndist\u00e4 juurikaan kuultu julkisuudessa.<\/p>\n<p>\t\t<a class=\"diks-gallery__link\" href=\"https:\/\/i.media.fi\/incoming\/x03l4k\/4206733.jpg\/alternates\/FREE_1440\/4206733.jpg\" data-thumbnail=\"\" data-sub-html=\"XL5 veti faneja keikoille ymp\u00e4ri Suomen. Kuva on vuodelta 1997 Etel\u00e4-Suomen Sanomien arkistosta. mwec\" aria-label=\"Katso isompi kuva\" rel=\"nofollow noopener\" target=\"_blank\"><br \/>\n\t\t\t\t<img class=\"diks-figure__image\" src=\"https:\/\/www.europesays.com\/fi\/wp-content\/uploads\/2025\/11\/4206733.jpg\" loading=\"lazy\" decoding=\"sync\" alt=\"\"\/><\/p>\n<p>\t\t\t<\/a><br \/>\n\t\t\t\t\tXL5 veti faneja keikoille ymp\u00e4ri Suomen. Kuva on vuodelta 1997 Etel\u00e4-Suomen Sanomien arkistosta. mwec<\/p>\n","protected":false},"excerpt":{"rendered":"1990-luvun suosituin poikab\u00e4ndi XL5 tekee paluun, ja b\u00e4ndi n\u00e4hd\u00e4\u00e4n tulevana kes\u00e4n\u00e4 festarikeikoilla. XL5:n perustamisesta tulee ensi vuonna kuluneeksi&hellip;\n","protected":false},"author":2,"featured_media":99293,"comment_status":"","ping_status":"","sticky":false,"template":"","format":"standard","meta":{"footnotes":""},"categories":[130],"tags":[137,33,31,30,104,47,141,680,32,484,2599,6688,109],"class_list":{"0":"post-99292","1":"post","2":"type-post","3":"status-publish","4":"format-standard","5":"has-post-thumbnail","7":"category-viihde","8":"tag-entertainment","9":"tag-fi","10":"tag-finland","11":"tag-finnish","12":"tag-helsinki","13":"tag-musiikki","14":"tag-muusikot-bandit","15":"tag-seinajoki","16":"tag-suomi","17":"tag-taiteellinen-ilmaisu-ja-mediat","18":"tag-tapahtumat-ja-tapahtumatiedot","19":"tag-tapiola-espoo","20":"tag-viihde"},"share_on_mastodon":{"url":"https:\/\/pubeurope.com\/@fi\/115608614715995346","error":""},"_links":{"self":[{"href":"https:\/\/www.europesays.com\/fi\/wp-json\/wp\/v2\/posts\/99292","targetHints":{"allow":["GET"]}}],"collection":[{"href":"https:\/\/www.europesays.com\/fi\/wp-json\/wp\/v2\/posts"}],"about":[{"href":"https:\/\/www.europesays.com\/fi\/wp-json\/wp\/v2\/types\/post"}],"author":[{"embeddable":true,"href":"https:\/\/www.europesays.com\/fi\/wp-json\/wp\/v2\/users\/2"}],"replies":[{"embeddable":true,"href":"https:\/\/www.europesays.com\/fi\/wp-json\/wp\/v2\/comments?post=99292"}],"version-history":[{"count":0,"href":"https:\/\/www.europesays.com\/fi\/wp-json\/wp\/v2\/posts\/99292\/revisions"}],"wp:featuredmedia":[{"embeddable":true,"href":"https:\/\/www.europesays.com\/fi\/wp-json\/wp\/v2\/media\/99293"}],"wp:attachment":[{"href":"https:\/\/www.europesays.com\/fi\/wp-json\/wp\/v2\/media?parent=99292"}],"wp:term":[{"taxonomy":"category","embeddable":true,"href":"https:\/\/www.europesays.com\/fi\/wp-json\/wp\/v2\/categories?post=99292"},{"taxonomy":"post_tag","embeddable":true,"href":"https:\/\/www.europesays.com\/fi\/wp-json\/wp\/v2\/tags?post=99292"}],"curies":[{"name":"wp","href":"https:\/\/api.w.org\/{rel}","templated":true}]}}