{"id":99300,"date":"2025-11-25T05:15:08","date_gmt":"2025-11-25T05:15:08","guid":{"rendered":"https:\/\/www.europesays.com\/fi\/99300\/"},"modified":"2025-11-25T05:15:08","modified_gmt":"2025-11-25T05:15:08","slug":"analyysi-xi-kokeilee-poikkeuksellisella-puhelulla-voisiko-yhdysvaltain-taiwan-tukea-horjuttaa-ulkomaat","status":"publish","type":"post","link":"https:\/\/www.europesays.com\/fi\/99300\/","title":{"rendered":"Analyysi: Xi kokeilee poikkeuksellisella puhelulla, voisiko Yhdysvaltain Taiwan-tukea horjuttaa | Ulkomaat"},"content":{"rendered":"<p class=\"aw-1gybjub aw-1p7kakr kEtdKx cEmitX yle__article__paragraph\"><strong class=\"aw-ak79eh KyCXm yle__article__strong\">PEKING<\/strong> Kiinan presidentti <strong class=\"aw-ak79eh KyCXm yle__article__strong\">Xi Jinping<\/strong> soitti maanantai-iltana Yhdysvaltain presidentille <strong class=\"aw-ak79eh KyCXm yle__article__strong\">Donald Trumpille<\/strong>.<\/p>\n<p class=\"aw-1gybjub aw-1p7kakr kEtdKx cEmitX yle__article__paragraph\">T\u00e4llainen Kiinan toiminta on ep\u00e4tavallista.<\/p>\n<p class=\"aw-1gybjub aw-1p7kakr kEtdKx cEmitX yle__article__paragraph\">The Wall Street Journal -lehden mukaan Kiina on ollut aloitteellinen yhteydenottoon Yhdysvaltain presidentin kanssa viimeksi syyskuun 2001 terrori-iskujen j\u00e4lkeen.<\/p>\n<p class=\"aw-1gybjub aw-1p7kakr kEtdKx cEmitX yle__article__paragraph\">Nyt Xill\u00e4 oli t\u00e4rke\u00e4\u00e4 asiaa, josta toiselle suurvaltajohtajalle oli p\u00e4\u00e4st\u00e4v\u00e4 puhumaan. Asia oli Taiwan.<\/p>\n<p class=\"aw-1gybjub aw-1p7kakr kEtdKx cEmitX yle__article__paragraph\">Parin viime viikon aikana Kiinaa on kiehuttanut Japanin p\u00e4\u00e4ministerin <strong class=\"aw-ak79eh KyCXm yle__article__strong\">Sanae Takaichin<\/strong> \u00e4\u00e4neen pohdinnat Taiwanin asemasta ja Japanin tuesta sille.<\/p>\n<p class=\"aw-1gybjub aw-1p7kakr kEtdKx cEmitX yle__article__paragraph\">Yhdysvaltain liittolainen katsoo, ett\u00e4 Kiinan mahdollinen yritys liitt\u00e4\u00e4 Taiwan itseens\u00e4 sotilaallisin pakkokeinoin voi aiheuttaa sotilaallisen reaktion Japanin puolelta.<\/p>\n<p class=\"aw-1gybjub aw-1p7kakr kEtdKx cEmitX yle__article__paragraph\">T\u00e4m\u00e4 on ajanut Kiinan ja Japanin suhteet pahimpaan diplomaattiseen umpisolmuun vuosikausiin.<\/p>\n<p class=\"aw-1gybjub aw-1p7kakr kEtdKx cEmitX yle__article__paragraph\"><strong class=\"aw-ak79eh KyCXm yle__article__strong\">Kiinan virallisen tiedonannon mukaan<\/strong> Xi selvensi puhelussa Trumpille n\u00e4kemyksens\u00e4 Taiwanin asemasta. Kahdenkeskisess\u00e4 tapaamisessa viime kuussa Taiwanista asia j\u00e4i puhumatta.<\/p>\n<p class=\"aw-1gybjub aw-1p7kakr kEtdKx cEmitX yle__article__paragraph\">\u2013 Taiwanin palaaminen osaksi Kiinaa on t\u00e4rke\u00e4 osa sodanj\u00e4lkeist\u00e4 kansainv\u00e4list\u00e4 j\u00e4rjestyst\u00e4, Xi sanoi Kiinan valtiollisten tiedotusv\u00e4lineiden mukaan.<\/p>\n<p class=\"aw-1gybjub aw-1p7kakr kEtdKx cEmitX yle__article__paragraph\">Xi my\u00f6s muistutti Trumpia, ett\u00e4 maat olivat liittolaisia toisessa maailmansodassa \u201dfasismia ja militarismia vastaan\u201d.<\/p>\n<p class=\"aw-1gybjub aw-1p7kakr kEtdKx cEmitX yle__article__paragraph\">T\u00e4m\u00e4 luonnehdinta ei ole sattumanvaraista, sill\u00e4 Kiina tapaa liitt\u00e4\u00e4 t\u00e4m\u00e4n mukaan puheisiin my\u00f6s nyky-Japanista.<\/p>\n<p class=\"aw-1gybjub aw-1p7kakr kEtdKx cEmitX yle__article__paragraph\">Kiinan mukaan Trump oli sanonut \u201dymm\u00e4rt\u00e4v\u00e4ns\u00e4 Taiwanin t\u00e4rkeyden Kiinalle\u201d. Kiina katsoo, ett\u00e4 Taiwan on osa sit\u00e4 ja on olemassa vain yksi Kiina.<\/p>\n<p class=\"aw-1gybjub aw-1p7kakr kEtdKx cEmitX yle__article__paragraph\"><strong class=\"aw-ak79eh KyCXm yle__article__strong\">Omassa sosiaalisen median<\/strong> ulostulossaan Trump ei sanonut yht\u00e4\u00e4n mit\u00e4\u00e4n Taiwanista tai Kiinan ja Japanin v\u00e4lien kylmenemisest\u00e4.<\/p>\n<p class=\"aw-1gybjub aw-1p7kakr kEtdKx cEmitX yle__article__paragraph\">T\u00e4m\u00e4 liittolaisen hiljaisuus kiper\u00e4st\u00e4 aiheesta poikkeuksellisen puhelun j\u00e4lkeen her\u00e4tti huomiota It\u00e4-Aasiassa, miss\u00e4 Yhdysvaltain sitoutuminen liittolaisiinsa on ennest\u00e4\u00e4n huolenaihe.<\/p>\n<p class=\"aw-1gybjub aw-1p7kakr kEtdKx cEmitX yle__article__paragraph\">Tiistaiaamuna Trump ja Takaichi puhuivatkin puhelimessa, jotta Japani sai tiet\u00e4\u00e4 keskustelun sis\u00e4ll\u00f6st\u00e4 Xin kanssa.<\/p>\n<p>Japanin p\u00e4\u00e4ministeri Sanae Takaichi avasi lyhyesti puhuluaan Trumpin kanssa tiistaiaamuna.<\/p>\n<p class=\"aw-1gybjub aw-1p7kakr kEtdKx cEmitX yle__article__paragraph\">Takaichi sanoo j\u00e4\u00e4neens\u00e4 k\u00e4sitykseen, ett\u00e4 liittolaisuus on vahvaa.<\/p>\n<p class=\"aw-1gybjub aw-1p7kakr kEtdKx cEmitX yle__article__paragraph\">Yhdysvaltain ulkoministeri\u00f6 on kiistan aikana sanonut tuen olevan j\u00e4rk\u00e4ht\u00e4m\u00e4t\u00f6n Yhdysvaltain ja Japanin liittolaissuhteelle. Sen mukaan Yhdysvallat vastustaa tiukasti yksipuolisia yrityksi\u00e4 muuttaa vallitsevaa tilannetta Taiwaninsalmessa.<\/p>\n<p class=\"aw-1gybjub aw-1p7kakr kEtdKx cEmitX yle__article__paragraph\">Ulkoministeri\u00f6 ei kuitenkaan ole Valkoinen talo.<\/p>\n<p class=\"aw-1gybjub aw-1p7kakr kEtdKx cEmitX yle__article__paragraph\"><strong class=\"aw-ak79eh KyCXm yle__article__strong\">Trump on edelt\u00e4jist\u00e4\u00e4n poiketen<\/strong> v\u00e4ltellyt suoraan sanomasta, puuttuisiko Yhdysvallat sotilaallisesti, jos Kiina yritt\u00e4isi vallata Taiwanin.<\/p>\n<p class=\"aw-1gybjub aw-1p7kakr kEtdKx cEmitX yle__article__paragraph\">Trumpin mukaan julkinen kommentointi heikent\u00e4isi h\u00e4nen neuvotteluasemaansa Xin kanssa esimerkiksi kauppakysymyksiss\u00e4.<\/p>\n<p class=\"aw-1gybjub aw-1p7kakr kEtdKx cEmitX yle__article__paragraph\">Trumpin mukaan Xi olisi aiemmin luvannut, ett\u00e4 Kiina ei yritt\u00e4isi Taiwanin valtausta h\u00e4nen virkakautensa aikana. Kiina ei ole t\u00e4llaisen lupauksen antamista vahvistanut.<\/p>\n<p class=\"aw-1gybjub aw-1p7kakr kEtdKx cEmitX yle__article__paragraph\">Xin ukaasin mukaan Kiinan armeijan tulee olla vuonna 2027 sellaisessa iskukyvyss\u00e4, jotta koska tahansa sen j\u00e4lkeen poliittinen johto voisi p\u00e4\u00e4tt\u00e4\u00e4 jopa voimakeinoista Taiwanin liitt\u00e4miseksi osaksi Kiinaa.<\/p>\n<p class=\"aw-1gybjub aw-1p7kakr kEtdKx cEmitX yle__article__paragraph\"><strong class=\"aw-ak79eh KyCXm yle__article__strong\">Xi n\u00e4kee, ett\u00e4 nyt voi olla hyv\u00e4 hetki<\/strong> tehd\u00e4 strateginen avaus, jolla vaikuttaa Trumpin ajatteluun Taiwanista.<\/p>\n<p class=\"aw-1gybjub aw-1p7kakr kEtdKx cEmitX yle__article__paragraph\">Takana on suhteellisen onnistunut huipputapaaminen, pahimmista tulleista on p\u00e4\u00e4sty eroon, kauppa maiden v\u00e4lill\u00e4 elpyy, vastavuoroisista valtiovierailuista on sovittu ja Yhdysvaltain bisnespresidentti hyrisee tyytyv\u00e4isyydest\u00e4.<\/p>\n<p class=\"aw-1gybjub aw-1p7kakr kEtdKx cEmitX yle__article__paragraph\">Kiina my\u00f6s n\u00e4kee, kuinka Euroopassa Yhdysvallat irtaantuu perinteisist\u00e4 liittolaisistaan ja vaikuttaa Ukrainan rauhanponnisteluissa ymm\u00e4rt\u00e4v\u00e4n paremmin Ven\u00e4j\u00e4\u00e4. Miksi siis ei n\u00e4in voisi k\u00e4yd\u00e4 my\u00f6s Aasiassa?<\/p>\n<p class=\"aw-1gybjub aw-1p7kakr kEtdKx cEmitX yle__article__paragraph\">Avauksella Xi pohjustaa huhtikuussa tapahtuvaa Trumpin valtiovierailua. Silloin h\u00e4n todenn\u00e4k\u00f6isesti pyrkii ohjaamaan Trumpia siihen, ett\u00e4 Yhdysvallat virallisesti sanoo vastustavansa Taiwanin itsen\u00e4isyytt\u00e4 ja tukevansa rauhanomaista yhdistymist\u00e4.<\/p>\n<p class=\"aw-1gybjub aw-1p7kakr kEtdKx cEmitX yle__article__paragraph\"><strong class=\"aw-ak79eh KyCXm yle__article__strong\">Puhelussa Trump otti my\u00f6s<\/strong> Ukrainan esiin. Kiinalla voi olla rauhansopimuksesta neuvoteltaessa halua aktivoitua.<\/p>\n<p class=\"aw-1gybjub aw-1p7kakr kEtdKx cEmitX yle__article__paragraph\">Se on v\u00e4itt\u00e4nyt olevansa puolueeton, mutta tukenut sodan aikana Ven\u00e4j\u00e4\u00e4 diplomaattisesti ja taloudellisesti.<\/p>\n<p class=\"aw-1gybjub aw-1p7kakr kEtdKx cEmitX yle__article__paragraph\">Kiina ymm\u00e4rt\u00e4\u00e4 Ven\u00e4j\u00e4\u00e4 eik\u00e4 halua sopimukseen sellaista, jota voitaisiin kielteisesti rinnastaa sen omiin pyrkimyksiin liitt\u00e4\u00e4 Taiwan itseens\u00e4.<\/p>\n<p class=\"aw-1gybjub aw-1p7kakr kEtdKx cEmitX yle__article__paragraph\">Kun Kiina nyt muistuttaa Trumpia liittolaisuudesta \u201dfasismia ja militarismia\u201d vastaan Japanista puhuessaan, se on samaa virtt\u00e4, jota Ven\u00e4j\u00e4 veisaa Ukrainasta.<\/p>\n","protected":false},"excerpt":{"rendered":"PEKING Kiinan presidentti Xi Jinping soitti maanantai-iltana Yhdysvaltain presidentille Donald Trumpille. T\u00e4llainen Kiinan toiminta on ep\u00e4tavallista. The Wall&hellip;\n","protected":false},"author":2,"featured_media":99301,"comment_status":"","ping_status":"","sticky":false,"template":"","format":"standard","meta":{"footnotes":""},"categories":[5],"tags":[22,23,585,26,27,33,31,30,17,1343,70,510,24,25,28,29,15,18,21,14988,32,3019,19,20,56,16,7744,619],"class_list":{"0":"post-99300","1":"post","2":"type-post","3":"status-publish","4":"format-standard","5":"has-post-thumbnail","7":"category-otsikot","8":"tag-breaking-news","9":"tag-breakingnews","10":"tag-donald-trump","11":"tag-featured-news","12":"tag-featurednews","13":"tag-fi","14":"tag-finland","15":"tag-finnish","16":"tag-headlines","17":"tag-japani","18":"tag-kansainvalinen-politiikka","19":"tag-kiina","20":"tag-latest-news","21":"tag-latestnews","22":"tag-main-news","23":"tag-mainnews","24":"tag-news","25":"tag-otsikot","26":"tag-paauutiset","27":"tag-sanae-takaichi","28":"tag-suomi","29":"tag-taiwan","30":"tag-top-stories","31":"tag-topstories","32":"tag-ulkomaat","33":"tag-uutiset","34":"tag-xi-jinping","35":"tag-yhdysvallat"},"share_on_mastodon":{"url":"https:\/\/pubeurope.com\/@fi\/115608638152500475","error":""},"_links":{"self":[{"href":"https:\/\/www.europesays.com\/fi\/wp-json\/wp\/v2\/posts\/99300","targetHints":{"allow":["GET"]}}],"collection":[{"href":"https:\/\/www.europesays.com\/fi\/wp-json\/wp\/v2\/posts"}],"about":[{"href":"https:\/\/www.europesays.com\/fi\/wp-json\/wp\/v2\/types\/post"}],"author":[{"embeddable":true,"href":"https:\/\/www.europesays.com\/fi\/wp-json\/wp\/v2\/users\/2"}],"replies":[{"embeddable":true,"href":"https:\/\/www.europesays.com\/fi\/wp-json\/wp\/v2\/comments?post=99300"}],"version-history":[{"count":0,"href":"https:\/\/www.europesays.com\/fi\/wp-json\/wp\/v2\/posts\/99300\/revisions"}],"wp:featuredmedia":[{"embeddable":true,"href":"https:\/\/www.europesays.com\/fi\/wp-json\/wp\/v2\/media\/99301"}],"wp:attachment":[{"href":"https:\/\/www.europesays.com\/fi\/wp-json\/wp\/v2\/media?parent=99300"}],"wp:term":[{"taxonomy":"category","embeddable":true,"href":"https:\/\/www.europesays.com\/fi\/wp-json\/wp\/v2\/categories?post=99300"},{"taxonomy":"post_tag","embeddable":true,"href":"https:\/\/www.europesays.com\/fi\/wp-json\/wp\/v2\/tags?post=99300"}],"curies":[{"name":"wp","href":"https:\/\/api.w.org\/{rel}","templated":true}]}}