{"id":99312,"date":"2025-11-25T05:39:09","date_gmt":"2025-11-25T05:39:09","guid":{"rendered":"https:\/\/www.europesays.com\/fi\/99312\/"},"modified":"2025-11-25T05:39:09","modified_gmt":"2025-11-25T05:39:09","slug":"kiistanalainen-gaza-humanitarian-foundation-jarjesto-ilmoitti-lopettavansa-toimintansa-gazassa","status":"publish","type":"post","link":"https:\/\/www.europesays.com\/fi\/99312\/","title":{"rendered":"Kiistanalainen Gaza Humanitarian Foundation -j\u00e4rjest\u00f6 ilmoitti lopettavansa toimintansa Gazassa"},"content":{"rendered":"<p>Gaza|YK:n mukaan yli 2 000 ihmist\u00e4 kuoli hakiessaan ruokaa GHF:n jakelupaikoilla, niiden l\u00e4heisyydess\u00e4 tai reiteill\u00e4, kertoi CNN.<\/p>\n<p>24.11. 19:06 | P\u00e4ivitetty 24.11. 19:59<\/p>\n<p class=\"article-body mb-nof-24 px-nof-16\">Yhdysvaltojen ja Israelin tukema Gaza Humanitarian Foundation -j\u00e4rjest\u00f6 (GHF) ilmoitti maanantaina lopettavansa toimintansa Gazassa.<\/p>\n<p class=\"article-body mb-nof-24 px-nof-16\">Kiistanalainen j\u00e4rjest\u00f6 on jakanut avustuksia Gazassa nelj\u00e4ll\u00e4 avustuspisteell\u00e4.<\/p>\n<p class=\"article-body mb-nof-24 px-nof-16\">GHF sanoi lausunnossaan jakaneensa yli 187 miljoonaa ilmaista ateriaa Gazan siviileille. YK on arvostellut yksityisen j\u00e4rjest\u00f6n toimintaa ja sen jakamia avustuksia t\u00e4ysin riitt\u00e4m\u00e4tt\u00f6miksi.<\/p>\n<p class=\"article-body mb-nof-24 px-nof-16\">Yksityinen GHF otti p\u00e4\u00e4vastuun Gazan avustusten jakamisesta toukokuun lopulla. T\u00e4t\u00e4 ennen Israel oli est\u00e4nyt humanitaarisen avun p\u00e4\u00e4syn Gazaan usean kuukauden ajan. YK:n ja muiden j\u00e4rjest\u00f6jen mukaan Israel on k\u00e4ytt\u00e4nyt n\u00e4lk\u00e4\u00e4 sodank\u00e4ynnin v\u00e4lineen\u00e4 palestiinalaisia vastaan.<\/p>\n<p class=\"article-body mb-nof-24 px-nof-16\">J\u00e4rjest\u00f6n avustuspisteill\u00e4 on tapahtunut paljon v\u00e4kivaltaisuuksia. Pisteit\u00e4 ovat suojanneet yksityiset sotilaalliset toimijat sek\u00e4 Israelin asevoimat.<\/p>\n<p class=\"article-body mb-nof-24 px-nof-16\">YK:n mukaan yli 2\u2009000 ihmist\u00e4 on kuollut v\u00e4likohtauksissa hakiessaan ruokaa GHF:n jakelupaikoilla, niiden l\u00e4heisyydess\u00e4 tai reiteill\u00e4, <a class=\"article-genericlink\" href=\"https:\/\/edition.cnn.com\/2025\/11\/24\/middleeast\/gaza-humanitarian-foundation-to-close-intl\" rel=\"nofollow noopener\" target=\"_blank\">kertoi CNN.<\/a><\/p>\n<p class=\"article-body mb-nof-24 px-nof-16\">Ihmisoikeusj\u00e4rjest\u00f6 Human Rights Watch <a class=\"article-genericlink\" href=\"https:\/\/www.hrw.org\/news\/2025\/08\/01\/gaza-israeli-killings-of-palestinians-seeking-food-are-war-crimes\" rel=\"nofollow noopener\" target=\"_blank\">tuomitsi<\/a> elokuussa Israelin joukkojen toiminnan Gazan avustustenjakopaikoilla. Ihmisoikeusj\u00e4rjest\u00f6n mukaan toimet olivat kansainv\u00e4lisen oikeuden vastaisia ja t\u00e4yttiv\u00e4t sotarikosten tunnusmerkit.<\/p>\n<p class=\"article-body mb-nof-24 px-nof-16\">GHF:n puutteellinen ja sotilaallinen avustustenjakoj\u00e4rjestelm\u00e4 on tehnyt avustusten jakamisesta toistuvia veril\u00f6ylyj\u00e4, Human Rights Watch sanoi.<\/p>\n<p class=\"article-body mb-nof-24 px-nof-16\">Sen sijaan Yhdysvaltain ulkoministeri\u00f6n edustaja <a class=\"article-personlink\" href=\"https:\/\/www.hs.fi\/haku\/?query=Tommy%20Pigott\" rel=\"nofollow noopener\" target=\"_blank\">Tommy Pigott <\/a>kiitti GHF:\u00e4\u00e4 maanantaina, kertoi CNN.<\/p>\n<p class=\"article-body mb-nof-24 px-nof-16\">\u201dGHF:n jakelumalli, jossa Hamas ei en\u00e4\u00e4 voinut ry\u00f6st\u00e4\u00e4 ja hy\u00f6ty\u00e4 avun varastamisesta, oli valtavan t\u00e4rke\u00e4ss\u00e4 roolissa Hamasin saamisessa neuvottelup\u00f6yt\u00e4\u00e4n ja tulitauon saavuttamisessa. &#8211; &#8211; Kiit\u00e4mme heit\u00e4 kaikesta siit\u00e4, mit\u00e4 he antoivat gazalaisille.\u201d<\/p>\n","protected":false},"excerpt":{"rendered":"Gaza|YK:n mukaan yli 2 000 ihmist\u00e4 kuoli hakiessaan ruokaa GHF:n jakelupaikoilla, niiden l\u00e4heisyydess\u00e4 tai reiteill\u00e4, kertoi CNN. 24.11.&hellip;\n","protected":false},"author":2,"featured_media":96697,"comment_status":"","ping_status":"","sticky":false,"template":"","format":"standard","meta":{"footnotes":""},"categories":[14],"tags":[22,23,26,27,33,31,30,17,46,24,25,28,29,15,18,21,32,19,20,56,16,59,60,61],"class_list":{"0":"post-99312","1":"post","2":"type-post","3":"status-publish","4":"format-standard","5":"has-post-thumbnail","7":"category-ulkomaat","8":"tag-breaking-news","9":"tag-breakingnews","10":"tag-featured-news","11":"tag-featurednews","12":"tag-fi","13":"tag-finland","14":"tag-finnish","15":"tag-headlines","16":"tag-helsingin-sanomat","17":"tag-latest-news","18":"tag-latestnews","19":"tag-main-news","20":"tag-mainnews","21":"tag-news","22":"tag-otsikot","23":"tag-paauutiset","24":"tag-suomi","25":"tag-top-stories","26":"tag-topstories","27":"tag-ulkomaat","28":"tag-uutiset","29":"tag-world","30":"tag-world-news","31":"tag-worldnews"},"share_on_mastodon":{"url":"https:\/\/pubeurope.com\/@fi\/115608732639989572","error":""},"_links":{"self":[{"href":"https:\/\/www.europesays.com\/fi\/wp-json\/wp\/v2\/posts\/99312","targetHints":{"allow":["GET"]}}],"collection":[{"href":"https:\/\/www.europesays.com\/fi\/wp-json\/wp\/v2\/posts"}],"about":[{"href":"https:\/\/www.europesays.com\/fi\/wp-json\/wp\/v2\/types\/post"}],"author":[{"embeddable":true,"href":"https:\/\/www.europesays.com\/fi\/wp-json\/wp\/v2\/users\/2"}],"replies":[{"embeddable":true,"href":"https:\/\/www.europesays.com\/fi\/wp-json\/wp\/v2\/comments?post=99312"}],"version-history":[{"count":0,"href":"https:\/\/www.europesays.com\/fi\/wp-json\/wp\/v2\/posts\/99312\/revisions"}],"wp:featuredmedia":[{"embeddable":true,"href":"https:\/\/www.europesays.com\/fi\/wp-json\/wp\/v2\/media\/96697"}],"wp:attachment":[{"href":"https:\/\/www.europesays.com\/fi\/wp-json\/wp\/v2\/media?parent=99312"}],"wp:term":[{"taxonomy":"category","embeddable":true,"href":"https:\/\/www.europesays.com\/fi\/wp-json\/wp\/v2\/categories?post=99312"},{"taxonomy":"post_tag","embeddable":true,"href":"https:\/\/www.europesays.com\/fi\/wp-json\/wp\/v2\/tags?post=99312"}],"curies":[{"name":"wp","href":"https:\/\/api.w.org\/{rel}","templated":true}]}}