{"id":99317,"date":"2025-11-25T05:53:09","date_gmt":"2025-11-25T05:53:09","guid":{"rendered":"https:\/\/www.europesays.com\/fi\/99317\/"},"modified":"2025-11-25T05:53:09","modified_gmt":"2025-11-25T05:53:09","slug":"lily-rose-depp-ja-aaron-taylor-johnson-hurja-muodonmuutos","status":"publish","type":"post","link":"https:\/\/www.europesays.com\/fi\/99317\/","title":{"rendered":"Lily-Rose Depp ja Aaron Taylor-Johnson: Hurja muodonmuutos"},"content":{"rendered":"<p class=\"article-content article-content-width !bg-background\"><a alt=\"Haku\" class=\"text-primary-red font-extrabold\" href=\"https:\/\/www.seiska.fi\/haku?q=Robert Eggersin\" rel=\"nofollow noopener\" target=\"_blank\">Robert Eggersin<\/a> (The Witch, The Lighthouse) uuden kauhuelokuvan Werwulf kuvaukset ovat parhaillaan k\u00e4ynniss\u00e4 Bourne Wood -nimisell\u00e4 paikkakunnalla Englannissa. Julkisuuteen vuotaneiden kuvien perusteella Eggers on tekem\u00e4ss\u00e4 toistaiseksi synkint\u00e4 luomustaan.<\/p>\n<p class=\"article-content article-content-width !bg-background\">Jo aiemmin <a href=\"https:\/\/www.tmz.com\/photos\/2025\/11\/20\/aaron-taylor-johnson-covers-shredded-pecs-with-fake-blood-for-werwulf\/\" target=\"_blank\" rel=\"nofollow noopener\">TMZ-sivustolla<\/a> julkaistuissa kuvissa n\u00e4hd\u00e4\u00e4n, kuinka yl\u00e4osaton <a alt=\"Haku\" class=\"text-primary-red font-extrabold\" href=\"https:\/\/www.seiska.fi\/haku?q=Aaron Taylor-Johnson\" rel=\"nofollow noopener\" target=\"_blank\">Aaron Taylor-Johnson<\/a> juoksee vereen tahriutuneena ymp\u00e4riins\u00e4 el\u00e4imellisess\u00e4 mielentilassa.<\/p>\n<p class=\"article-content article-content-width !bg-background\">Nyt my\u00f6s <a alt=\"Haku\" class=\"text-primary-red font-extrabold\" href=\"https:\/\/www.seiska.fi\/haku?q=Lily-Rose Deppista\" rel=\"nofollow noopener\" target=\"_blank\">Lily-Rose Deppista<\/a>\u00a0on julkaistu kuvia, jotka h\u00e4tk\u00e4hdytt\u00e4v\u00e4t. Niiss\u00e4 <a alt=\"Haku\" class=\"text-primary-red font-extrabold\" href=\"https:\/\/www.seiska.fi\/haku?q=Johnny Deppin\" rel=\"nofollow noopener\" target=\"_blank\">Johnny Deppin<\/a> ja <a alt=\"Haku\" class=\"text-primary-red font-extrabold\" href=\"https:\/\/www.seiska.fi\/haku?q=Vanessa Paradiksen\" rel=\"nofollow noopener\" target=\"_blank\">Vanessa Paradiksen<\/a> kuvankaunis tyt\u00e4r n\u00e4ytt\u00e4\u00e4 l\u00e4hes tunnistamattomalta rujon maskeerauksensa alla.<\/p>\n<p>Synkk\u00e4\u00e4kin synkempi tarina<\/p>\n<p class=\"article-content article-content-width !bg-background\">Werwulf on 1200-luvun Englantiin sijoittuva goottikauhuelokuva, jonka juonesta ei tiedet\u00e4 viel\u00e4 muuta kuin sen ihmissusiteema. Eggersin ja islantilaisen <a alt=\"Haku\" class=\"text-primary-red font-extrabold\" href=\"https:\/\/www.seiska.fi\/haku?q=Sj\u00f3nin\" rel=\"nofollow noopener\" target=\"_blank\">Sj\u00f3nin<\/a> (The Northman) k\u00e4sikirjoittaman elokuvan p\u00e4\u00e4osissa n\u00e4hd\u00e4\u00e4n Deppin ja Taylor-Johnsonin lis\u00e4ksi <a alt=\"Haku\" class=\"text-primary-red font-extrabold\" href=\"https:\/\/www.seiska.fi\/haku?q=Willem Dafoe\" rel=\"nofollow noopener\" target=\"_blank\">Willem Dafoe<\/a> ja <a alt=\"Haku\" class=\"text-primary-red font-extrabold\" href=\"https:\/\/www.seiska.fi\/haku?q=Ralph Ineson\" rel=\"nofollow noopener\" target=\"_blank\">Ralph Ineson<\/a>.<\/p>\n<p class=\"article-content article-content-width !bg-background\">Kaikki nelj\u00e4 n\u00e4yttelij\u00e4\u00e4 n\u00e4htiin my\u00f6s Nosferatussa, joka nosti Eggersin lopullisesti huippuohjaajien luokkaan. Nelj\u00e4 Oscar-ehdokkuutta ja loistavat arvostelut ker\u00e4nnyt vampyyridraama tuotti maailmanlaajuisesti yli 180 miljoonaa dollaria.<\/p>\n<p class=\"article-content article-content-width !bg-background\">Eggers on itse kutsunut Werwulfia synkimm\u00e4ksi tarinaksi, joka h\u00e4n on koskaan luonut. My\u00f6s yksi elokuvan \u00e4\u00e4nisuunnittelijoista kertoi tarvinneensa halauksen luettuaan k\u00e4sikirjoituksen.<\/p>\n<p class=\"article-content article-content-width !bg-background\">Poikkeuksellisesti 35 mm:lle filmille ja klassisella 1.37:1-kuvasuhteella kuvattava elokuva saa ensi-iltansa maailmanlaajuisesti 25. joulukuuta 2026.<\/p>\n<p class=\"article-content article-content-width !bg-background\">Nosferatu on parhaillaan katsottavissa SkyShowtime-palvelussa.<\/p>\n","protected":false},"excerpt":{"rendered":"Robert Eggersin (The Witch, The Lighthouse) uuden kauhuelokuvan Werwulf kuvaukset ovat parhaillaan k\u00e4ynniss\u00e4 Bourne Wood -nimisell\u00e4 paikkakunnalla Englannissa.&hellip;\n","protected":false},"author":2,"featured_media":99318,"comment_status":"","ping_status":"","sticky":false,"template":"","format":"standard","meta":{"footnotes":""},"categories":[136],"tags":[19167,6834,407,1774,137,33,31,30,19166,408,3754,4142,11434,19165,6835,32,19164,19163,13624,109,6836,15619],"class_list":{"0":"post-99317","1":"post","2":"type-post","3":"status-publish","4":"format-standard","5":"has-post-thumbnail","7":"category-julkkikset","8":"tag-1200-luku","9":"tag-aaron-taylor-johnson","10":"tag-celebrities","11":"tag-englanti","12":"tag-entertainment","13":"tag-fi","14":"tag-finland","15":"tag-finnish","16":"tag-ihmissusi","17":"tag-julkkikset","18":"tag-kauhuelokuva","19":"tag-lily-rose-depp","20":"tag-nosferatu","21":"tag-ralph-ineson","22":"tag-robert-eggers","23":"tag-suomi","24":"tag-the-lighthouse","25":"tag-the-northman","26":"tag-the-witch","27":"tag-viihde","28":"tag-werwulf","29":"tag-willem-dafoe"},"share_on_mastodon":{"url":"https:\/\/pubeurope.com\/@fi\/115608787538360953","error":""},"_links":{"self":[{"href":"https:\/\/www.europesays.com\/fi\/wp-json\/wp\/v2\/posts\/99317","targetHints":{"allow":["GET"]}}],"collection":[{"href":"https:\/\/www.europesays.com\/fi\/wp-json\/wp\/v2\/posts"}],"about":[{"href":"https:\/\/www.europesays.com\/fi\/wp-json\/wp\/v2\/types\/post"}],"author":[{"embeddable":true,"href":"https:\/\/www.europesays.com\/fi\/wp-json\/wp\/v2\/users\/2"}],"replies":[{"embeddable":true,"href":"https:\/\/www.europesays.com\/fi\/wp-json\/wp\/v2\/comments?post=99317"}],"version-history":[{"count":0,"href":"https:\/\/www.europesays.com\/fi\/wp-json\/wp\/v2\/posts\/99317\/revisions"}],"wp:featuredmedia":[{"embeddable":true,"href":"https:\/\/www.europesays.com\/fi\/wp-json\/wp\/v2\/media\/99318"}],"wp:attachment":[{"href":"https:\/\/www.europesays.com\/fi\/wp-json\/wp\/v2\/media?parent=99317"}],"wp:term":[{"taxonomy":"category","embeddable":true,"href":"https:\/\/www.europesays.com\/fi\/wp-json\/wp\/v2\/categories?post=99317"},{"taxonomy":"post_tag","embeddable":true,"href":"https:\/\/www.europesays.com\/fi\/wp-json\/wp\/v2\/tags?post=99317"}],"curies":[{"name":"wp","href":"https:\/\/api.w.org\/{rel}","templated":true}]}}