{"id":99319,"date":"2025-11-25T05:56:09","date_gmt":"2025-11-25T05:56:09","guid":{"rendered":"https:\/\/www.europesays.com\/fi\/99319\/"},"modified":"2025-11-25T05:56:09","modified_gmt":"2025-11-25T05:56:09","slug":"pirkanmaalla-ja-keski-suomessa-tehovalvonta-tasta-kyse","status":"publish","type":"post","link":"https:\/\/www.europesays.com\/fi\/99319\/","title":{"rendered":"Pirkanmaalla ja Keski-Suomessa tehovalvonta &#8211; t\u00e4st\u00e4 kyse"},"content":{"rendered":"<p>Sis\u00e4-Suomen poliisilaitos valvoo tehostetusti liikennett\u00e4 valtatiell\u00e4 9 ajalla 17.11. \u2013 7.12.2025. Ensimm\u00e4inen valvontaviikko jo osoitti, ett\u00e4 valvonta on tarpeen.<\/p>\n<p>Valtatie 9 kulkee sek\u00e4 Pirkanmaan ett\u00e4 Keski-Suomen alueella ja molemmilla alueilla tapahtuva tehostettu valvonta kohdentuu erityisesti nopeus- ja ajotapavalvontaan, rattijuopumusvalvontaan sek\u00e4 raskaan liikenteen valvontaan. Tehostettua valvontaa tehd\u00e4\u00e4n ymp\u00e4ri vuorokauden.<\/p>\n<p>Lue my\u00f6s: <a href=\"https:\/\/www.como.fi\/uutiset\/keski-suomen-poliisilla-asiaa-vaikka-tama-paattyikin-niin\/\" title=\"Keski-Suomen poliisilla asiaa: \u201dVaikka t\u00e4m\u00e4 p\u00e4\u00e4ttyikin, niin\u2026\u201d\" class=\"underline-custom !font-montserrat !font-bold !underline-offset-4 !decoration-4 !decoration-red-600 !text-md\" rel=\"nofollow noopener\" target=\"_blank\">Keski-Suomen poliisilla asiaa: \u201dVaikka t\u00e4m\u00e4 p\u00e4\u00e4ttyikin, niin\u2026\u201d<\/a><\/p>\n<p>Valvonnan ensimm\u00e4isen viikon aikana poliisi on kirjannut kuljettajille jo 97 sakkoa ja 45 liikennevirhemaksua. Liikenteest\u00e4 on lis\u00e4ksi tavoitettu kolme p\u00e4ihtynytt\u00e4 kuljettajaa ja nelj\u00e4 etsint\u00e4kuulutettua henkil\u00f6\u00e4, sek\u00e4 kirjattu yhdelle ampuma-aserikos.<\/p>\n<p>\u2013 Tehovalvonta on selke\u00e4sti tarpeellinen. Muutoinkin haasteellisella valtatiell\u00e4 kuljettajilla tulisi olla hyv\u00e4 huomiokyky ja ajovireys, ja turhien riskien ottaminen vaikuttaa kaikkien tienk\u00e4ytt\u00e4jien turvallisuuteen, toteaa ylikomisario Jari N\u00e4kki Sis\u00e4-Suomen poliisilaitoksen liikennepoliisiyksik\u00f6st\u00e4.\u00a0<\/p>\n<p>Valtatiell\u00e4 9 ovat haasteena esimerkiksi osin tihe\u00e4 el\u00e4inkanta, joka liikkuu tieosuudella ylitt\u00e4en tien yll\u00e4tt\u00e4viss\u00e4kin paikoissa, ajoittain suuri liikennem\u00e4\u00e4r\u00e4, risteysalueet, joiden liikenneturvallisuutta on pyritty parantamaan alennetuilla nopeusrajoituksilla ja valaistuksella sek\u00e4 vaihtelevat s\u00e4\u00e4- ja valaistusolosuhteet. Tehostetulla valvonnalla Sis\u00e4-Suomen poliisilaitos pyrkii yll\u00e4pit\u00e4m\u00e4\u00e4n ja parantamaan liikenneturvallisuutta koko tieosuudella.<\/p>\n<p>Lue my\u00f6s: <a href=\"https:\/\/www.como.fi\/uutiset\/kuinka-usein-poliisille-tulee-lahto-tehtavaan-esimerkiksi-pirkanmaalla-yllatyitko\/\" title=\"Kuinka usein poliisille tulee l\u00e4ht\u00f6 teht\u00e4v\u00e4\u00e4n esimerkiksi Pirkanmaalla? Yll\u00e4tyitk\u00f6?\" class=\"underline-custom !font-montserrat !font-bold !underline-offset-4 !decoration-4 !decoration-red-600 !text-md\" rel=\"nofollow noopener\" target=\"_blank\">Kuinka usein poliisille tulee l\u00e4ht\u00f6 teht\u00e4v\u00e4\u00e4n esimerkiksi Pirkanmaalla? Yll\u00e4tyitk\u00f6?<\/a><\/p>\n<p>Valvontajakson tuloksista tiedotetaan erillisell\u00e4 tiedotteella kerran viikossa. Mahdollisesti esiin nousevista ilmi\u00f6ist\u00e4 ja muista havainnoista tiedotetaan valvontajakson p\u00e4\u00e4tytty\u00e4.<\/p>\n<p>Lue my\u00f6s: <a href=\"https:\/\/www.como.fi\/tilaa-comon-uutiskirje\/\" title=\"Tilaa Comon uutiskirje ja tied\u00e4t mist\u00e4 kahvitauolla puhutaan! Nappaa kotimaan tv-vinkit ja puheenaiheet suoraan s\u00e4hk\u00f6postiin t\u00e4st\u00e4.\" class=\"underline-custom !font-montserrat !font-bold !underline-offset-4 !decoration-4 !decoration-red-600 !text-md\" rel=\"nofollow noopener\" target=\"_blank\">Tilaa Comon uutiskirje ja tied\u00e4t mist\u00e4 kahvitauolla puhutaan! Nappaa kotimaan tv-vinkit ja puheenaiheet suoraan s\u00e4hk\u00f6postiin t\u00e4st\u00e4.<\/a><\/p>\n","protected":false},"excerpt":{"rendered":"Sis\u00e4-Suomen poliisilaitos valvoo tehostetusti liikennett\u00e4 valtatiell\u00e4 9 ajalla 17.11. \u2013 7.12.2025. Ensimm\u00e4inen valvontaviikko jo osoitti, ett\u00e4 valvonta on&hellip;\n","protected":false},"author":2,"featured_media":8827,"comment_status":"","ping_status":"","sticky":false,"template":"","format":"standard","meta":{"footnotes":""},"categories":[133],"tags":[137,33,31,30,32,206,156,109],"class_list":{"0":"post-99319","1":"post","2":"type-post","3":"status-publish","4":"format-standard","5":"has-post-thumbnail","7":"category-televisiot","8":"tag-entertainment","9":"tag-fi","10":"tag-finland","11":"tag-finnish","12":"tag-suomi","13":"tag-televisiot","14":"tag-tv","15":"tag-viihde"},"share_on_mastodon":{"url":"https:\/\/pubeurope.com\/@fi\/115608799376200166","error":""},"_links":{"self":[{"href":"https:\/\/www.europesays.com\/fi\/wp-json\/wp\/v2\/posts\/99319","targetHints":{"allow":["GET"]}}],"collection":[{"href":"https:\/\/www.europesays.com\/fi\/wp-json\/wp\/v2\/posts"}],"about":[{"href":"https:\/\/www.europesays.com\/fi\/wp-json\/wp\/v2\/types\/post"}],"author":[{"embeddable":true,"href":"https:\/\/www.europesays.com\/fi\/wp-json\/wp\/v2\/users\/2"}],"replies":[{"embeddable":true,"href":"https:\/\/www.europesays.com\/fi\/wp-json\/wp\/v2\/comments?post=99319"}],"version-history":[{"count":0,"href":"https:\/\/www.europesays.com\/fi\/wp-json\/wp\/v2\/posts\/99319\/revisions"}],"wp:featuredmedia":[{"embeddable":true,"href":"https:\/\/www.europesays.com\/fi\/wp-json\/wp\/v2\/media\/8827"}],"wp:attachment":[{"href":"https:\/\/www.europesays.com\/fi\/wp-json\/wp\/v2\/media?parent=99319"}],"wp:term":[{"taxonomy":"category","embeddable":true,"href":"https:\/\/www.europesays.com\/fi\/wp-json\/wp\/v2\/categories?post=99319"},{"taxonomy":"post_tag","embeddable":true,"href":"https:\/\/www.europesays.com\/fi\/wp-json\/wp\/v2\/tags?post=99319"}],"curies":[{"name":"wp","href":"https:\/\/api.w.org\/{rel}","templated":true}]}}