{"id":99324,"date":"2025-11-25T06:05:10","date_gmt":"2025-11-25T06:05:10","guid":{"rendered":"https:\/\/www.europesays.com\/fi\/99324\/"},"modified":"2025-11-25T06:05:10","modified_gmt":"2025-11-25T06:05:10","slug":"ft-yhdysvallat-ja-venaja-aloittivat-salaiset-neuvottelut-abu-dhabissa-uutissuomalainen","status":"publish","type":"post","link":"https:\/\/www.europesays.com\/fi\/99324\/","title":{"rendered":"FT: Yhdysvallat ja Ven\u00e4j\u00e4 aloittivat salaiset neuvottelut Abu Dhabissa | Uutissuomalainen"},"content":{"rendered":"<p>Yhdysvallat ja Ven\u00e4j\u00e4 ovat aloittaneet salaiset neuvottelut Ukrainan rauhasta Abu Dhabissa, talouslehti <a href=\"https:\/\/www.ft.com\/content\/55a9f8cb-52fd-40f2-97ff-e0a13a17e5eb\" rel=\"nofollow noopener\" target=\"_blank\">Financial Times<\/a> kertoo. Asiasta uutisoi Suomessa aiemmin <a href=\"https:\/\/www.hs.fi\/maailma\/art-2000011646120.html?post=437594\" rel=\"nofollow noopener\" target=\"_blank\">Helsingin Sanomat<\/a>.<\/p>\n<p>FT:n mukaan Yhdysvaltain maavoimaministeri <strong>Dan Driscoll<\/strong> neuvotteli Abu Dhabissa maanantaina Ukrainan sotilastiedustelupalvelu HUR:n johtajan <strong>Kyrylo Budanovin<\/strong> ja Ven\u00e4j\u00e4n delegaation kanssa.<\/p>\n<p>Keskustelujen on tarkoitus jatkua t\u00e4n\u00e4\u00e4n tiistaina. FT:n mukaan Ven\u00e4j\u00e4n delegaation kokoonpano ei ole viel\u00e4 selvill\u00e4. Tiedossa ei my\u00f6sk\u00e4\u00e4n ole, tapasivatko neuvottelujen osapuolet yhdess\u00e4 vai neuvottelivatko he erikseen.<\/p>\n<p>FT:n mukaan Yhdysvaltain ulkoministeri <strong>Marco Rubio<\/strong>, presidentti <strong>Donald Trump<\/strong> ja t\u00e4m\u00e4n erityisl\u00e4hettil\u00e4s <strong>Steve Witkoff<\/strong> jatkoivat omia neuvotteluosuuksiaan erill\u00e4\u00e4n.<\/p>\n<p>\t\t\t\t\t<img class=\"diks-card__image\" src=\"https:\/\/www.europesays.com\/fi\/wp-content\/uploads\/2025\/11\/11166561.jpg\"   loading=\"lazy\" decoding=\"sync\" alt=\"\"\/><\/p>\n","protected":false},"excerpt":{"rendered":"Yhdysvallat ja Ven\u00e4j\u00e4 ovat aloittaneet salaiset neuvottelut Ukrainan rauhasta Abu Dhabissa, talouslehti Financial Times kertoo. Asiasta uutisoi Suomessa&hellip;\n","protected":false},"author":2,"featured_media":99325,"comment_status":"","ping_status":"","sticky":false,"template":"","format":"standard","meta":{"footnotes":""},"categories":[14],"tags":[22,23,585,26,27,33,31,30,17,46,104,24,25,28,29,15,18,21,142,637,144,32,19,20,549,56,16,59,60,61],"class_list":{"0":"post-99324","1":"post","2":"type-post","3":"status-publish","4":"format-standard","5":"has-post-thumbnail","7":"category-ulkomaat","8":"tag-breaking-news","9":"tag-breakingnews","10":"tag-donald-trump","11":"tag-featured-news","12":"tag-featurednews","13":"tag-fi","14":"tag-finland","15":"tag-finnish","16":"tag-headlines","17":"tag-helsingin-sanomat","18":"tag-helsinki","19":"tag-latest-news","20":"tag-latestnews","21":"tag-main-news","22":"tag-mainnews","23":"tag-news","24":"tag-otsikot","25":"tag-paauutiset","26":"tag-poliitikot","27":"tag-politiikka","28":"tag-presidentti","29":"tag-suomi","30":"tag-top-stories","31":"tag-topstories","32":"tag-ukrainan-sota","33":"tag-ulkomaat","34":"tag-uutiset","35":"tag-world","36":"tag-world-news","37":"tag-worldnews"},"share_on_mastodon":{"url":"https:\/\/pubeurope.com\/@fi\/115608834806575948","error":""},"_links":{"self":[{"href":"https:\/\/www.europesays.com\/fi\/wp-json\/wp\/v2\/posts\/99324","targetHints":{"allow":["GET"]}}],"collection":[{"href":"https:\/\/www.europesays.com\/fi\/wp-json\/wp\/v2\/posts"}],"about":[{"href":"https:\/\/www.europesays.com\/fi\/wp-json\/wp\/v2\/types\/post"}],"author":[{"embeddable":true,"href":"https:\/\/www.europesays.com\/fi\/wp-json\/wp\/v2\/users\/2"}],"replies":[{"embeddable":true,"href":"https:\/\/www.europesays.com\/fi\/wp-json\/wp\/v2\/comments?post=99324"}],"version-history":[{"count":0,"href":"https:\/\/www.europesays.com\/fi\/wp-json\/wp\/v2\/posts\/99324\/revisions"}],"wp:featuredmedia":[{"embeddable":true,"href":"https:\/\/www.europesays.com\/fi\/wp-json\/wp\/v2\/media\/99325"}],"wp:attachment":[{"href":"https:\/\/www.europesays.com\/fi\/wp-json\/wp\/v2\/media?parent=99324"}],"wp:term":[{"taxonomy":"category","embeddable":true,"href":"https:\/\/www.europesays.com\/fi\/wp-json\/wp\/v2\/categories?post=99324"},{"taxonomy":"post_tag","embeddable":true,"href":"https:\/\/www.europesays.com\/fi\/wp-json\/wp\/v2\/tags?post=99324"}],"curies":[{"name":"wp","href":"https:\/\/api.w.org\/{rel}","templated":true}]}}