{"id":99326,"date":"2025-11-25T06:06:08","date_gmt":"2025-11-25T06:06:08","guid":{"rendered":"https:\/\/www.europesays.com\/fi\/99326\/"},"modified":"2025-11-25T06:06:08","modified_gmt":"2025-11-25T06:06:08","slug":"omakotitalo-tuhoutui-tulipalossa-oulun-kuivasjarvella-asukas-paasi-pois-rakennuksesta","status":"publish","type":"post","link":"https:\/\/www.europesays.com\/fi\/99326\/","title":{"rendered":"Omakotitalo tuhoutui tulipalossa Oulun Kuivasj\u00e4rvell\u00e4 \u2013 asukas p\u00e4\u00e4si pois rakennuksesta"},"content":{"rendered":"<p class=\"article__paragraph\">\n      Omakotitalo tuhoutui t\u00e4ysin tulipalossa Oulun Kuivasj\u00e4rvell\u00e4 varhain tiistaiaamuna, kerrotaan Pohjois-Pohjanmaan pelastuslaitokselta. Rakennuksessa oli palon syttymisen aikaan yksi henkil\u00f6, joka p\u00e4\u00e4si pois rakennuksesta.\n    <\/p>\n<p class=\"article__paragraph\">\n      P\u00e4ivyst\u00e4v\u00e4 palomestari Tapani Lehtel\u00e4 kertoo, ett\u00e4 kyseess\u00e4 oli yksikerroksinen omakotitalo. Et\u00e4isyytt\u00e4 naapuritaloon on noin 8\u201310 metri\u00e4. Tuli ei ollut vaarassa levit\u00e4 siihen.\n    <\/p>\n<p class=\"article__paragraph\">\n      \u2013\u202fTuuli k\u00e4vi pois p\u00e4in naapuritalosta.\n    <\/p>\n<p class=\"article__paragraph\">\n      H\u00e4lytys palosta tuli noin kello 4.45. Kun pelastuslaitos saapui paikalle rakennus oli jo t\u00e4ysin tulessa. Talon sis\u00e4tilat paloivat rajusti, ja tuli oli levinnyt rakennuksen yl\u00e4pohjaan. Pelastuslaitos sai palon nopeasti hallintaan.\n    <\/p>\n<p class=\"article__paragraph\">\n      Hieman kello 7:n j\u00e4lkeen rakennuksen talon sis\u00e4tiloja sammutettiin ja katto on purettu. Lehtel\u00e4n mukaan sammutusty\u00f6t olivat loppusuoralla. Osa pelastuslaitoksen yksik\u00f6ist\u00e4 oli jo poistunut paikalta.\n    <\/p>\n<p class=\"article__paragraph\">\n      Pelastuslaitos muistuttaa, ett\u00e4 alueella liikkumista pit\u00e4\u00e4 v\u00e4ltt\u00e4\u00e4.\n    <\/p>\n<p class=\"article__paragraph\">\n      Palon syttymissyyst\u00e4 ei ole tietoa.\n    <\/p>\n","protected":false},"excerpt":{"rendered":"Omakotitalo tuhoutui t\u00e4ysin tulipalossa Oulun Kuivasj\u00e4rvell\u00e4 varhain tiistaiaamuna, kerrotaan Pohjois-Pohjanmaan pelastuslaitokselta. Rakennuksessa oli palon syttymisen aikaan yksi henkil\u00f6,&hellip;\n","protected":false},"author":2,"featured_media":99327,"comment_status":"","ping_status":"","sticky":false,"template":"","format":"standard","meta":{"footnotes":""},"categories":[12],"tags":[22,23,26,27,33,31,30,17,24,25,28,29,15,18,21,32,19,20,16],"class_list":{"0":"post-99326","1":"post","2":"type-post","3":"status-publish","4":"format-standard","5":"has-post-thumbnail","7":"category-suomi","8":"tag-breaking-news","9":"tag-breakingnews","10":"tag-featured-news","11":"tag-featurednews","12":"tag-fi","13":"tag-finland","14":"tag-finnish","15":"tag-headlines","16":"tag-latest-news","17":"tag-latestnews","18":"tag-main-news","19":"tag-mainnews","20":"tag-news","21":"tag-otsikot","22":"tag-paauutiset","23":"tag-suomi","24":"tag-top-stories","25":"tag-topstories","26":"tag-uutiset"},"share_on_mastodon":{"url":"https:\/\/pubeurope.com\/@fi\/115608838712110683","error":""},"_links":{"self":[{"href":"https:\/\/www.europesays.com\/fi\/wp-json\/wp\/v2\/posts\/99326","targetHints":{"allow":["GET"]}}],"collection":[{"href":"https:\/\/www.europesays.com\/fi\/wp-json\/wp\/v2\/posts"}],"about":[{"href":"https:\/\/www.europesays.com\/fi\/wp-json\/wp\/v2\/types\/post"}],"author":[{"embeddable":true,"href":"https:\/\/www.europesays.com\/fi\/wp-json\/wp\/v2\/users\/2"}],"replies":[{"embeddable":true,"href":"https:\/\/www.europesays.com\/fi\/wp-json\/wp\/v2\/comments?post=99326"}],"version-history":[{"count":0,"href":"https:\/\/www.europesays.com\/fi\/wp-json\/wp\/v2\/posts\/99326\/revisions"}],"wp:featuredmedia":[{"embeddable":true,"href":"https:\/\/www.europesays.com\/fi\/wp-json\/wp\/v2\/media\/99327"}],"wp:attachment":[{"href":"https:\/\/www.europesays.com\/fi\/wp-json\/wp\/v2\/media?parent=99326"}],"wp:term":[{"taxonomy":"category","embeddable":true,"href":"https:\/\/www.europesays.com\/fi\/wp-json\/wp\/v2\/categories?post=99326"},{"taxonomy":"post_tag","embeddable":true,"href":"https:\/\/www.europesays.com\/fi\/wp-json\/wp\/v2\/tags?post=99326"}],"curies":[{"name":"wp","href":"https:\/\/api.w.org\/{rel}","templated":true}]}}