{"id":99353,"date":"2025-11-25T06:50:08","date_gmt":"2025-11-25T06:50:08","guid":{"rendered":"https:\/\/www.europesays.com\/fi\/99353\/"},"modified":"2025-11-25T06:50:08","modified_gmt":"2025-11-25T06:50:08","slug":"black-panther-sai-oman-tahtensa-walk-of-famelle-chadwick-bosemania-muistettiin-postuumisti","status":"publish","type":"post","link":"https:\/\/www.europesays.com\/fi\/99353\/","title":{"rendered":"Black Panther sai oman t\u00e4htens\u00e4 Walk of Famelle \u2013 Chadwick Bosemania muistettiin postuumisti"},"content":{"rendered":"<p>Black Pantheria Marvelin supersankariuniversumissa esitt\u00e4nyt<strong> Chadwick Boseman<\/strong> kuoli yll\u00e4tt\u00e4en vuonna 2020. H\u00e4n sairasti sy\u00f6p\u00e4\u00e4, eik\u00e4 halunnut kertoa siit\u00e4 julkisesti.<\/p>\n<p>Hollywood ja fanit olivat surun murtamia, mutta nyt ainakin fanit saivat hienon muiston.<\/p>\n<p>Lue my\u00f6s: <a href=\"https:\/\/www.episodi.fi\/uutiset\/sinners-mies-tekee-seuraavaksi-suositun-supersankarileffan-jatko-osan\/\" title=\"Sinners-mies tekee seuraavaksi suositun supersankarileffan jatko-osan\" class=\"underline-custom !font-montserrat !font-bold !underline-offset-4 !decoration-4 !decoration-episodi-blue !text-md\" rel=\"nofollow noopener\" target=\"_blank\">Sinners-mies tekee seuraavaksi suositun supersankarileffan jatko-osan<\/a><\/p>\n<p>Lue my\u00f6s: <a href=\"https:\/\/www.episodi.fi\/uutiset\/black-panther-3n-nimi-paljastettiin-mita-tama-tarkoittaa-wakandalle\/\" title=\"Black Panther 3:n nimi paljastettiin \u2013 mit\u00e4 t\u00e4m\u00e4 tarkoittaa Wakandalle?\" class=\"underline-custom !font-montserrat !font-bold !underline-offset-4 !decoration-4 !decoration-episodi-blue !text-md\" rel=\"nofollow noopener\" target=\"_blank\">Black Panther 3:n nimi paljastettiin \u2013 mit\u00e4 t\u00e4m\u00e4 tarkoittaa Wakandalle?<\/a><\/p>\n<p>Boseman sai postuumisti oman t\u00e4htens\u00e4 Hollywood Walk of Famelle. Miehen t\u00e4hti on jo j\u00e4rjestysluvultaan 2828:s.<\/p>\n<p>Seremoniassa olivat mukana Boseman kaverit sek\u00e4 h\u00e4nen vaimonsa<strong> Simone Ledward-Boseman,<\/strong> joka otti t\u00e4hden vastaan edesmenneen miehens\u00e4 puolesta.<\/p>\n<p>Paikalla olivat my\u00f6s Disneyn toimitusjohtaja<strong> Bob Iger,<\/strong> Disney Entertainmentin toinen puheenjohtaja <strong>Alan Bergman<\/strong>, Marvel Studiosin johtaja<strong> Kevin Feige<\/strong>, Marvel Studiosin varajohtaja<strong> Louis D\u2019Esposito<\/strong> sek\u00e4 Bosemanin Black Panther -vastan\u00e4yttelij\u00e4t<strong> Letitia Wright <\/strong>ja <strong>Michael B. Jordan<\/strong>.<\/p>\n<p>Toki tilaisuudessa oli my\u00f6s ohjaaja <strong>Ryan Coogler.<\/strong><\/p>\n<p>L\u00e4hde: <a href=\"https:\/\/www.screengeek.net\/2025\/11\/22\/chadwick-boseman-star-hollywood-walk-of-fame\/\" target=\"_blank\" rel=\"noreferrer noopener nofollow\">Screen Geek<\/a><\/p>\n<p>Lue my\u00f6s: <a href=\"https:\/\/www.episodi.fi\/uutiskirje\/?uutiskirjemainos=tekstilinkkimainos\" title=\"Tilaa Episodin uutiskirje ja voit voittaa leffalippuja! Nappaa tv-vinkit suoraan s\u00e4hk\u00f6postiin t\u00e4st\u00e4.\" class=\"underline-custom !font-montserrat !font-bold !underline-offset-4 !decoration-4 !decoration-episodi-blue !text-md\" rel=\"nofollow noopener\" target=\"_blank\">Tilaa Episodin uutiskirje ja voit voittaa leffalippuja! Nappaa katseluvinkit suoraan s\u00e4hk\u00f6postiin t\u00e4st\u00e4.<\/a><\/p>\n","protected":false},"excerpt":{"rendered":"Black Pantheria Marvelin supersankariuniversumissa esitt\u00e4nyt Chadwick Boseman kuoli yll\u00e4tt\u00e4en vuonna 2020. H\u00e4n sairasti sy\u00f6p\u00e4\u00e4, eik\u00e4 halunnut kertoa siit\u00e4&hellip;\n","protected":false},"author":2,"featured_media":99354,"comment_status":"","ping_status":"","sticky":false,"template":"","format":"standard","meta":{"footnotes":""},"categories":[131],"tags":[12253,17800,155,137,33,173,31,30,3282,172,32,109,16669],"class_list":{"0":"post-99353","1":"post","2":"type-post","3":"status-publish","4":"format-standard","5":"has-post-thumbnail","7":"category-elokuvat","8":"tag-black-panther","9":"tag-chadwick-boseman","10":"tag-elokuvat","11":"tag-entertainment","12":"tag-fi","13":"tag-film","14":"tag-finland","15":"tag-finnish","16":"tag-marvel","17":"tag-movies","18":"tag-suomi","19":"tag-viihde","20":"tag-walk-of-fame"},"share_on_mastodon":{"url":"https:\/\/pubeurope.com\/@fi\/115609011644843485","error":""},"_links":{"self":[{"href":"https:\/\/www.europesays.com\/fi\/wp-json\/wp\/v2\/posts\/99353","targetHints":{"allow":["GET"]}}],"collection":[{"href":"https:\/\/www.europesays.com\/fi\/wp-json\/wp\/v2\/posts"}],"about":[{"href":"https:\/\/www.europesays.com\/fi\/wp-json\/wp\/v2\/types\/post"}],"author":[{"embeddable":true,"href":"https:\/\/www.europesays.com\/fi\/wp-json\/wp\/v2\/users\/2"}],"replies":[{"embeddable":true,"href":"https:\/\/www.europesays.com\/fi\/wp-json\/wp\/v2\/comments?post=99353"}],"version-history":[{"count":0,"href":"https:\/\/www.europesays.com\/fi\/wp-json\/wp\/v2\/posts\/99353\/revisions"}],"wp:featuredmedia":[{"embeddable":true,"href":"https:\/\/www.europesays.com\/fi\/wp-json\/wp\/v2\/media\/99354"}],"wp:attachment":[{"href":"https:\/\/www.europesays.com\/fi\/wp-json\/wp\/v2\/media?parent=99353"}],"wp:term":[{"taxonomy":"category","embeddable":true,"href":"https:\/\/www.europesays.com\/fi\/wp-json\/wp\/v2\/categories?post=99353"},{"taxonomy":"post_tag","embeddable":true,"href":"https:\/\/www.europesays.com\/fi\/wp-json\/wp\/v2\/tags?post=99353"}],"curies":[{"name":"wp","href":"https:\/\/api.w.org\/{rel}","templated":true}]}}