{"id":99364,"date":"2025-11-25T06:59:08","date_gmt":"2025-11-25T06:59:08","guid":{"rendered":"https:\/\/www.europesays.com\/fi\/99364\/"},"modified":"2025-11-25T06:59:08","modified_gmt":"2025-11-25T06:59:08","slug":"tama-on-suomen-vakiluku-nyt","status":"publish","type":"post","link":"https:\/\/www.europesays.com\/fi\/99364\/","title":{"rendered":"T\u00e4m\u00e4 on Suomen v\u00e4kiluku nyt"},"content":{"rendered":"<p>Lapsia syntyi enemm\u00e4n kuin vastaavalla ajanjaksolla viime vuonna.<\/p>\n<p>Syntyvyys kasvoi, mutta kaikki nimet eiv\u00e4t en\u00e4\u00e4 kelpaa nykyvanhemmille. Katso videolta, mitk\u00e4 nimet ovat \u201dkuolemassa sukupuuttoon\u201d.<\/p>\n<p class=\"article-body mb-nof-24 px-nof-16\">Suomen ennakkov\u00e4kiluku oli lokakuun lopussa 5\u202f655\u202f715, <a class=\"article-genericlink\" href=\"https:\/\/stat.fi\/julkaisu\/cm0oxom1r6rx106umuodowctu\" rel=\"nofollow noopener\" target=\"_blank\">kertoo<\/a> Tilastokeskus.<\/p>\n<p class=\"article-body mb-nof-24 px-nof-16\">Tilastokeskuksen ennakkotietojen mukaan v\u00e4kiluku kasvoi lokakuun loppuun menness\u00e4 l\u00e4hes 20\u202f000 hengell\u00e4. V\u00e4est\u00f6nkasvua yll\u00e4pit\u00e4\u00e4 yh\u00e4 muuttovoitto ulkomailta, vaikka maahanmuutto v\u00e4henikin viime vuodesta.<\/p>\n<p class=\"article-body mb-nof-24 px-nof-16\">Lapsia syntyi yli 38\u202f500, mik\u00e4 on yli 1\u202f600 enemm\u00e4n kuin vastaavalla ajanjaksolla viime vuonna.<\/p>\n<p class=\"article-body mb-nof-24 px-nof-16\">Kuolleiden m\u00e4\u00e4r\u00e4 oli kuitenkin noin 10\u202f000 suurempi kuin syntyneiden m\u00e4\u00e4r\u00e4.<\/p>\n","protected":false},"excerpt":{"rendered":"Lapsia syntyi enemm\u00e4n kuin vastaavalla ajanjaksolla viime vuonna. Syntyvyys kasvoi, mutta kaikki nimet eiv\u00e4t en\u00e4\u00e4 kelpaa nykyvanhemmille. Katso&hellip;\n","protected":false},"author":2,"featured_media":99365,"comment_status":"","ping_status":"","sticky":false,"template":"","format":"standard","meta":{"footnotes":""},"categories":[5],"tags":[22,23,26,27,33,31,30,17,34,24,25,28,29,15,18,21,32,19,20,16],"class_list":{"0":"post-99364","1":"post","2":"type-post","3":"status-publish","4":"format-standard","5":"has-post-thumbnail","7":"category-otsikot","8":"tag-breaking-news","9":"tag-breakingnews","10":"tag-featured-news","11":"tag-featurednews","12":"tag-fi","13":"tag-finland","14":"tag-finnish","15":"tag-headlines","16":"tag-ilta-sanomat","17":"tag-latest-news","18":"tag-latestnews","19":"tag-main-news","20":"tag-mainnews","21":"tag-news","22":"tag-otsikot","23":"tag-paauutiset","24":"tag-suomi","25":"tag-top-stories","26":"tag-topstories","27":"tag-uutiset"},"share_on_mastodon":{"url":"https:\/\/pubeurope.com\/@fi\/115609047106533982","error":""},"_links":{"self":[{"href":"https:\/\/www.europesays.com\/fi\/wp-json\/wp\/v2\/posts\/99364","targetHints":{"allow":["GET"]}}],"collection":[{"href":"https:\/\/www.europesays.com\/fi\/wp-json\/wp\/v2\/posts"}],"about":[{"href":"https:\/\/www.europesays.com\/fi\/wp-json\/wp\/v2\/types\/post"}],"author":[{"embeddable":true,"href":"https:\/\/www.europesays.com\/fi\/wp-json\/wp\/v2\/users\/2"}],"replies":[{"embeddable":true,"href":"https:\/\/www.europesays.com\/fi\/wp-json\/wp\/v2\/comments?post=99364"}],"version-history":[{"count":0,"href":"https:\/\/www.europesays.com\/fi\/wp-json\/wp\/v2\/posts\/99364\/revisions"}],"wp:featuredmedia":[{"embeddable":true,"href":"https:\/\/www.europesays.com\/fi\/wp-json\/wp\/v2\/media\/99365"}],"wp:attachment":[{"href":"https:\/\/www.europesays.com\/fi\/wp-json\/wp\/v2\/media?parent=99364"}],"wp:term":[{"taxonomy":"category","embeddable":true,"href":"https:\/\/www.europesays.com\/fi\/wp-json\/wp\/v2\/categories?post=99364"},{"taxonomy":"post_tag","embeddable":true,"href":"https:\/\/www.europesays.com\/fi\/wp-json\/wp\/v2\/tags?post=99364"}],"curies":[{"name":"wp","href":"https:\/\/api.w.org\/{rel}","templated":true}]}}