{"id":99368,"date":"2025-11-25T07:14:08","date_gmt":"2025-11-25T07:14:08","guid":{"rendered":"https:\/\/www.europesays.com\/fi\/99368\/"},"modified":"2025-11-25T07:14:08","modified_gmt":"2025-11-25T07:14:08","slug":"uusi-yellowstone-sarja-alkaa-talta-nayttaa-y-marshalsin-ensimmainen-traileri","status":"publish","type":"post","link":"https:\/\/www.europesays.com\/fi\/99368\/","title":{"rendered":"Uusi Yellowstone-sarja alkaa &#8211; t\u00e4lt\u00e4 n\u00e4ytt\u00e4\u00e4 Y: Marshalsin ensimm\u00e4inen traileri"},"content":{"rendered":"<p>Uusi Yellowstone-spinoff-sarja alkaa maaliskuussa.<\/p>\n<p>CBS-kanava on julkaissut trailerin Y: Marshals -sarjasta, joka on <a href=\"https:\/\/muropaketti.com\/avainsana\/yellowstone\/\" rel=\"nofollow noopener\" target=\"_blank\">Yellowstone<\/a>-sarjan spinoff. Uutuuden p\u00e4\u00e4henkil\u00f6 on originaalista tuttu Kayce Dutton, jonka roolissa n\u00e4hd\u00e4\u00e4n j\u00e4lleen Luke Grimes.<\/p>\n<p>Sarja alkaa Yhdysvalloissa CBS-kanavan lis\u00e4ksi Paramount+-suoratoistopalvelussa 1. maaliskuuta. <\/p>\n<p>Virallinen synopsis kertoo sarjasta alkuper\u00e4iskielell\u00e4 seuraavaa:<\/p>\n<p>\u201dWith the Yellowstone Ranch behind him, Dutton joins an elite unit of U.S. Marshals, combining his skills as a cowboy and Navy SEAL to bring range justice to Montana. Kayce and his teammates \u2013 Pete Calvin, Belle Skinner, Andrea Cruz, and Miles Kittle \u2013 must balance the high psychological cost of serving as the last line of defense in the region\u2019s war on violence with their duty to their families, which for Kayce includes his son Tate and his confidantes Thomas Rainwater and Mo from the Broken Rock reservation.\u201d<\/p>\n<p>Traileri esittelee joukon uusia hahmoja, joita n\u00e4yttelev\u00e4t muun muassa Logan Marshall-Green, Arielle Kebbel, Ash Santos, Tatanka Means ja Brett Cullen.<\/p>\n<p>Grimesin lis\u00e4ksi vanhoista tutuista rooleihinsa palaavat Brecken Merrill, Gil Birmingham, Mo Brings Plenty ja Kelsey Asbille.<\/p>\n<p>Y: Marshals -sarjan luojana ja vastaavana tuottajana toimii Spencer Hudnut. Vastaavia tuottajia ovat my\u00f6s Grimes ja Taylor Sheridan.<\/p>\n<p>Suomessa sarja n\u00e4hd\u00e4\u00e4n Paramount+:n muiden Taylor Sheridan -tuotoston tapaan SkyShowtime-palvelussa.<\/p>\n","protected":false},"excerpt":{"rendered":"Uusi Yellowstone-spinoff-sarja alkaa maaliskuussa. CBS-kanava on julkaissut trailerin Y: Marshals -sarjasta, joka on Yellowstone-sarjan spinoff. Uutuuden p\u00e4\u00e4henkil\u00f6 on&hellip;\n","protected":false},"author":2,"featured_media":99369,"comment_status":"","ping_status":"","sticky":false,"template":"","format":"standard","meta":{"footnotes":""},"categories":[133],"tags":[2873,137,33,31,30,3372,1369,341,32,206,156,109,6343],"class_list":{"0":"post-99368","1":"post","2":"type-post","3":"status-publish","4":"format-standard","5":"has-post-thumbnail","7":"category-televisiot","8":"tag-elokuvatrailerit","9":"tag-entertainment","10":"tag-fi","11":"tag-finland","12":"tag-finnish","13":"tag-paramount-plus","14":"tag-sarjat","15":"tag-skyshowtime","16":"tag-suomi","17":"tag-televisiot","18":"tag-tv","19":"tag-viihde","20":"tag-yellowstone"},"share_on_mastodon":{"url":"https:\/\/pubeurope.com\/@fi\/115609106081398731","error":""},"_links":{"self":[{"href":"https:\/\/www.europesays.com\/fi\/wp-json\/wp\/v2\/posts\/99368","targetHints":{"allow":["GET"]}}],"collection":[{"href":"https:\/\/www.europesays.com\/fi\/wp-json\/wp\/v2\/posts"}],"about":[{"href":"https:\/\/www.europesays.com\/fi\/wp-json\/wp\/v2\/types\/post"}],"author":[{"embeddable":true,"href":"https:\/\/www.europesays.com\/fi\/wp-json\/wp\/v2\/users\/2"}],"replies":[{"embeddable":true,"href":"https:\/\/www.europesays.com\/fi\/wp-json\/wp\/v2\/comments?post=99368"}],"version-history":[{"count":0,"href":"https:\/\/www.europesays.com\/fi\/wp-json\/wp\/v2\/posts\/99368\/revisions"}],"wp:featuredmedia":[{"embeddable":true,"href":"https:\/\/www.europesays.com\/fi\/wp-json\/wp\/v2\/media\/99369"}],"wp:attachment":[{"href":"https:\/\/www.europesays.com\/fi\/wp-json\/wp\/v2\/media?parent=99368"}],"wp:term":[{"taxonomy":"category","embeddable":true,"href":"https:\/\/www.europesays.com\/fi\/wp-json\/wp\/v2\/categories?post=99368"},{"taxonomy":"post_tag","embeddable":true,"href":"https:\/\/www.europesays.com\/fi\/wp-json\/wp\/v2\/tags?post=99368"}],"curies":[{"name":"wp","href":"https:\/\/api.w.org\/{rel}","templated":true}]}}