{"id":99379,"date":"2025-11-25T07:24:10","date_gmt":"2025-11-25T07:24:10","guid":{"rendered":"https:\/\/www.europesays.com\/fi\/99379\/"},"modified":"2025-11-25T07:24:10","modified_gmt":"2025-11-25T07:24:10","slug":"poliisi-epailee-mies-majoitti-hatkanuoria-ja-syyllistyi-useisiin-seksuaalirikoksiin-uhrit-13-15-vuotiaita","status":"publish","type":"post","link":"https:\/\/www.europesays.com\/fi\/99379\/","title":{"rendered":"Poliisi ep\u00e4ilee: Mies majoitti hatkanuoria ja syyllistyi useisiin seksuaalirikoksiin, uhrit 13\u201315-vuotiaita"},"content":{"rendered":"<p>H\u00e4meenlinna|Iittalassa sijaitseva omakotitalo on poliisin tietojen mukaan toiminut majapaikkana nuorille, jotka ovat karanneet sijoituspaikastaan.<\/p>\n<p class=\"article-body mb-nof-24 px-nof-16\">H\u00e4meen poliisi on saanut valmiiksi esitutkinnat H\u00e4meenlinnassa tapahtuneista alaik\u00e4isiin kohdistuneista v\u00e4kivalta- ja seksuaalirikoksista.<\/p>\n<p class=\"article-body mb-nof-24 px-nof-16\">H\u00e4meen poliisin tietoon tuli loppukes\u00e4ll\u00e4, ett\u00e4 Iittalassa sijaitseva omakotitalo oli mahdollisesti jonkinlainen majapaikka nuorille. Erityisesti talossa vieraili nuoria, jotka olivat karanneet sijoituspaikastaan. He olivat my\u00f6s mahdollisesti saaneet miehelt\u00e4 erilaisia p\u00e4ihteit\u00e4.<\/p>\n<p class=\"article-body mb-nof-24 px-nof-16\">Kanta-H\u00e4meen k\u00e4r\u00e4j\u00e4oikeus vangitsi 2. syyskuuta 33-vuotiaan iittalalaisen miehen rikoksesta ep\u00e4iltyn\u00e4 erilaisiin lapsiin kohdistuviin lainvastaisiin seksuaalisiin tekoihin. <a class=\"article-genericlink\" href=\"https:\/\/www.hs.fi\/suomi\/art-2000011469395.html\" rel=\"nofollow noopener\" target=\"_blank\">Aiemmin <\/a>poliisi on kertonut, ett\u00e4 miest\u00e4 ep\u00e4ill\u00e4\u00e4n lapsenraiskauksesta.<\/p>\n<p class=\"article-body mb-nof-24 px-nof-16\">Seksuaalirikosten lis\u00e4ksi miehen ep\u00e4ill\u00e4\u00e4n syyllistyneen ihmiskauppaan, t\u00f6rke\u00e4\u00e4n huumausainerikokseen, lasta seksuaalisesti esitt\u00e4v\u00e4n kuvan levitt\u00e4miseen sek\u00e4 pahoinpitelyyn.<\/p>\n<p class=\"article-body mb-nof-24 px-nof-16\">Rikosep\u00e4ilyt ovat nyt siirtyneet syyteharkintaan It\u00e4-Suomen syytt\u00e4j\u00e4nvirastoon.<\/p>\n<p class=\"article-body mb-nof-24 px-nof-16\">Aiemmin tiedossa olevia uhreja oli yksi. Poliisi on tavoittanut muitakin uhreja ja asialla on nelj\u00e4 eri asianomistajaa.<\/p>\n<p class=\"article-body mb-nof-24 px-nof-16\">Rikoskomisario <a class=\"article-personlink\" href=\"https:\/\/www.hs.fi\/haku\/?query=Lila%20Havuselan\" rel=\"nofollow noopener\" target=\"_blank\">Lila Havuselan<\/a> mukaan esitutkinnassa ei tullut esille, ett\u00e4 uhreja olisi enemp\u00e4\u00e4. H\u00e4nen mukaansa uhreista nuorin on rikoksen tapahtuma-aikana ollut 13-vuotias ja vanhin 15-vuotias.<\/p>\n<p class=\"article-body mb-nof-24 px-nof-16\">Tapahtumat ajoittuvat kes\u00e4\u00e4n 2025 ja rikosten p\u00e4\u00e4asiallinen tapahtumapaikka on ollut miehen hallinnoima omakotitalo Iittalassa.<\/p>\n<p class=\"article-body mb-nof-24 px-nof-16\">Tapaukset tulivat poliisin tietoon, kun lastensuojelun sosiaality\u00f6ntekij\u00e4 pyysi poliisilta virka-apua hatkaan l\u00e4hteneen nuoren tavoittamiseksi.<\/p>\n<p class=\"article-body mb-nof-24 px-nof-16\">\u201dNuorta etsittiin t\u00e4st\u00e4 talosta, mink\u00e4 j\u00e4lkeen kuvio l\u00e4hti purkautumaan.\u201d<\/p>\n<p class=\"article-body mb-nof-24 px-nof-16\">H\u00e4nen mukaansa nuoret l\u00f6ysiv\u00e4t talolle viestittelem\u00e4ll\u00e4 siit\u00e4 toisilleen. Sosiaalisessa mediassa ja pienell\u00e4 paikkakunnalla tiedot liikkuvat nopeasti.<\/p>\n<p class=\"article-body mb-nof-24 px-nof-16\">Poliisin mukaan miehell\u00e4 on jonkin verran historiaa poliisin rekisteriss\u00e4, mutta h\u00e4nt\u00e4 ei ole aiemmin ep\u00e4ilty lapsiin kohdistuvista rikoksista.<\/p>\n<p class=\"article-body mb-nof-24 px-nof-16\">\u201dUhkailua, v\u00e4kivaltaa ja huumausainetaustaa\u201d, Havusela kertoo miehen rikoshistoriasta.<\/p>\n<p class=\"article-body mb-nof-24 px-nof-16\">Mies on edelleen vangittuna.<\/p>\n","protected":false},"excerpt":{"rendered":"H\u00e4meenlinna|Iittalassa sijaitseva omakotitalo on poliisin tietojen mukaan toiminut majapaikkana nuorille, jotka ovat karanneet sijoituspaikastaan. H\u00e4meen poliisi on saanut&hellip;\n","protected":false},"author":2,"featured_media":96697,"comment_status":"","ping_status":"","sticky":false,"template":"","format":"standard","meta":{"footnotes":""},"categories":[12],"tags":[22,23,26,27,33,31,30,17,46,24,25,28,29,15,18,21,32,19,20,16],"class_list":{"0":"post-99379","1":"post","2":"type-post","3":"status-publish","4":"format-standard","5":"has-post-thumbnail","7":"category-suomi","8":"tag-breaking-news","9":"tag-breakingnews","10":"tag-featured-news","11":"tag-featurednews","12":"tag-fi","13":"tag-finland","14":"tag-finnish","15":"tag-headlines","16":"tag-helsingin-sanomat","17":"tag-latest-news","18":"tag-latestnews","19":"tag-main-news","20":"tag-mainnews","21":"tag-news","22":"tag-otsikot","23":"tag-paauutiset","24":"tag-suomi","25":"tag-top-stories","26":"tag-topstories","27":"tag-uutiset"},"share_on_mastodon":{"url":"https:\/\/pubeurope.com\/@fi\/115609145428791031","error":""},"_links":{"self":[{"href":"https:\/\/www.europesays.com\/fi\/wp-json\/wp\/v2\/posts\/99379","targetHints":{"allow":["GET"]}}],"collection":[{"href":"https:\/\/www.europesays.com\/fi\/wp-json\/wp\/v2\/posts"}],"about":[{"href":"https:\/\/www.europesays.com\/fi\/wp-json\/wp\/v2\/types\/post"}],"author":[{"embeddable":true,"href":"https:\/\/www.europesays.com\/fi\/wp-json\/wp\/v2\/users\/2"}],"replies":[{"embeddable":true,"href":"https:\/\/www.europesays.com\/fi\/wp-json\/wp\/v2\/comments?post=99379"}],"version-history":[{"count":0,"href":"https:\/\/www.europesays.com\/fi\/wp-json\/wp\/v2\/posts\/99379\/revisions"}],"wp:featuredmedia":[{"embeddable":true,"href":"https:\/\/www.europesays.com\/fi\/wp-json\/wp\/v2\/media\/96697"}],"wp:attachment":[{"href":"https:\/\/www.europesays.com\/fi\/wp-json\/wp\/v2\/media?parent=99379"}],"wp:term":[{"taxonomy":"category","embeddable":true,"href":"https:\/\/www.europesays.com\/fi\/wp-json\/wp\/v2\/categories?post=99379"},{"taxonomy":"post_tag","embeddable":true,"href":"https:\/\/www.europesays.com\/fi\/wp-json\/wp\/v2\/tags?post=99379"}],"curies":[{"name":"wp","href":"https:\/\/api.w.org\/{rel}","templated":true}]}}