{"id":99390,"date":"2025-11-25T07:45:07","date_gmt":"2025-11-25T07:45:07","guid":{"rendered":"https:\/\/www.europesays.com\/fi\/99390\/"},"modified":"2025-11-25T07:45:07","modified_gmt":"2025-11-25T07:45:07","slug":"eveliina-maattanen-raju-diagnoosi-pysaytti","status":"publish","type":"post","link":"https:\/\/www.europesays.com\/fi\/99390\/","title":{"rendered":"Eveliina M\u00e4\u00e4tt\u00e4nen: raju diagnoosi pys\u00e4ytti"},"content":{"rendered":"<p>Yleisurheilu|Eveliina M\u00e4\u00e4tt\u00e4nen on joutunut harjoittelutauolle.<\/p>\n<p class=\"article-body mb-nof-24 px-nof-16\">Keskimatkojen juoksija <a class=\"article-personlink\" href=\"https:\/\/www.hs.fi\/haku\/?query=Eveliina%20M%C3%A4%C3%A4tt%C3%A4nen\" rel=\"nofollow noopener\" target=\"_blank\">Eveliina M\u00e4\u00e4tt\u00e4nen<\/a> on joutunut sairauslomalle.<\/p>\n<p class=\"article-body mb-nof-24 px-nof-16\">M\u00e4\u00e4tt\u00e4nen, 30, kertoi Instagramissa, ett\u00e4 l\u00e4\u00e4k\u00e4ri oli l\u00f6yt\u00e4nyt h\u00e4nen syd\u00e4nfilmist\u00e4\u00e4n odottamattoman l\u00f6yd\u00f6ksen rutiinitarkastuksessa.<\/p>\n<p class=\"article-body mb-nof-24 px-nof-16\">M\u00e4\u00e4tt\u00e4sell\u00e4 diagnosoitiin syd\u00e4nlihaksen tulehdus.<\/p>\n<p class=\"article-body mb-nof-24 px-nof-16\">\u201dUutinen pys\u00e4ytti minut. On yll\u00e4tt\u00e4v\u00e4\u00e4, miten jokin noin vakava voi hiipi\u00e4 niin hiljaa, l\u00e4hes huomaamatta\u201d, M\u00e4\u00e4tt\u00e4nen kuvaili.<\/p>\n<p class=\"article-body mb-nof-24 px-nof-16\">M\u00e4\u00e4tt\u00e4nen sanoi havainneensa j\u00e4lkik\u00e4teen ajateltuna ainoana oireena sen, ettei h\u00e4n kyennyt kisavauhtisissa juoksuissa ylt\u00e4m\u00e4\u00e4n normaaleihin tehoihinsa.<\/p>\n<p class=\"article-body mb-nof-24 px-nof-16\">\u201dMuutoin harjoittelu sujui hyvin, vaikken ollut yht\u00e4 ter\u00e4v\u00e4 kuin viime kes\u00e4n\u00e4.\u201d<\/p>\n<p class=\"article-body mb-nof-24 px-nof-16\">\u201dOnni onnettomuudessa on, ettei tulehdus vaikuta aiheuttaneen syd\u00e4meeni pysyvi\u00e4 vaurioita.\u201d<\/p>\n<p class=\"article-body mb-nof-24 px-nof-16\">M\u00e4\u00e4tt\u00e4sen on v\u00e4ltett\u00e4v\u00e4 kaikkea sykett\u00e4 nostattavaa liikuntaa. H\u00e4n voi palata raskaamman harjoittelun pariin vasta l\u00e4\u00e4k\u00e4rin antaessa luvan.<\/p>\n<p class=\"article-body mb-nof-24 px-nof-16\">Juoksija ei ollut varma, mist\u00e4 vaiva oli per\u00e4isin.<\/p>\n<p class=\"article-body mb-nof-24 px-nof-16\">\u201dHaluan kuitenkin muistuttaa kaikkia urheilijoita ja aktiivisia ihmisi\u00e4 siit\u00e4, ett\u00e4 sairastelun j\u00e4lkeen on keskeist\u00e4 odottaa tarpeeksi pitk\u00e4\u00e4n, ennen kuin jatkaa taas treenaamista\u201d, M\u00e4\u00e4tt\u00e4nen kirjoitti.<\/p>\n<p class=\"article-body mb-nof-24 px-nof-16\">M\u00e4\u00e4tt\u00e4nen j\u00e4i syyskuussa Tokion MM-kisoissa alkuer\u00e4ns\u00e4 viimeiseksi ajalla 2.02,55. H\u00e4n <a class=\"article-genericlink\" href=\"https:\/\/www.is.fi\/yleisurheilu\/art-2000011503361.html\" rel=\"nofollow noopener\" target=\"_blank\">kertoi tuolloin<\/a> saaneensa vuoristoleirill\u00e4 viruksen, joka vaikutti h\u00e4nen keuhkoihinsa koko kes\u00e4n ajan.<\/p>\n<p class=\"article-body mb-nof-24 px-nof-16\">\u201dTulokset osoittivat, ett\u00e4 keuhkot saivat ison t\u00e4rskyn viruksesta\u201d, M\u00e4\u00e4tt\u00e4nen kertoi.<\/p>\n<p class=\"article-body mb-nof-24 px-nof-16\">\u201dJostain syyst\u00e4 kovavauhtisen kisasuorituksen kanssa on ollut haasteita sairastelun j\u00e4lkeen. Kroppa ei kest\u00e4 vauhtia, vaikka kovat treenit ovat menneet hyvin.\u201d<\/p>\n","protected":false},"excerpt":{"rendered":"Yleisurheilu|Eveliina M\u00e4\u00e4tt\u00e4nen on joutunut harjoittelutauolle. Keskimatkojen juoksija Eveliina M\u00e4\u00e4tt\u00e4nen on joutunut sairauslomalle. M\u00e4\u00e4tt\u00e4nen, 30, kertoi Instagramissa, ett\u00e4 l\u00e4\u00e4k\u00e4ri&hellip;\n","protected":false},"author":2,"featured_media":99391,"comment_status":"","ping_status":"","sticky":false,"template":"","format":"standard","meta":{"footnotes":""},"categories":[158],"tags":[33,31,30,46,159,32,160],"class_list":{"0":"post-99390","1":"post","2":"type-post","3":"status-publish","4":"format-standard","5":"has-post-thumbnail","7":"category-urheilu","8":"tag-fi","9":"tag-finland","10":"tag-finnish","11":"tag-helsingin-sanomat","12":"tag-sports","13":"tag-suomi","14":"tag-urheilu"},"share_on_mastodon":{"url":"https:\/\/pubeurope.com\/@fi\/115609228302532741","error":""},"_links":{"self":[{"href":"https:\/\/www.europesays.com\/fi\/wp-json\/wp\/v2\/posts\/99390","targetHints":{"allow":["GET"]}}],"collection":[{"href":"https:\/\/www.europesays.com\/fi\/wp-json\/wp\/v2\/posts"}],"about":[{"href":"https:\/\/www.europesays.com\/fi\/wp-json\/wp\/v2\/types\/post"}],"author":[{"embeddable":true,"href":"https:\/\/www.europesays.com\/fi\/wp-json\/wp\/v2\/users\/2"}],"replies":[{"embeddable":true,"href":"https:\/\/www.europesays.com\/fi\/wp-json\/wp\/v2\/comments?post=99390"}],"version-history":[{"count":0,"href":"https:\/\/www.europesays.com\/fi\/wp-json\/wp\/v2\/posts\/99390\/revisions"}],"wp:featuredmedia":[{"embeddable":true,"href":"https:\/\/www.europesays.com\/fi\/wp-json\/wp\/v2\/media\/99391"}],"wp:attachment":[{"href":"https:\/\/www.europesays.com\/fi\/wp-json\/wp\/v2\/media?parent=99390"}],"wp:term":[{"taxonomy":"category","embeddable":true,"href":"https:\/\/www.europesays.com\/fi\/wp-json\/wp\/v2\/categories?post=99390"},{"taxonomy":"post_tag","embeddable":true,"href":"https:\/\/www.europesays.com\/fi\/wp-json\/wp\/v2\/tags?post=99390"}],"curies":[{"name":"wp","href":"https:\/\/api.w.org\/{rel}","templated":true}]}}