{"id":99399,"date":"2025-11-25T07:52:10","date_gmt":"2025-11-25T07:52:10","guid":{"rendered":"https:\/\/www.europesays.com\/fi\/99399\/"},"modified":"2025-11-25T07:52:10","modified_gmt":"2025-11-25T07:52:10","slug":"anni-ihamaki-pois-suosikkiohjelmasta-han-astuu-tilalle-2","status":"publish","type":"post","link":"https:\/\/www.europesays.com\/fi\/99399\/","title":{"rendered":"Anni Iham\u00e4ki pois suosikkiohjelmasta \u2013 H\u00e4n astuu tilalle"},"content":{"rendered":"<p>Huvila ja huussi -ohjelmassa n\u00e4hd\u00e4\u00e4n ensi kev\u00e4\u00e4n\u00e4 uusi juontaja. <\/p>\n<p><img decoding=\"async\" class=\"image image-show image-preview\" src=\"https:\/\/www.europesays.com\/fi\/wp-content\/uploads\/2025\/11\/b334e885dbf4104aee0e7f12607b466ce012092a2a63f99a2be5d4971172885f.jpg\" alt=\"\"\/><img decoding=\"async\" class=\"image image-show\" src=\"https:\/\/www.europesays.com\/fi\/wp-content\/uploads\/2025\/11\/1764054669_766_b334e885dbf4104aee0e7f12607b466ce012092a2a63f99a2be5d4971172885f.jpg\" alt=\"\"\/><\/p>\n<p>Aiemmin Huvila ja huussi ohjelmaa on luotsannut Anni Iham\u00e4ki.  Maru Lemmetty, Sanoma<\/p>\n<p class=\"paragraph\">Nelosen Huvila ja huussi -ohjelma palaa ruutuihin tulevana kev\u00e4\u00e4n\u00e4.<\/p>\n<p class=\"paragraph\">Ohjelma jatkuu uuden juontajan, <a href=\"https:\/\/www.iltalehti.fi\/henkilot\/Marja Hintikka\" class=\"article-link-person-page\" rel=\"nofollow noopener\" target=\"_blank\">Marja Hintikan<\/a>, voimin. Aiemmin ohjelmaa on juontanut <a href=\"https:\/\/www.iltalehti.fi\/henkilot\/Anni Iham\u00e4ki\" class=\"article-link-person-page\" rel=\"nofollow noopener\" target=\"_blank\">Anni Iham\u00e4ki<\/a>.<\/p>\n<p class=\"paragraph\">Nelosen tiedotteen mukaan perinteisten m\u00f6kkikohteiden lis\u00e4ksi ohjelmassa n\u00e4hd\u00e4\u00e4n muun muassa trendik\u00e4s hy\u00f6typuutarha, upea lampi, vanhan huvilan keitti\u00f6muutos, saarikohteita ja junan vaunu.<\/p>\n<p class=\"paragraph\">Marja Hintikka hehkutti uutta pesti\u00e4 Instagram-tilill\u00e4\u00e4n. H\u00e4n kertoi julkaisussa, kuinka h\u00e4nelt\u00e4 kyseltiin viime kes\u00e4n\u00e4 m\u00f6kkipaikkakuntien huoltoasemilla, ett\u00e4 mit\u00e4 h\u00e4n oikein teki milloin mill\u00e4kin kyl\u00e4ll\u00e4.<\/p>\n<p class=\"paragraph\">\u2013 Huvilaa ja huussia, lempiohjelmaani tein, h\u00e4n kirjoittaa.<\/p>\n<p class=\"paragraph\">Jos julkaisu ei n\u00e4y, voit katsoa sen <a href=\"https:\/\/www.instagram.com\/p\/DReGxfSCIGm\/?hl=fi&amp;img_index=1\" target=\"_blank\" rel=\"noopener nofollow\">t\u00e4st\u00e4 linkist\u00e4<\/a>.<\/p>\n<p class=\"paragraph\">\u2013 Viime talvena tuli puhelu, jossa kysyttiin, onko minulla kes\u00e4 vapaana. Menin v\u00e4h\u00e4n h\u00e4milleni, koska on olemassa omat ohjelmat ja sitten ne lempiohjelmat, joita jaksaa katsoa 10 jaksoa putkeen, mutta joita joku muu tekee, Hintikka jatkaa.<\/p>\n<p class=\"paragraph\">Hintikka kertoo nukkuneensa y\u00f6n yli ennen kuin vastasi kyll\u00e4 ja sitten soittaneensa heti ohjelman aiemmalle juontajalle ja yst\u00e4v\u00e4lleen Anni Iham\u00e4elle.<\/p>\n<p class=\"paragraph\">\u2013 No, t\u00e4m\u00e4h\u00e4n on maailman paras kes\u00e4duuni! Ja just niin kiva tehd\u00e4 kuin milt\u00e4 se telkkarissa n\u00e4ytt\u00e4\u00e4, Hintikka hehkuttaa.<\/p>\n<p>Huvila ja huussi jatkuu Marja Hintikan johdolla.  Nelonen<\/p>\n<p class=\"paragraph\">Ohjelmassa m\u00f6kkien sis\u00e4muutoksia ovat luomassa sisustusarkkitehti <strong>Mikko Vesanen<\/strong> ja sisustussuunnittelija <strong>Maru Hautala<\/strong>, remontteja toteuttaa <strong>Ville Rintala<\/strong>.<\/p>\n<p class=\"paragraph\">Pihakohteiden upeita muutoksia puolestaan suunnittelee <strong>Laura Moilasen<\/strong> lis\u00e4ksi uusi kasvo <strong>Christina Walden<\/strong>, piharemonteista vastaa <strong>Mika Roosin<\/strong> ohella <strong>Sanna Moilanen<\/strong>.<\/p>\n<p class=\"paragraph\">Huvila ja huussi alkaa Ruudussa ja Nelosella maaliskuussa. <a href=\"https:\/\/www.iltalehti.fi\/telkku\" rel=\"nofollow noopener\" target=\"_blank\">Katso kaikki TV-ohjelmat ja l\u00e4hetysajat Telkun TV-oppaasta.<\/a><\/p>\n<p class=\"paragraph\">Juttua t\u00e4ydennetty kello 9.12 Marja Hintikan somep\u00e4ivityksen perusteella.<\/p>\n<p><script async src=\"\/\/www.instagram.com\/embed.js\"><\/script><\/p>\n","protected":false},"excerpt":{"rendered":"Huvila ja huussi -ohjelmassa n\u00e4hd\u00e4\u00e4n ensi kev\u00e4\u00e4n\u00e4 uusi juontaja. Aiemmin Huvila ja huussi ohjelmaa on luotsannut Anni Iham\u00e4ki.&hellip;\n","protected":false},"author":2,"featured_media":99367,"comment_status":"","ping_status":"","sticky":false,"template":"","format":"standard","meta":{"footnotes":""},"categories":[5],"tags":[35,36,22,23,26,27,33,31,30,17,24,25,28,29,7705,15,18,21,32,19,20,140,139,16,7706],"class_list":{"0":"post-99399","1":"post","2":"type-post","3":"status-publish","4":"format-standard","5":"has-post-thumbnail","7":"category-otsikot","8":"tag-24h","9":"tag-asuintalot-ja-asunnot","10":"tag-breaking-news","11":"tag-breakingnews","12":"tag-featured-news","13":"tag-featurednews","14":"tag-fi","15":"tag-finland","16":"tag-finnish","17":"tag-headlines","18":"tag-latest-news","19":"tag-latestnews","20":"tag-main-news","21":"tag-mainnews","22":"tag-mokkeily","23":"tag-news","24":"tag-otsikot","25":"tag-paauutiset","26":"tag-suomi","27":"tag-top-stories","28":"tag-topstories","29":"tag-tv-ja-elokuvat","30":"tag-tv-ohjelmat","31":"tag-uutiset","32":"tag-vapaa-ajan-asunto"},"share_on_mastodon":{"url":"https:\/\/pubeurope.com\/@fi\/115609255522776626","error":""},"_links":{"self":[{"href":"https:\/\/www.europesays.com\/fi\/wp-json\/wp\/v2\/posts\/99399","targetHints":{"allow":["GET"]}}],"collection":[{"href":"https:\/\/www.europesays.com\/fi\/wp-json\/wp\/v2\/posts"}],"about":[{"href":"https:\/\/www.europesays.com\/fi\/wp-json\/wp\/v2\/types\/post"}],"author":[{"embeddable":true,"href":"https:\/\/www.europesays.com\/fi\/wp-json\/wp\/v2\/users\/2"}],"replies":[{"embeddable":true,"href":"https:\/\/www.europesays.com\/fi\/wp-json\/wp\/v2\/comments?post=99399"}],"version-history":[{"count":0,"href":"https:\/\/www.europesays.com\/fi\/wp-json\/wp\/v2\/posts\/99399\/revisions"}],"wp:featuredmedia":[{"embeddable":true,"href":"https:\/\/www.europesays.com\/fi\/wp-json\/wp\/v2\/media\/99367"}],"wp:attachment":[{"href":"https:\/\/www.europesays.com\/fi\/wp-json\/wp\/v2\/media?parent=99399"}],"wp:term":[{"taxonomy":"category","embeddable":true,"href":"https:\/\/www.europesays.com\/fi\/wp-json\/wp\/v2\/categories?post=99399"},{"taxonomy":"post_tag","embeddable":true,"href":"https:\/\/www.europesays.com\/fi\/wp-json\/wp\/v2\/tags?post=99399"}],"curies":[{"name":"wp","href":"https:\/\/api.w.org\/{rel}","templated":true}]}}