{"id":9940,"date":"2025-08-19T06:48:07","date_gmt":"2025-08-19T06:48:07","guid":{"rendered":"https:\/\/www.europesays.com\/fi\/9940\/"},"modified":"2025-08-19T06:48:07","modified_gmt":"2025-08-19T06:48:07","slug":"porilainen-gen-takagi-matkusti-japaniin-tekemaan-tv-sarjaa","status":"publish","type":"post","link":"https:\/\/www.europesays.com\/fi\/9940\/","title":{"rendered":"Porilainen Gen Takagi matkusti Japaniin tekem\u00e4\u00e4n tv-sarjaa"},"content":{"rendered":"<p>Gen Takagi tekee japanilaista manzai-komediaa tunnetuksi Suomessa, mik\u00e4 on her\u00e4tt\u00e4nyt kiinnostusta my\u00f6s Japanissa.<\/p>\n<p>18.8. 20:30<\/p>\n<p class=\"article-body margin-bottom-24 padding-x-16\">Pori<\/p>\n<p class=\"article-body margin-bottom-24 padding-x-16\">Porissa asuva koomikko <a class=\"article-personlink\" href=\"https:\/\/www.satakunnankansa.fi\/haku\/?query=Gen%20Takagi\" rel=\"nofollow noopener\" target=\"_blank\">Gen Takagi<\/a> on juuri palannut Japanista, jossa h\u00e4n vietti elokuussa pari viikkoa uuden tv-sarjan kuvauksissa. Kyseess\u00e4 on Yleisradion japanilaista populaarikulttuuria esittelev\u00e4 dokumenttisarja Japani-efekti!! Toimittaja <a class=\"article-personlink\" href=\"https:\/\/www.satakunnankansa.fi\/haku\/?query=Matti%20Riitakorven\" rel=\"nofollow noopener\" target=\"_blank\">Matti Riitakorven<\/a> ideoima sarja julkaistaan ensi kev\u00e4\u00e4n\u00e4.<\/p>\n","protected":false},"excerpt":{"rendered":"Gen Takagi tekee japanilaista manzai-komediaa tunnetuksi Suomessa, mik\u00e4 on her\u00e4tt\u00e4nyt kiinnostusta my\u00f6s Japanissa. 18.8. 20:30 Pori Porissa asuva&hellip;\n","protected":false},"author":2,"featured_media":9941,"comment_status":"","ping_status":"","sticky":false,"template":"","format":"standard","meta":{"footnotes":""},"categories":[133],"tags":[137,33,31,30,80,32,206,156,109],"class_list":{"0":"post-9940","1":"post","2":"type-post","3":"status-publish","4":"format-standard","5":"has-post-thumbnail","7":"category-televisiot","8":"tag-entertainment","9":"tag-fi","10":"tag-finland","11":"tag-finnish","12":"tag-satakunnan-kansa","13":"tag-suomi","14":"tag-televisiot","15":"tag-tv","16":"tag-viihde"},"share_on_mastodon":{"url":"","error":""},"_links":{"self":[{"href":"https:\/\/www.europesays.com\/fi\/wp-json\/wp\/v2\/posts\/9940","targetHints":{"allow":["GET"]}}],"collection":[{"href":"https:\/\/www.europesays.com\/fi\/wp-json\/wp\/v2\/posts"}],"about":[{"href":"https:\/\/www.europesays.com\/fi\/wp-json\/wp\/v2\/types\/post"}],"author":[{"embeddable":true,"href":"https:\/\/www.europesays.com\/fi\/wp-json\/wp\/v2\/users\/2"}],"replies":[{"embeddable":true,"href":"https:\/\/www.europesays.com\/fi\/wp-json\/wp\/v2\/comments?post=9940"}],"version-history":[{"count":0,"href":"https:\/\/www.europesays.com\/fi\/wp-json\/wp\/v2\/posts\/9940\/revisions"}],"wp:featuredmedia":[{"embeddable":true,"href":"https:\/\/www.europesays.com\/fi\/wp-json\/wp\/v2\/media\/9941"}],"wp:attachment":[{"href":"https:\/\/www.europesays.com\/fi\/wp-json\/wp\/v2\/media?parent=9940"}],"wp:term":[{"taxonomy":"category","embeddable":true,"href":"https:\/\/www.europesays.com\/fi\/wp-json\/wp\/v2\/categories?post=9940"},{"taxonomy":"post_tag","embeddable":true,"href":"https:\/\/www.europesays.com\/fi\/wp-json\/wp\/v2\/tags?post=9940"}],"curies":[{"name":"wp","href":"https:\/\/api.w.org\/{rel}","templated":true}]}}